{"id":1002,"date":"2019-02-28T15:39:35","date_gmt":"2019-02-28T15:39:35","guid":{"rendered":"https:\/\/www.starsworldproduction.com\/?p=1002"},"modified":"2019-02-28T15:39:35","modified_gmt":"2019-02-28T15:39:35","slug":"vina-del-mar-2019-bad-bunny-prepara-show-con-una-colaboracion-sorpresa","status":"publish","type":"post","link":"https:\/\/starsworldproduction.com\/web\/2019\/02\/28\/vina-del-mar-2019-bad-bunny-prepara-show-con-una-colaboracion-sorpresa\/","title":{"rendered":"Vi\u00f1a del Mar 2019: Bad Bunny prepara show con una colaboraci\u00f3n sorpresa"},"content":{"rendered":"<p id=\"p609510-m67-66-68\" class=\"parrafo first-parrafo\" style=\"text-align: justify;\">El\u00a0<b>Festival de Vi\u00f1a del Mar 2019<\/b>\u00a0empiezo este Domingo y\u00a0<b>Bad Bunny<\/b>\u00a0ser\u00e1 uno de los invitados principales. Adem\u00e1s ser\u00e1 la primera vez que el cantante de trap se suba al imponente escenario de la Quinta Vergara.<\/p>\n<p id=\"p609510-m77-1-78\" class=\"parrafo first-parrafo\" style=\"text-align: justify;\">Cabe destacar el int\u00e9rprete de \u00abEstamos bien\u00bb y \u00abAmorfoda\u00bb subir\u00e1 al escenario en la jornada de cierre, el Viernes 1 de Marzo, en la misma noche que se presentar\u00e1\u00a0<b>Becky G<\/b>\u00a0y el comediante Bonco Qui\u00f1ongo.<\/p>\n<p id=\"p609510-m87-3-88\" class=\"parrafo first-parrafo\" style=\"text-align: justify;\">Para esta presentaci\u00f3n,\u00a0<b>Bad Bunny<\/b>\u00a0no estar\u00e1 solo, sino que se confirm\u00f3 a su primer invitado especial. Seg\u00fan reporta el diario El Caribe de Rep\u00fablica Dominicana, el cantante Emanuel Herrera Batista, m\u00e1s conocido como &#8216;El Alfa&#8217; lo acompa\u00f1ar\u00e1 en el escenario.<\/p>\n<blockquote class=\"instagram-media\" style=\"background: #FFF; border: 0; border-radius: 3px; box-shadow: 0 0 1px 0 rgba(0,0,0,0.5),0 1px 10px 0 rgba(0,0,0,0.15); margin: 1px; max-width: 540px; min-width: 326px; padding: 0; width: calc(100% - 2px);\" data-instgrm-captioned=\"\" data-instgrm-permalink=\"https:\/\/www.instagram.com\/p\/BteKEEuBNvE\/?utm_source=ig_embed&amp;utm_medium=loading\" data-instgrm-version=\"12\">\n<div style=\"padding: 16px;\">\n<p>&nbsp;<\/p>\n<div style=\"display: flex; flex-direction: row; align-items: center;\">\n<div style=\"background-color: #f4f4f4; border-radius: 50%; flex-grow: 0; height: 40px; margin-right: 14px; width: 40px;\"><\/div>\n<div style=\"display: flex; flex-direction: column; flex-grow: 1; justify-content: center;\">\n<div style=\"background-color: #f4f4f4; border-radius: 4px; flex-grow: 0; height: 14px; margin-bottom: 6px; width: 100px;\"><\/div>\n<div style=\"background-color: #f4f4f4; border-radius: 4px; flex-grow: 0; height: 14px; width: 60px;\"><\/div>\n<\/div>\n<\/div>\n<div style=\"padding: 19% 0;\"><\/div>\n<div style=\"display: block; height: 50px; margin: 0 auto 12px; width: 50px;\"><\/div>\n<div style=\"padding-top: 8px;\">\n<div style=\"color: #3897f0; font-family: Arial,sans-serif; font-size: 14px; font-style: normal; font-weight: 550; line-height: 18px;\">Ver esta publicaci\u00f3n en Instagram<\/div>\n<\/div>\n<div style=\"padding: 12.5% 0;\"><\/div>\n<div style=\"display: flex; flex-direction: row; margin-bottom: 14px; align-items: center;\">\n<div>\n<div style=\"background-color: #f4f4f4; border-radius: 50%; height: 12.5px; width: 12.5px; transform: translateX(0px) translateY(7px);\"><\/div>\n<div style=\"background-color: #f4f4f4; height: 12.5px; transform: rotate(-45deg) translateX(3px) translateY(1px); width: 12.5px; flex-grow: 0; margin-right: 14px; margin-left: 2px;\"><\/div>\n<div style=\"background-color: #f4f4f4; border-radius: 50%; height: 12.5px; width: 12.5px; transform: translateX(9px) translateY(-18px);\"><\/div>\n<\/div>\n<div style=\"margin-left: 8px;\">\n<div style=\"background-color: #f4f4f4; border-radius: 50%; flex-grow: 0; height: 20px; width: 20px;\"><\/div>\n<div style=\"width: 0; height: 0; border-top: 2px solid transparent; border-left: 6px solid #f4f4f4; border-bottom: 2px solid transparent; transform: translateX(16px) translateY(-4px) rotate(30deg);\"><\/div>\n<\/div>\n<div style=\"margin-left: auto;\">\n<div style=\"width: 0px; border-top: 8px solid #F4F4F4; border-right: 8px solid transparent; transform: translateY(16px);\"><\/div>\n<div style=\"background-color: #f4f4f4; flex-grow: 0; height: 12px; width: 16px; transform: translateY(-4px);\"><\/div>\n<div style=\"width: 0; height: 0; border-top: 8px solid #F4F4F4; border-left: 8px solid transparent; transform: translateY(-4px) translateX(8px);\"><\/div>\n<\/div>\n<\/div>\n<p>&nbsp;<\/p>\n<p style=\"margin: 8px 0 0 0; padding: 0 4px;\"><a style=\"color: #000; font-family: Arial,sans-serif; font-size: 14px; font-style: normal; font-weight: normal; line-height: 17px; text-decoration: none; word-wrap: break-word;\" href=\"https:\/\/www.instagram.com\/p\/BteKEEuBNvE\/?utm_source=ig_embed&amp;utm_medium=loading\" target=\"_blank\" rel=\"noopener\">Yo SoLaMeNtE SoY FeLiiiiiZzZ\ud83c\udfb6<\/a><\/p>\n<p style=\"color: #c9c8cd; font-family: Arial,sans-serif; font-size: 14px; line-height: 17px; margin-bottom: 0; margin-top: 8px; overflow: hidden; padding: 8px 0 7px; text-align: center; text-overflow: ellipsis; white-space: nowrap;\">Una publicaci\u00f3n compartida de <a style=\"color: #c9c8cd; font-family: Arial,sans-serif; font-size: 14px; font-style: normal; font-weight: normal; line-height: 17px;\" href=\"https:\/\/www.instagram.com\/badbunnypr\/?utm_source=ig_embed&amp;utm_medium=loading\" target=\"_blank\" rel=\"noopener\"> BAD | BUNNY<\/a> (@badbunnypr) el <time style=\"font-family: Arial,sans-serif; font-size: 14px; line-height: 17px;\" datetime=\"2019-02-04T19:14:08+00:00\">4 Feb, 2019 a las 11:14 PST<\/time><\/p>\n<\/div>\n<\/blockquote>\n<p><script async src=\"\/\/www.instagram.com\/embed.js\"><\/script><\/p>\n<p id=\"p609510-m92-4-93\" class=\"parrafo first-parrafo\" style=\"text-align: justify;\">\u00abTe tengo una exclusiva &#8216;Pach\u00e1&#8217;. Estar\u00e9 con\u00a0<b>Bad Bunny\u00a0<\/b>en\u00a0<b>Vi\u00f1a del Mar<\/b>. Eso es una exclusiva, eso no lo sab\u00eda nadie\u00bb, declar\u00f3 &#8216;El Alfa&#8217; en el programa dominicano \u00abP\u00e9gate y gana con el Pach\u00e1\u00bb.Cabe se\u00f1alar que el m\u00fasico &#8216;El Alfa&#8217; fue invitado a participar del \u00faltimo disco de\u00a0<b>Bad Bunny\u00a0<\/b>llamado \u00abX 100PRE\u00bb (2018), con quien interpret\u00f3 a d\u00fao la canci\u00f3n \u00abLa Romana\u00bb.<\/p>\n<p><iframe loading=\"lazy\" src=\"https:\/\/www.youtube.com\/embed\/cL3ypGWhcOQ\" width=\"560\" height=\"315\" frameborder=\"0\" allowfullscreen=\"allowfullscreen\"><\/iframe><\/p>\n<p>&nbsp;<\/p>\n<h6>Fuente. El Comercio<\/h6>\n","protected":false},"excerpt":{"rendered":"<p>El\u00a0Festival de Vi\u00f1a del Mar 2019\u00a0empiezo este Domingo y\u00a0Bad Bunny\u00a0ser\u00e1 uno de los invitados principales. Adem\u00e1s ser\u00e1 la primera vez que el cantante de trap se suba al imponente escenario de la Quinta Vergara. Cabe destacar el int\u00e9rprete de \u00abEstamos bien\u00bb y \u00abAmorfoda\u00bb subir\u00e1 al escenario en la jornada de cierre, el Viernes 1 de [&hellip;]<\/p>\n","protected":false},"author":1,"featured_media":1003,"comment_status":"open","ping_status":"open","sticky":false,"template":"","format":"standard","meta":{"footnotes":""},"categories":[121],"tags":[423,679,964,1072,1190,1403,1409,1784,2481,2495,2607,2744,2817,3051,3777,3794,4202,4212,5304,5553,5604,6020,6031,6083,6427,7425,7529,7848],"class_list":["post-1002","post","type-post","status-publish","format-standard","has-post-thumbnail","category-noticias-musicales","tag-acompanara-en-el-escenario","tag-amorfoda","tag-bad-bunny","tag-becky-g","tag-bonco-quinongo","tag-cantante","tag-cantante-de-trap","tag-comediante","tag-el-alfa","tag-el-caribe","tag-emanuel-herrera-batista","tag-escenario","tag-estamos-bien","tag-festival-de-vina-del-mar-2019","tag-interprete","tag-invitados-principales","tag-la-quinta-vergara","tag-la-romana","tag-no-estara-solo","tag-ornada-de-cierre","tag-pacha","tag-primer-invitado-especial","tag-primera-vez","tag-programa-dominicano","tag-republica-dominicana","tag-trap","tag-ultimo-disco","tag-x-100pre"],"_links":{"self":[{"href":"https:\/\/starsworldproduction.com\/web\/wp-json\/wp\/v2\/posts\/1002","targetHints":{"allow":["GET"]}}],"collection":[{"href":"https:\/\/starsworldproduction.com\/web\/wp-json\/wp\/v2\/posts"}],"about":[{"href":"https:\/\/starsworldproduction.com\/web\/wp-json\/wp\/v2\/types\/post"}],"author":[{"embeddable":true,"href":"https:\/\/starsworldproduction.com\/web\/wp-json\/wp\/v2\/users\/1"}],"replies":[{"embeddable":true,"href":"https:\/\/starsworldproduction.com\/web\/wp-json\/wp\/v2\/comments?post=1002"}],"version-history":[{"count":0,"href":"https:\/\/starsworldproduction.com\/web\/wp-json\/wp\/v2\/posts\/1002\/revisions"}],"wp:featuredmedia":[{"embeddable":true,"href":"https:\/\/starsworldproduction.com\/web\/wp-json\/wp\/v2\/media\/1003"}],"wp:attachment":[{"href":"https:\/\/starsworldproduction.com\/web\/wp-json\/wp\/v2\/media?parent=1002"}],"wp:term":[{"taxonomy":"category","embeddable":true,"href":"https:\/\/starsworldproduction.com\/web\/wp-json\/wp\/v2\/categories?post=1002"},{"taxonomy":"post_tag","embeddable":true,"href":"https:\/\/starsworldproduction.com\/web\/wp-json\/wp\/v2\/tags?post=1002"}],"curies":[{"name":"wp","href":"https:\/\/api.w.org\/{rel}","templated":true}]}}