{"id":1006,"date":"2019-03-01T14:41:48","date_gmt":"2019-03-01T14:41:48","guid":{"rendered":"https:\/\/www.starsworldproduction.com\/?p=1006"},"modified":"2019-03-01T14:41:48","modified_gmt":"2019-03-01T14:41:48","slug":"asi-fue-la-sorprendente-presentacion-de-joan-manuel-serrat-en-nueva-york","status":"publish","type":"post","link":"https:\/\/starsworldproduction.com\/web\/2019\/03\/01\/asi-fue-la-sorprendente-presentacion-de-joan-manuel-serrat-en-nueva-york\/","title":{"rendered":"As\u00ed fue la sorprendente presentaci\u00f3n de Joan Manuel Serrat en Nueva York"},"content":{"rendered":"<p style=\"text-align: justify;\"><span style=\"font-family: lato, 'helvetica neue', helvetica, arial, sans-serif;\">El legendario cantautor espa\u00f1ol Joan Manuel Serrat, se present\u00f3 con su tour <\/span><strong>\u201cMediterr\u00e1neo Da Capo\u201d<\/strong><span style=\"font-family: lato, 'helvetica neue', helvetica, arial, sans-serif;\"> el d\u00eda de\u00a0ayer Jueves 28 de Febrero en el Beacon Theatre de Nueva York.<\/span><\/p>\n<blockquote class=\"instagram-media\" style=\"background: #FFF; border: 0; border-radius: 3px; box-shadow: 0 0 1px 0 rgba(0,0,0,0.5),0 1px 10px 0 rgba(0,0,0,0.15); margin: 1px; max-width: 540px; min-width: 326px; padding: 0; width: calc(100% - 2px);\" data-instgrm-captioned=\"\" data-instgrm-permalink=\"https:\/\/www.instagram.com\/p\/BucgXluBEZb\/?utm_source=ig_embed&amp;utm_medium=loading\" data-instgrm-version=\"12\">\n<div style=\"padding: 16px;\"><a style=\"background: #FFFFFF; line-height: 0; padding: 0 0; text-align: center; text-decoration: none; width: 100%;\" href=\"https:\/\/www.instagram.com\/p\/BucgXluBEZb\/?utm_source=ig_embed&amp;utm_medium=loading\" target=\"_blank\"><br \/>\n<\/a><\/p>\n<div style=\"display: flex; flex-direction: row; align-items: center;\"><\/div>\n<div style=\"padding: 19% 0;\"><\/div>\n<div style=\"display: block; height: 50px; margin: 0 auto 12px; width: 50px;\"><\/div>\n<div style=\"padding-top: 8px;\">\n<div style=\"color: #3897f0; font-family: Arial,sans-serif; font-size: 14px; font-style: normal; font-weight: 550; line-height: 18px;\">Ver esta publicaci\u00f3n en Instagram<\/div>\n<\/div>\n<p style=\"margin: 8px 0 0 0; padding: 0 4px;\"><a style=\"color: #000; font-family: Arial,sans-serif; font-size: 14px; font-style: normal; font-weight: normal; line-height: 17px; text-decoration: none; word-wrap: break-word;\" href=\"https:\/\/www.instagram.com\/p\/BucgXluBEZb\/?utm_source=ig_embed&amp;utm_medium=loading\" target=\"_blank\">Guess who got upgraded to orchestra? #joanmanuelserrat #nyc #\ud83c\uddfa\ud83c\uddf8<\/a><\/p>\n<p style=\"color: #c9c8cd; font-family: Arial,sans-serif; font-size: 14px; line-height: 17px; margin-bottom: 0; margin-top: 8px; overflow: hidden; padding: 8px 0 7px; text-align: center; text-overflow: ellipsis; white-space: nowrap;\">Una publicaci\u00f3n compartida de <a style=\"color: #c9c8cd; font-family: Arial,sans-serif; font-size: 14px; font-style: normal; font-weight: normal; line-height: 17px;\" href=\"https:\/\/www.instagram.com\/mllejacquesnoel\/?utm_source=ig_embed&amp;utm_medium=loading\" target=\"_blank\"> Jacques No\u00ebl Manuel<\/a> (@mllejacquesnoel) el <time style=\"font-family: Arial,sans-serif; font-size: 14px; line-height: 17px;\" datetime=\"2019-03-01T00:21:57+00:00\">28 Feb, 2019 a las 4:21 PST<\/time><\/p>\n<\/div>\n<\/blockquote>\n<p style=\"text-align: justify;\"><script src=\"\/\/www.instagram.com\/embed.js\" async=\"\"><\/script><br \/>\n <span style=\"font-family: lato, 'helvetica neue', helvetica, arial, sans-serif;\"><span style=\"font-family: lato, 'helvetica neue', helvetica, arial, sans-serif;\">Sin duda\u00a0fue una presentaci\u00f3n magistral donde t\u00fa no pod\u00edas\u00a0faltar. Cabe destacar que que el quiso\u00a0<\/span><\/span><span style=\"font-family: lato, 'helvetica neue', helvetica, arial, sans-serif;\">revivir sus \u00e9xitos y regresar a los or\u00edgenes de su m\u00fasica con canciones que conformaron su m\u00e1s reconocido \u00e1lbum, Mediterr\u00e1neo, celebrando as\u00ed 48 a\u00f1os desde su publicaci\u00f3n.<\/span><\/p>\n<p>\u201cHemos titulado al concierto Mediterr\u00e1neo Da Capo. Da Capo es un t\u00e9rmino musical de origen italiano que quiere decir &#8216;ir de vuelta al principio&#8217;, o bien, &#8216;empezar de nuevo&#8217;. Esta es la pretensi\u00f3n que tiene este concierto, repasar de principio a fin las 10 canciones que conformaron el disco Mediterr\u00e1neo\u201d, dijo Serrat.<\/p>\n<p>El cantante mencion\u00f3 que decidi\u00f3 hacer este concierto porque no quer\u00eda esperar m\u00e1s tiempo por celebrar la alegr\u00eda de compartir las canciones que consolidaron su relaci\u00f3n con el p\u00fablico, la m\u00fasica y la vida.<\/p>\n<blockquote class=\"instagram-media\" style=\"background: #FFF; border: 0; border-radius: 3px; box-shadow: 0 0 1px 0 rgba(0,0,0,0.5),0 1px 10px 0 rgba(0,0,0,0.15); margin: 1px; max-width: 540px; min-width: 326px; padding: 0; width: calc(100% - 2px);\" data-instgrm-captioned=\"\" data-instgrm-permalink=\"https:\/\/www.instagram.com\/p\/BudEiAHBRs-\/?utm_source=ig_embed&amp;utm_medium=loading\" data-instgrm-version=\"12\">\n<div style=\"padding: 16px;\"><a style=\"background: #FFFFFF; line-height: 0; padding: 0 0; text-align: center; text-decoration: none; width: 100%;\" href=\"https:\/\/www.instagram.com\/p\/BudEiAHBRs-\/?utm_source=ig_embed&amp;utm_medium=loading\" target=\"_blank\"><br \/>\n <\/a><\/p>\n<div style=\"display: flex; flex-direction: row; align-items: center;\"><\/div>\n<div style=\"padding: 19% 0;\"><\/div>\n<div style=\"display: block; height: 50px; margin: 0 auto 12px; width: 50px;\"><\/div>\n<div style=\"padding-top: 8px;\">\n<div style=\"color: #3897f0; font-family: Arial,sans-serif; font-size: 14px; font-style: normal; font-weight: 550; line-height: 18px;\">Ver esta publicaci\u00f3n en Instagram<\/div>\n<\/div>\n<p><a style=\"color: #000; font-family: Arial,sans-serif; font-size: 14px; font-style: normal; font-weight: normal; line-height: 17px; text-decoration: none; word-wrap: break-word;\" href=\"https:\/\/www.instagram.com\/p\/BudEiAHBRs-\/?utm_source=ig_embed&amp;utm_medium=loading\" target=\"_blank\">Cuaderno de bit\u00e1cora. Fecha estelar 190228. Poeta en Nueva York. Para ser m\u00e1s exactos, en el Beacon Theatre #joanmanuelserrat #mediterraneodacapo #beacontheatre #beacontheatrenyc #newyork #usa<\/a><\/p>\n<p>Una publicaci\u00f3n compartida de <a style=\"color: #c9c8cd; font-family: Arial,sans-serif; font-size: 14px; font-style: normal; font-weight: normal; line-height: 17px;\" href=\"https:\/\/www.instagram.com\/jmrosillo\/?utm_source=ig_embed&amp;utm_medium=loading\" target=\"_blank\"> Jose M Rosillo<\/a> (@jmrosillo) el <time style=\"font-family: Arial,sans-serif; font-size: 14px; line-height: 17px;\" datetime=\"2019-03-01T05:37:57+00:00\">28 Feb, 2019 a las 9:37 PST<\/time>\n<\/div>\n<\/blockquote>\n<p><script src=\"\/\/www.instagram.com\/embed.js\" async=\"\"><\/script><\/p>\n<p style=\"text-align: justify;\">\u201cEs probable que alguno piense que 48 a\u00f1os no es una fecha conmemorativa que hubiera sido mejor esperar a los 50, que s\u00ed lo es, pero saben no tengo el cuerpo para esperar hasta el 50.Y por lo tanto bas\u00e1ndome en la fragilidad de la vida, yo he preferido celebrarlo por anticipado\u201d, coment\u00f3 el cantante debido a que en los \u00faltimos a\u00f1os ha estado delicado de salud por lo que se ha visto en la necesidad de cancelar algunas presentaciones.<\/p>\n<p style=\"text-align: justify;\"><span style=\"font-family: lato, 'helvetica neue', helvetica, arial, sans-serif;\">De esta manera, Serrat inici\u00f3 su concierto con la canci\u00f3n hom\u00f3nima del \u00e1lbum, seguida de las canciones que conformaron el disco producido por Gian Piero Reverberi y Juan Carlos Calder\u00f3n: <a href=\"https:\/\/youtu.be\/rEMlD8EpfAs\" target=\"_blank\" data-cke-saved-href=\"https:\/\/youtu.be\/rEMlD8EpfAs\">\u201cQue va a ser de ti\u201d<\/a>, <a href=\"https:\/\/youtu.be\/Lj0ymbmtX9U\" target=\"_blank\" data-cke-saved-href=\"https:\/\/youtu.be\/Lj0ymbmtX9U\">\u201cVagabundear\u201d<\/a>, <a href=\"https:\/\/youtu.be\/jHW6j3fT6aA\" target=\"_blank\" data-cke-saved-href=\"https:\/\/youtu.be\/jHW6j3fT6aA\">\u201cBarquito de papel\u201d<\/a>, <a href=\"https:\/\/youtu.be\/TQC0B9uhDjU\" target=\"_blank\" data-cke-saved-href=\"https:\/\/youtu.be\/TQC0B9uhDjU\">\u201cPueblo blanco\u201d<\/a>, <a href=\"https:\/\/youtu.be\/5M70WNnTPJo\" target=\"_blank\" data-cke-saved-href=\"https:\/\/youtu.be\/5M70WNnTPJo\">\u201cT\u00edo Alberto\u201d<\/a>, <a href=\"https:\/\/youtu.be\/vNT2Xq0jKo8\" target=\"_blank\" data-cke-saved-href=\"https:\/\/youtu.be\/vNT2Xq0jKo8\">\u201cLa mujer que quiero\u201d<\/a>, entre muchos \u00e9xitos.<\/span><\/p>\n<p style=\"text-align: justify;\">\u201cMis ganas de complacerles son infinitas, pero mis posibilidades son limitadas. Como sucede en cualquier viaje uno siempre debe de llegar al final y este barco ha llegado a la borda. Gracias por su compa\u00f1\u00eda, hemos querido hacer un viaje sencillo, sin prisas; en compa\u00f1\u00eda de gente como Jaime Sabines y el propio Cervantes. Ojal\u00e1 la traves\u00eda les haya llevado a peque\u00f1as emociones\u201d.<\/p>\n<p style=\"text-align: justify;\">Joan Manuel Serrat continuar\u00e1 con esta gira en Costa Rica, Honduras y terminar\u00e1 en Colombia el pr\u00f3ximo mes.<\/p>\n<p style=\"text-align: justify;\">\n<h6 style=\"text-align: justify;\">Fuente. El Universal<\/h6>\n","protected":false},"excerpt":{"rendered":"<p>El legendario cantautor espa\u00f1ol Joan Manuel Serrat, se present\u00f3 con su tour \u201cMediterr\u00e1neo Da Capo\u201d el d\u00eda de\u00a0ayer Jueves 28 de Febrero en el Beacon Theatre de Nueva York. Ver esta publicaci\u00f3n en Instagram Guess who got upgraded to orchestra? #joanmanuelserrat #nyc #\ud83c\uddfa\ud83c\uddf8 Una publicaci\u00f3n compartida de Jacques No\u00ebl Manuel (@mllejacquesnoel) el 28 Feb, 2019 [&hellip;]<\/p>\n","protected":false},"author":1,"featured_media":1007,"comment_status":"open","ping_status":"open","sticky":false,"template":"","format":"standard","meta":{"footnotes":""},"categories":[119],"tags":[432,543,831,1045,1062,1185,1385,1403,1824,1855,2746,3909,4187,4600,4830,4831,5096,5141,5167,5417,5548,5739,5760,5842,5935,6157,6190,6310,7027,7321,7610],"class_list":["post-1006","post","type-post","status-publish","format-standard","has-post-thumbnail","category-notas-de-prensa","tag-actor","tag-albumes","tag-artista","tag-barquito-de-papel","tag-beacon-theatre-de-nueva-york","tag-boletos","tag-canciones","tag-cantante","tag-compositor","tag-concierto","tag-escenarios","tag-joan-manuel-serrat","tag-la-mujer-que-yo-quiero","tag-luz-carime-anchique","tag-medios-de-prensa","tag-mediterraneo-da-capo","tag-muchos-exitos","tag-musica","tag-musico-catalan","tag-nueva-york","tag-origenes-de-su-musica","tag-pequenas-cosas","tag-persona-del-ano","tag-poeta","tag-premio-grammy-latino","tag-pueblo-blanco","tag-que-va-a-ser-de-ti","tag-reconocimientos-internacionales","tag-stars-world-production","tag-tio-alberto","tag-vagabundear"],"_links":{"self":[{"href":"https:\/\/starsworldproduction.com\/web\/wp-json\/wp\/v2\/posts\/1006","targetHints":{"allow":["GET"]}}],"collection":[{"href":"https:\/\/starsworldproduction.com\/web\/wp-json\/wp\/v2\/posts"}],"about":[{"href":"https:\/\/starsworldproduction.com\/web\/wp-json\/wp\/v2\/types\/post"}],"author":[{"embeddable":true,"href":"https:\/\/starsworldproduction.com\/web\/wp-json\/wp\/v2\/users\/1"}],"replies":[{"embeddable":true,"href":"https:\/\/starsworldproduction.com\/web\/wp-json\/wp\/v2\/comments?post=1006"}],"version-history":[{"count":0,"href":"https:\/\/starsworldproduction.com\/web\/wp-json\/wp\/v2\/posts\/1006\/revisions"}],"wp:featuredmedia":[{"embeddable":true,"href":"https:\/\/starsworldproduction.com\/web\/wp-json\/wp\/v2\/media\/1007"}],"wp:attachment":[{"href":"https:\/\/starsworldproduction.com\/web\/wp-json\/wp\/v2\/media?parent=1006"}],"wp:term":[{"taxonomy":"category","embeddable":true,"href":"https:\/\/starsworldproduction.com\/web\/wp-json\/wp\/v2\/categories?post=1006"},{"taxonomy":"post_tag","embeddable":true,"href":"https:\/\/starsworldproduction.com\/web\/wp-json\/wp\/v2\/tags?post=1006"}],"curies":[{"name":"wp","href":"https:\/\/api.w.org\/{rel}","templated":true}]}}