{"id":1045,"date":"2019-03-05T13:16:16","date_gmt":"2019-03-05T13:16:16","guid":{"rendered":"https:\/\/www.starsworldproduction.com\/?p=1045"},"modified":"2019-03-05T13:16:16","modified_gmt":"2019-03-05T13:16:16","slug":"luisa-fernanda-w-esta-enemistada-con-la-familia-de-legarda","status":"publish","type":"post","link":"https:\/\/starsworldproduction.com\/web\/2019\/03\/05\/luisa-fernanda-w-esta-enemistada-con-la-familia-de-legarda\/","title":{"rendered":"\u00bfLuisa Fernanda W est\u00e1 enemistada con la familia de Legarda?"},"content":{"rendered":"<div id=\"video-int-txt-0\" class=\"post-content text-block clearfix post-content--groupedn-txt \" data-hook=\"scrollable-block\">\n<section data-textblock-tracking=\"text-block-video-text\" data-swiftype-index=\"false\">\n<p style=\"text-align: justify;\">Rumores sobre un distanciamiento y enemistad han estado rodeando a\u00a0<strong>Luisa Fernanda W<\/strong>\u00a0y la familia de fallecido novio\u00a0<strong>Legarda<\/strong>.<\/p>\n<p style=\"text-align: justify;\">Cuando han pasado varios d\u00edas desde el lamentable asesinato del colombiano, las redes se han invadido con la teor\u00eda. De hecho, parece haber tomado tanta fuerza que la propia\u00a0<strong>Luisa Fernanda W<\/strong>\u00a0tuvo que aclararlo en sus redes sociales.<\/p>\n<p style=\"text-align: justify;\">Mira el video con la respuesta de la influencer a la pol\u00e9mica.<\/p>\n<\/section>\n<\/div>\n<div id=\"text-1\" class=\"post-content text-block clearfix post-content--groupedn-txt \" style=\"text-align: justify;\" data-hook=\"scrollable-block\">\n<section data-textblock-tracking=\"text-block-text-only\" data-swiftype-index=\"false\">\n<p style=\"text-align: justify;\">Hace pocos d\u00edas,\u00a0<strong>Luisa Fernanda<\/strong>\u00a0mostr\u00f3 un gran cambi\u00f3 que tom\u00f3 luego del fat\u00eddico suceso.<\/p>\n<\/section>\n<\/div>\n<div class=\"athena__wrapper column cols--md-s\" style=\"text-align: justify;\" data-hook=\"scrollable-block\">\n<div id=\"mps-athena1-sst-1\" class=\"mps-ad mps-centered\" data-slot=\"athena1\" data-render-ad=\"onload\" data-repeatable=\"true\">\n<div id=\"mps-getad-athena1\" class=\"mps-wrapper\" data-mps-fill-slot=\"mps-getad-athena1\"><\/div>\n<\/div>\n<\/div>\n<div id=\"text-2\" class=\"post-content text-block clearfix post-content--groupedn-txt \" data-hook=\"scrollable-block\">\n<section data-textblock-tracking=\"text-block-text-only\" data-swiftype-index=\"false\">\n<p style=\"text-align: justify;\">Decidi\u00f3 mudarse del departamento que compart\u00edan.<\/p>\n<div id=\"text-4\" class=\"post-content text-block clearfix post-content--groupedn-txt \" style=\"text-align: justify;\" data-hook=\"scrollable-block\">\n<section data-textblock-tracking=\"text-block-text-only\" data-swiftype-index=\"false\">\u00abComo les hab\u00eda contado, no ten\u00eda pensado mudarme de apartamento, pero resulta que Dios me manda como un regalo y me dice: &#8216;Lu, t\u00fa no te puedes quedar sola, te tengo un apartamento al lado de la casa de tu mejor amiga'\u00bb, dijo en Instagram.\u00bbO sea, son cosas extra\u00f1as que pasan y uno no entiende c\u00f3mo pasan\u00bb, asegur\u00f3. Dijo estar \u00abs\u00faper feliz\u00bb y que el nuevo lugar era \u00abs\u00faper c\u00f3modo\u00bb.&nbsp;<\/p>\n<\/section>\n<\/div>\n<div id=\"text-5\" class=\"post-content text-block clearfix post-content--groupedn-txt \" style=\"text-align: justify;\" data-hook=\"scrollable-block\">\n<section data-textblock-tracking=\"text-block-text-only\" data-swiftype-index=\"false\">En una entrevista que ofreci\u00f3 recientemente con el programa\u00a0<em>La Red<\/em>\u00a0(<em>Caracol<\/em>), cont\u00f3 detalles del fat\u00eddico 7 de Febrero, d\u00eda en el que asesinaron a\u00a0<strong>Legarda<\/strong>: \u00abEse d\u00eda me hizo una arepita y unos huevitos, era experto para hacer huevos. \u00c9l ten\u00eda que ir a reclamar la c\u00e9dula, que le hab\u00edan robado hace unos d\u00edas, pero yo le dije que no fuera porque ten\u00edamos que grabar un vide. \u00c9l no quiso y al final fue\u00bb.Narr\u00f3 que m\u00e1s tarde \u00abme llama la mam\u00e1 a decirme la noticia. Yo entr\u00e9 en un shock, no lo pod\u00eda creer, lo primero que pregunt\u00e9 es que, si estaba vivo, me dijeron que s\u00ed\u00bb.<\/section>\n<\/div>\n<\/section>\n<\/div>\n<p>&nbsp;<\/p>\n<blockquote class=\"instagram-media\" style=\"background: #FFF; border: 0; border-radius: 3px; box-shadow: 0 0 1px 0 rgba(0,0,0,0.5),0 1px 10px 0 rgba(0,0,0,0.15); margin: 1px; max-width: 540px; min-width: 326px; padding: 0; width: calc(100% - 2px);\" data-instgrm-captioned=\"\" data-instgrm-permalink=\"https:\/\/www.instagram.com\/p\/BuFmCcRnEX-\/?utm_source=ig_embed&amp;utm_medium=loading\" data-instgrm-version=\"12\">\n<div style=\"padding: 16px;\">\n<p>&nbsp;<\/p>\n<div style=\"display: flex; flex-direction: row; align-items: center;\">\n<div style=\"background-color: #f4f4f4; border-radius: 50%; flex-grow: 0; height: 40px; margin-right: 14px; width: 40px;\"><\/div>\n<div style=\"display: flex; flex-direction: column; flex-grow: 1; justify-content: center;\">\n<div style=\"background-color: #f4f4f4; border-radius: 4px; flex-grow: 0; height: 14px; margin-bottom: 6px; width: 100px;\"><\/div>\n<div style=\"background-color: #f4f4f4; border-radius: 4px; flex-grow: 0; height: 14px; width: 60px;\"><\/div>\n<\/div>\n<\/div>\n<div style=\"padding: 19% 0;\"><\/div>\n<div style=\"display: block; height: 50px; margin: 0 auto 12px; width: 50px;\"><\/div>\n<div style=\"padding-top: 8px;\">\n<div style=\"color: #3897f0; font-family: Arial,sans-serif; font-size: 14px; font-style: normal; font-weight: 550; line-height: 18px;\">Ver esta publicaci\u00f3n en Instagram<\/div>\n<\/div>\n<div style=\"padding: 12.5% 0;\"><\/div>\n<div style=\"display: flex; flex-direction: row; margin-bottom: 14px; align-items: center;\">\n<div>\n<div style=\"background-color: #f4f4f4; border-radius: 50%; height: 12.5px; width: 12.5px; transform: translateX(0px) translateY(7px);\"><\/div>\n<div style=\"background-color: #f4f4f4; height: 12.5px; transform: rotate(-45deg) translateX(3px) translateY(1px); width: 12.5px; flex-grow: 0; margin-right: 14px; margin-left: 2px;\"><\/div>\n<div style=\"background-color: #f4f4f4; border-radius: 50%; height: 12.5px; width: 12.5px; transform: translateX(9px) translateY(-18px);\"><\/div>\n<\/div>\n<div style=\"margin-left: 8px;\">\n<div style=\"background-color: #f4f4f4; border-radius: 50%; flex-grow: 0; height: 20px; width: 20px;\"><\/div>\n<div style=\"width: 0; height: 0; border-top: 2px solid transparent; border-left: 6px solid #f4f4f4; border-bottom: 2px solid transparent; transform: translateX(16px) translateY(-4px) rotate(30deg);\"><\/div>\n<\/div>\n<div style=\"margin-left: auto;\">\n<div style=\"width: 0px; border-top: 8px solid #F4F4F4; border-right: 8px solid transparent; transform: translateY(16px);\"><\/div>\n<div style=\"background-color: #f4f4f4; flex-grow: 0; height: 12px; width: 16px; transform: translateY(-4px);\"><\/div>\n<div style=\"width: 0; height: 0; border-top: 8px solid #F4F4F4; border-left: 8px solid transparent; transform: translateY(-4px) translateX(8px);\"><\/div>\n<\/div>\n<\/div>\n<p>&nbsp;<\/p>\n<p style=\"margin: 8px 0 0 0; padding: 0 4px;\"><a style=\"color: #000; font-family: Arial,sans-serif; font-size: 14px; font-style: normal; font-weight: normal; line-height: 17px; text-decoration: none; word-wrap: break-word;\" href=\"https:\/\/www.instagram.com\/p\/BuFmCcRnEX-\/?utm_source=ig_embed&amp;utm_medium=loading\" target=\"_blank\" rel=\"noopener\">Para los que tanto me preguntan, OBVIO que tambi\u00e9n nos hicimos un tatuaje juntos \u2764\ufe0f\u2764\ufe0f\u2764\ufe0f\u2764\ufe0f\u2764\ufe0f\u2764\ufe0f K.Q \u2764\ufe0f\u2764\ufe0f MI REY POR SIEMPRE \u2764\ufe0f<\/a><\/p>\n<p style=\"color: #c9c8cd; font-family: Arial,sans-serif; font-size: 14px; line-height: 17px; margin-bottom: 0; margin-top: 8px; overflow: hidden; padding: 8px 0 7px; text-align: center; text-overflow: ellipsis; white-space: nowrap;\">Una publicaci\u00f3n compartida de <a style=\"color: #c9c8cd; font-family: Arial,sans-serif; font-size: 14px; font-style: normal; font-weight: normal; line-height: 17px;\" href=\"https:\/\/www.instagram.com\/luisafernandaw\/?utm_source=ig_embed&amp;utm_medium=loading\" target=\"_blank\" rel=\"noopener\"> Luisa Fernanda W<\/a> (@luisafernandaw) el <time style=\"font-family: Arial,sans-serif; font-size: 14px; line-height: 17px;\" datetime=\"2019-02-20T02:48:58+00:00\">19 Feb, 2019 a las 6:48 PST<\/time><\/p>\n<\/div>\n<\/blockquote>\n<p><script async src=\"\/\/www.instagram.com\/embed.js\"><\/script><\/p>\n<p>&nbsp;<\/p>\n<div id=\"text-2\" class=\"post-content text-block clearfix post-content--groupedn-txt \" data-hook=\"scrollable-block\">\n<section data-textblock-tracking=\"text-block-text-only\" data-swiftype-index=\"false\">\n<div id=\"text-5\" class=\"post-content text-block clearfix post-content--groupedn-txt \" style=\"text-align: justify;\" data-hook=\"scrollable-block\">\n<section data-textblock-tracking=\"text-block-text-only\" data-swiftype-index=\"false\">\n<h6>Fuente. E Online<\/h6>\n<\/section>\n<\/div>\n<\/section>\n<\/div>\n","protected":false},"excerpt":{"rendered":"<p>Rumores sobre un distanciamiento y enemistad han estado rodeando a\u00a0Luisa Fernanda W\u00a0y la familia de fallecido novio\u00a0Legarda. Cuando han pasado varios d\u00edas desde el lamentable asesinato del colombiano, las redes se han invadido con la teor\u00eda. De hecho, parece haber tomado tanta fuerza que la propia\u00a0Luisa Fernanda W\u00a0tuvo que aclararlo en sus redes sociales. Mira [&hellip;]<\/p>\n","protected":false},"author":1,"featured_media":1046,"comment_status":"open","ping_status":"open","sticky":false,"template":"","format":"standard","meta":{"footnotes":""},"categories":[121],"tags":[366,803,874,1443,1542,1771,2689,2970,3577,3744,4041,4205,4253,4344,4586,4853,5098,5844,6332,7078,7081,7230,7712],"class_list":["post-1045","post","type-post","status-publish","format-standard","has-post-thumbnail","category-noticias-musicales","tag-7-de-febrero","tag-arepita","tag-asesinaron","tag-caracol","tag-cedula","tag-colombiano","tag-enemistada","tag-familia-de-legarda","tag-huevitos","tag-instagram","tag-junto-a-unos-amigos","tag-la-red","tag-lamentable-asesinato","tag-legarda","tag-luisa-fernanda-w","tag-mejor-amiga","tag-mudarse","tag-polemica","tag-redes-sociales","tag-super-comodo","tag-super-feliz","tag-teoria","tag-video"],"_links":{"self":[{"href":"https:\/\/starsworldproduction.com\/web\/wp-json\/wp\/v2\/posts\/1045","targetHints":{"allow":["GET"]}}],"collection":[{"href":"https:\/\/starsworldproduction.com\/web\/wp-json\/wp\/v2\/posts"}],"about":[{"href":"https:\/\/starsworldproduction.com\/web\/wp-json\/wp\/v2\/types\/post"}],"author":[{"embeddable":true,"href":"https:\/\/starsworldproduction.com\/web\/wp-json\/wp\/v2\/users\/1"}],"replies":[{"embeddable":true,"href":"https:\/\/starsworldproduction.com\/web\/wp-json\/wp\/v2\/comments?post=1045"}],"version-history":[{"count":0,"href":"https:\/\/starsworldproduction.com\/web\/wp-json\/wp\/v2\/posts\/1045\/revisions"}],"wp:featuredmedia":[{"embeddable":true,"href":"https:\/\/starsworldproduction.com\/web\/wp-json\/wp\/v2\/media\/1046"}],"wp:attachment":[{"href":"https:\/\/starsworldproduction.com\/web\/wp-json\/wp\/v2\/media?parent=1045"}],"wp:term":[{"taxonomy":"category","embeddable":true,"href":"https:\/\/starsworldproduction.com\/web\/wp-json\/wp\/v2\/categories?post=1045"},{"taxonomy":"post_tag","embeddable":true,"href":"https:\/\/starsworldproduction.com\/web\/wp-json\/wp\/v2\/tags?post=1045"}],"curies":[{"name":"wp","href":"https:\/\/api.w.org\/{rel}","templated":true}]}}