{"id":1077,"date":"2019-03-07T13:18:13","date_gmt":"2019-03-07T13:18:13","guid":{"rendered":"https:\/\/www.starsworldproduction.com\/?p=1077"},"modified":"2019-03-07T13:18:13","modified_gmt":"2019-03-07T13:18:13","slug":"llane-intercede-pelea-maluma-j-balvin","status":"publish","type":"post","link":"https:\/\/starssworldproduction.com\/web\/2019\/03\/07\/llane-intercede-pelea-maluma-j-balvin\/","title":{"rendered":"\u00a1Llane intercede en pelea entre Maluma y J Balvin!"},"content":{"rendered":"<div id=\"video-int-txt-0\" class=\"post-content text-block clearfix post-content--groupedn-txt \" data-hook=\"scrollable-block\">\n<section data-textblock-tracking=\"text-block-video-text\" data-swiftype-index=\"false\">\n<p style=\"text-align: justify;\">Una explosiva reuni\u00f3n se lleva actualmente en Miami y de seguro nos pondr\u00e1 a bailar.<\/p>\n<p style=\"text-align: justify;\">Los fans enloquecieron luego de que en las cuentas de\u00a0<em>Instagram<\/em>\u00a0de\u00a0<strong>J Balvin<\/strong>,\u00a0<strong>Maluma<\/strong>\u00a0y\u00a0<strong>Llanese<\/strong> dieron cuenta que estaban juntos en esa ciudad.<\/p>\n<blockquote class=\"instagram-media\" style=\"background: #FFF; border: 0; border-radius: 3px; box-shadow: 0 0 1px 0 rgba(0,0,0,0.5),0 1px 10px 0 rgba(0,0,0,0.15); margin: 1px; max-width: 540px; min-width: 326px; padding: 0; width: calc(100% - 2px);\" data-instgrm-captioned=\"\" data-instgrm-permalink=\"https:\/\/www.instagram.com\/p\/BumtnnwH54e\/?utm_source=ig_embed&amp;utm_medium=loading\" data-instgrm-version=\"12\">\n<div style=\"padding: 16px;\">\n<p>&nbsp;<\/p>\n<div style=\"display: flex; flex-direction: row; align-items: center;\">\n<div style=\"background-color: #f4f4f4; border-radius: 50%; flex-grow: 0; height: 40px; margin-right: 14px; width: 40px;\"><\/div>\n<div style=\"display: flex; flex-direction: column; flex-grow: 1; justify-content: center;\">\n<div style=\"background-color: #f4f4f4; border-radius: 4px; flex-grow: 0; height: 14px; margin-bottom: 6px; width: 100px;\"><\/div>\n<div style=\"background-color: #f4f4f4; border-radius: 4px; flex-grow: 0; height: 14px; width: 60px;\"><\/div>\n<\/div>\n<\/div>\n<div style=\"padding: 19% 0;\"><\/div>\n<div style=\"display: block; height: 50px; margin: 0 auto 12px; width: 50px;\"><\/div>\n<div style=\"padding-top: 8px;\">\n<div style=\"color: #3897f0; font-family: Arial,sans-serif; font-size: 14px; font-style: normal; font-weight: 550; line-height: 18px;\">Ver esta publicaci\u00f3n en Instagram<\/div>\n<\/div>\n<div style=\"padding: 12.5% 0;\"><\/div>\n<div style=\"display: flex; flex-direction: row; margin-bottom: 14px; align-items: center;\">\n<div>\n<div style=\"background-color: #f4f4f4; border-radius: 50%; height: 12.5px; width: 12.5px; transform: translateX(0px) translateY(7px);\"><\/div>\n<div style=\"background-color: #f4f4f4; height: 12.5px; transform: rotate(-45deg) translateX(3px) translateY(1px); width: 12.5px; flex-grow: 0; margin-right: 14px; margin-left: 2px;\"><\/div>\n<div style=\"background-color: #f4f4f4; border-radius: 50%; height: 12.5px; width: 12.5px; transform: translateX(9px) translateY(-18px);\"><\/div>\n<\/div>\n<div style=\"margin-left: 8px;\">\n<div style=\"background-color: #f4f4f4; border-radius: 50%; flex-grow: 0; height: 20px; width: 20px;\"><\/div>\n<div style=\"width: 0; height: 0; border-top: 2px solid transparent; border-left: 6px solid #f4f4f4; border-bottom: 2px solid transparent; transform: translateX(16px) translateY(-4px) rotate(30deg);\"><\/div>\n<\/div>\n<div style=\"margin-left: auto;\">\n<div style=\"width: 0px; border-top: 8px solid #F4F4F4; border-right: 8px solid transparent; transform: translateY(16px);\"><\/div>\n<div style=\"background-color: #f4f4f4; flex-grow: 0; height: 12px; width: 16px; transform: translateY(-4px);\"><\/div>\n<div style=\"width: 0; height: 0; border-top: 8px solid #F4F4F4; border-left: 8px solid transparent; transform: translateY(-4px) translateX(8px);\"><\/div>\n<\/div>\n<\/div>\n<p>&nbsp;<\/p>\n<p style=\"margin: 8px 0 0 0; padding: 0 4px;\"><a style=\"color: #000; font-family: Arial,sans-serif; font-size: 14px; font-style: normal; font-weight: normal; line-height: 17px; text-decoration: none; word-wrap: break-word;\" href=\"https:\/\/www.instagram.com\/p\/BumtnnwH54e\/?utm_source=ig_embed&amp;utm_medium=loading\" target=\"_blank\" rel=\"noopener\">Latin lover \ud83d\ude02\ud83d\ude02\ud83d\ude02\ud83d\ude02\ud83d\ude02\ud83d\ude02<\/a><\/p>\n<p style=\"color: #c9c8cd; font-family: Arial,sans-serif; font-size: 14px; line-height: 17px; margin-bottom: 0; margin-top: 8px; overflow: hidden; padding: 8px 0 7px; text-align: center; text-overflow: ellipsis; white-space: nowrap;\">Una publicaci\u00f3n compartida de <a style=\"color: #c9c8cd; font-family: Arial,sans-serif; font-size: 14px; font-style: normal; font-weight: normal; line-height: 17px;\" href=\"https:\/\/www.instagram.com\/jbalvin\/?utm_source=ig_embed&amp;utm_medium=loading\" target=\"_blank\" rel=\"noopener\"> J Balvin<\/a> (@jbalvin) el <time style=\"font-family: Arial,sans-serif; font-size: 14px; line-height: 17px;\" datetime=\"2019-03-04T23:30:08+00:00\">4 Mar, 2019 a las 3:30 PST<\/time><\/p>\n<\/div>\n<\/blockquote>\n<p><script async src=\"\/\/www.instagram.com\/embed.js\"><\/script><\/p>\n<p style=\"text-align: justify;\"><strong>Maluma<\/strong>\u00a0ha compartido fotos hot disfrutando del sol y de su entrenamiento.\u00a0<strong>J Balvin<\/strong>\u00a0mostr\u00f3 sus incre\u00edbles looks y el paradis\u00edaco lugar donde se hospedan\u00a0<strong>Llane<\/strong>\u00a0ha paseado con la playa, se uni\u00f3 a\u00a0<strong>DJ Khaled<\/strong>, disfrut\u00f3 de un juego de b\u00e1squet y nos enterneci\u00f3 con su perrito.<\/p>\n<\/section>\n<\/div>\n<div id=\"text-1\" class=\"post-content text-block clearfix post-content--groupedn-txt \" data-hook=\"scrollable-block\">\n<section data-textblock-tracking=\"text-block-text-only\" data-swiftype-index=\"false\">\n<p style=\"text-align: justify;\">Pero el mejor momento fue cuando el ex integrante de Piso 21 decidi\u00f3 poner fin a una \u00abpelea\u00bb entre sus colegas.<\/p>\n<blockquote class=\"instagram-media\" style=\"background: #FFF; border: 0; border-radius: 3px; box-shadow: 0 0 1px 0 rgba(0,0,0,0.5),0 1px 10px 0 rgba(0,0,0,0.15); margin: 1px; max-width: 540px; min-width: 326px; padding: 0; width: calc(100% - 2px);\" data-instgrm-captioned=\"\" data-instgrm-permalink=\"https:\/\/www.instagram.com\/p\/Buo9JU-HPDA\/?utm_source=ig_embed&amp;utm_medium=loading\" data-instgrm-version=\"12\">\n<div style=\"padding: 16px;\">\n<p>&nbsp;<\/p>\n<div style=\"display: flex; flex-direction: row; align-items: center;\">\n<div style=\"background-color: #f4f4f4; border-radius: 50%; flex-grow: 0; height: 40px; margin-right: 14px; width: 40px;\"><\/div>\n<div style=\"display: flex; flex-direction: column; flex-grow: 1; justify-content: center;\">\n<div style=\"background-color: #f4f4f4; border-radius: 4px; flex-grow: 0; height: 14px; margin-bottom: 6px; width: 100px;\"><\/div>\n<div style=\"background-color: #f4f4f4; border-radius: 4px; flex-grow: 0; height: 14px; width: 60px;\"><\/div>\n<\/div>\n<\/div>\n<div style=\"padding: 19% 0;\"><\/div>\n<div style=\"display: block; height: 50px; margin: 0 auto 12px; width: 50px;\"><\/div>\n<div style=\"padding-top: 8px;\">\n<div style=\"color: #3897f0; font-family: Arial,sans-serif; font-size: 14px; font-style: normal; font-weight: 550; line-height: 18px;\">Ver esta publicaci\u00f3n en Instagram<\/div>\n<\/div>\n<div style=\"padding: 12.5% 0;\"><\/div>\n<div style=\"display: flex; flex-direction: row; margin-bottom: 14px; align-items: center;\">\n<div>\n<div style=\"background-color: #f4f4f4; border-radius: 50%; height: 12.5px; width: 12.5px; transform: translateX(0px) translateY(7px);\"><\/div>\n<div style=\"background-color: #f4f4f4; height: 12.5px; transform: rotate(-45deg) translateX(3px) translateY(1px); width: 12.5px; flex-grow: 0; margin-right: 14px; margin-left: 2px;\"><\/div>\n<div style=\"background-color: #f4f4f4; border-radius: 50%; height: 12.5px; width: 12.5px; transform: translateX(9px) translateY(-18px);\"><\/div>\n<\/div>\n<div style=\"margin-left: 8px;\">\n<div style=\"background-color: #f4f4f4; border-radius: 50%; flex-grow: 0; height: 20px; width: 20px;\"><\/div>\n<div style=\"width: 0; height: 0; border-top: 2px solid transparent; border-left: 6px solid #f4f4f4; border-bottom: 2px solid transparent; transform: translateX(16px) translateY(-4px) rotate(30deg);\"><\/div>\n<\/div>\n<div style=\"margin-left: auto;\">\n<div style=\"width: 0px; border-top: 8px solid #F4F4F4; border-right: 8px solid transparent; transform: translateY(16px);\"><\/div>\n<div style=\"background-color: #f4f4f4; flex-grow: 0; height: 12px; width: 16px; transform: translateY(-4px);\"><\/div>\n<div style=\"width: 0; height: 0; border-top: 8px solid #F4F4F4; border-left: 8px solid transparent; transform: translateY(-4px) translateX(8px);\"><\/div>\n<\/div>\n<\/div>\n<p>&nbsp;<\/p>\n<p style=\"margin: 8px 0 0 0; padding: 0 4px;\"><a style=\"color: #000; font-family: Arial,sans-serif; font-size: 14px; font-style: normal; font-weight: normal; line-height: 17px; text-decoration: none; word-wrap: break-word;\" href=\"https:\/\/www.instagram.com\/p\/Buo9JU-HPDA\/?utm_source=ig_embed&amp;utm_medium=loading\" target=\"_blank\" rel=\"noopener\">\ud83d\udcff<\/a><\/p>\n<p style=\"color: #c9c8cd; font-family: Arial,sans-serif; font-size: 14px; line-height: 17px; margin-bottom: 0; margin-top: 8px; overflow: hidden; padding: 8px 0 7px; text-align: center; text-overflow: ellipsis; white-space: nowrap;\">Una publicaci\u00f3n compartida de <a style=\"color: #c9c8cd; font-family: Arial,sans-serif; font-size: 14px; font-style: normal; font-weight: normal; line-height: 17px;\" href=\"https:\/\/www.instagram.com\/maluma\/?utm_source=ig_embed&amp;utm_medium=loading\" target=\"_blank\" rel=\"noopener\"> MALUMA<\/a> (@maluma) el <time style=\"font-family: Arial,sans-serif; font-size: 14px; line-height: 17px;\" datetime=\"2019-03-05T20:24:18+00:00\">5 Mar, 2019 a las 12:24 PST<\/time><\/p>\n<\/div>\n<\/blockquote>\n<p><script async src=\"\/\/www.instagram.com\/embed.js\"><\/script><\/p>\n<\/section>\n<\/div>\n<div class=\"athena__wrapper column cols--md-s\" data-hook=\"scrollable-block\">\n<div id=\"mps-athena1-sst-1\" class=\"mps-ad mps-centered\" data-slot=\"athena1\" data-render-ad=\"onload\" data-repeatable=\"true\">\n<div id=\"mps-getad-athena1\" class=\"mps-wrapper\" style=\"text-align: justify;\" data-mps-fill-slot=\"mps-getad-athena1\"><\/div>\n<\/div>\n<\/div>\n<div id=\"text-2\" class=\"post-content text-block clearfix post-content--groupedn-txt \" data-hook=\"scrollable-block\">\n<section data-textblock-tracking=\"text-block-text-only\" data-swiftype-index=\"false\">\n<p style=\"text-align: justify;\">Hace d\u00edas,\u00a0<strong>Maluma<\/strong>\u00a0y J Balvin asomaron la posibilidad de que est\u00e9n concretando una esperada colaboraci\u00f3n entre ellos dos.<\/p>\n<p style=\"text-align: justify;\">En una imagen de ambos, el int\u00e9rprete de\u00a0<em>Mala M\u00eda<\/em>\u00a0escribi\u00f3: \u00abQue chimba un tema juntos.. no?\u00bb.<\/p>\n<p style=\"text-align: justify;\">Lo que se confirm\u00f3 luego fue la \u00ab<em>Maduma<\/em>\u00ab, es decir, la uni\u00f3n de\u00a0<strong>Maluma<\/strong>\u00a0con\u00a0<strong>Madonna<\/strong>&#8230;<\/p>\n<p style=\"text-align: justify;\">La historia de la reina del pop y el bad boy\/pretty boy comenz\u00f3 el a\u00f1o pasado cuando coincidieron en los\u00a0<em>MTV Video Music Awards<\/em>\u00a0en la ciudad de Nueva York, ceremonia en la cual\u00a0<strong>Maluma<\/strong>\u00a0debut\u00f3 en el escenario.<\/p>\n<p style=\"text-align: justify;\">Sin duda una imagen del caluroso saludo que se dieron se viraliz\u00f3, y seg\u00fan detall\u00f3 el colombiano: \u00abMe ech\u00f3 la bendici\u00f3n y me dijo que estaba listo para el pr\u00f3ximo nivel\u00bb. Pues sin duda ese siguiente nivel es una colaboraci\u00f3n con\u00a0<strong>Madonna<\/strong>.<\/p>\n<p><iframe loading=\"lazy\" src=\"https:\/\/www.youtube.com\/embed\/hq1jFRgACPI\" width=\"560\" height=\"315\" frameborder=\"0\" allowfullscreen=\"allowfullscreen\"><\/iframe><\/p>\n<p>&nbsp;<\/p>\n<h6>Fuente. E online<\/h6>\n<\/section>\n<\/div>\n","protected":false},"excerpt":{"rendered":"<p>Una explosiva reuni\u00f3n se lleva actualmente en Miami y de seguro nos pondr\u00e1 a bailar. Los fans enloquecieron luego de que en las cuentas de\u00a0Instagram\u00a0de\u00a0J Balvin,\u00a0Maluma\u00a0y\u00a0Llanese dieron cuenta que estaban juntos en esa ciudad. &nbsp; Ver esta publicaci\u00f3n en Instagram &nbsp; Latin lover \ud83d\ude02\ud83d\ude02\ud83d\ude02\ud83d\ude02\ud83d\ude02\ud83d\ude02 Una publicaci\u00f3n compartida de J Balvin (@jbalvin) el 4 Mar, 2019 [&hellip;]<\/p>\n","protected":false},"author":1,"featured_media":1078,"comment_status":"open","ping_status":"open","sticky":false,"template":"","format":"standard","meta":{"footnotes":""},"categories":[121],"tags":[278,728,856,978,986,989,1098,1218,1373,1771,2218,2219,2413,2768,2914,2973,3182,3186,3241,3530,3531,3724,3725,3774,3828,4040,4042,4329,4484,4653,4702,5174,5421,5445,5482,5611,5613,5812,5849,5879,5880,5901,6115,6371,6372,6393,6422,6514,6521,6522,6552,6673,6798,7159,7204,7210,7907],"class_list":{"0":"post-1077","1":"post","2":"type-post","3":"status-publish","4":"format-standard","5":"has-post-thumbnail","7":"category-noticias-musicales","8":"tag-278","9":"tag-anitta","10":"tag-artistas","11":"tag-bailables","12":"tag-baile","13":"tag-baile-funk","14":"tag-benny-blanco","15":"tag-brasil","16":"tag-cancion","17":"tag-colombiano","18":"tag-destape","19":"tag-destape-de-anitta","20":"tag-downtown","21":"tag-espanol","22":"tag-exito","23":"tag-famosa","24":"tag-funk","25":"tag-fusion-de-portugues","26":"tag-genero-urbano","27":"tag-hits","28":"tag-hits-del-2019","29":"tag-ingles","30":"tag-ingles-y-espanol","31":"tag-interpretar-juntos","32":"tag-j-balvin","33":"tag-junto","34":"tag-juntos","35":"tag-latinoamericano","36":"tag-lo-nuestro","37":"tag-maluma","38":"tag-marco-masis","39":"tag-muy-poca-ropa","40":"tag-nuevo","41":"tag-nuevo-tema-junto","42":"tag-ocho-millones","43":"tag-pais","44":"tag-pais-latinoamericano","45":"tag-plataformas-digitales","46":"tag-polemico-video","47":"tag-populares","48":"tag-populares-del-pais","49":"tag-portugues","50":"tag-protagonistas","51":"tag-reguetonero","52":"tag-reguetonero-colombiano","53":"tag-relacion-muy-estrecha","54":"tag-representacion-visual","55":"tag-ritmo","56":"tag-ritmos","57":"tag-ritmos-bailables","58":"tag-rodaje","59":"tag-salvado","60":"tag-sensualidad","61":"tag-te-lo-dije","62":"tag-tema","63":"tag-tema-junto","64":"tag-youtube"},"_links":{"self":[{"href":"https:\/\/starssworldproduction.com\/web\/wp-json\/wp\/v2\/posts\/1077","targetHints":{"allow":["GET"]}}],"collection":[{"href":"https:\/\/starssworldproduction.com\/web\/wp-json\/wp\/v2\/posts"}],"about":[{"href":"https:\/\/starssworldproduction.com\/web\/wp-json\/wp\/v2\/types\/post"}],"author":[{"embeddable":true,"href":"https:\/\/starssworldproduction.com\/web\/wp-json\/wp\/v2\/users\/1"}],"replies":[{"embeddable":true,"href":"https:\/\/starssworldproduction.com\/web\/wp-json\/wp\/v2\/comments?post=1077"}],"version-history":[{"count":0,"href":"https:\/\/starssworldproduction.com\/web\/wp-json\/wp\/v2\/posts\/1077\/revisions"}],"wp:featuredmedia":[{"embeddable":true,"href":"https:\/\/starssworldproduction.com\/web\/wp-json\/wp\/v2\/media\/1078"}],"wp:attachment":[{"href":"https:\/\/starssworldproduction.com\/web\/wp-json\/wp\/v2\/media?parent=1077"}],"wp:term":[{"taxonomy":"category","embeddable":true,"href":"https:\/\/starssworldproduction.com\/web\/wp-json\/wp\/v2\/categories?post=1077"},{"taxonomy":"post_tag","embeddable":true,"href":"https:\/\/starssworldproduction.com\/web\/wp-json\/wp\/v2\/tags?post=1077"}],"curies":[{"name":"wp","href":"https:\/\/api.w.org\/{rel}","templated":true}]}}