{"id":10991,"date":"2025-09-15T23:01:56","date_gmt":"2025-09-15T23:01:56","guid":{"rendered":"https:\/\/starsworldproduction.com\/web\/?p=10991"},"modified":"2025-09-15T23:01:58","modified_gmt":"2025-09-15T23:01:58","slug":"de-georgina-rodriguez-a-demi-moore-los-mejores-looks-de-la-gala-caring-for-women-en-nueva-york","status":"publish","type":"post","link":"https:\/\/starsworldproduction.com\/web\/2025\/09\/15\/de-georgina-rodriguez-a-demi-moore-los-mejores-looks-de-la-gala-caring-for-women-en-nueva-york\/","title":{"rendered":"De Georgina Rodr\u00edguez a Demi Moore, los mejores looks de la gala &#8216;Caring for Women&#8217; en Nueva York"},"content":{"rendered":"\n<p>Celebridades de todo el mundo se han reunido en la Gran Manzana, en el marco de la &#8216;fashion week&#8217;, para acudir a una de las galas ben\u00e9ficas m\u00e1s esperadas e importantes del a\u00f1o. Y, por supuesto, han deslumbrado en la alfombra roja con sus estilismos.<\/p>\n\n\n\n<p><a href=\"https:\/\/woman.elperiodico.com\/autor\/tamara-conde\/\">Tamara Conde<\/a>&nbsp;<\/p>\n\n\n\n<p>Adem\u00e1s de los desfiles de las marcas referentes de la industria de la moda, la&nbsp;<a href=\"https:\/\/woman.elperiodico.com\/moda\/semana-moda-nueva-york-desfiles-looks-ralph-lauren-121459070\" target=\"_blank\" rel=\"noreferrer noopener\">Semana de la Moda de Nueva York<\/a>&nbsp;acoge tambi\u00e9n algunos de los eventos m\u00e1s exclusivos y esperados del a\u00f1o. Entre ellos, la&nbsp;<strong>m\u00edtica cena &#8216;Caring for Women&#8217; organizada cada a\u00f1o por la Fundaci\u00f3n Kering<\/strong>, una gala ben\u00e9fica que tiene como objetivo recaudar fondos para combatir la violencia de g\u00e9nero. Este 2025, las organizaciones elegidas para recibir dichos fondos han sido:&nbsp;<strong>Sanctuary for Families, FreeFrom, Violence Intervention Program y Equality Now.<\/strong>&nbsp;Y, como de costumbre, celebridades de todo el mundo han acudido no solo para participar en dicha gala, sino tambi\u00e9n para, previamente, pasar por la alfombra roja y deslumbrar con sus looks.<\/p>\n\n\n\n<p>De esta manera, rostros conocidos como<strong>&nbsp;Georgina Rodr\u00edguez, Dakota Johnson o Demi Moore<\/strong>&nbsp;nos han conquistado con sus propuestas estil\u00edsticas. \u00a1Estos son los mejores looks de la gala &#8216;Caring for Women&#8217;!<\/p>\n\n\n\n<h2 class=\"wp-block-heading\">Los mejores looks de la alfombra roja de la gala &#8216;Caring for Women&#8217;<\/h2>\n\n\n\n<figure class=\"wp-block-image\"><img decoding=\"async\" src=\"https:\/\/estaticos-cdn.prensaiberica.es\/clip\/112cb3f6-79f0-4b10-a490-e1a020df0b52_source-aspect-ratio_default_0.jpg\" alt=\"Georgina Rodr\u00edguez en la gala ben\u00e9fica 'Caring for Women'.\"\/><figcaption class=\"wp-element-caption\">Georgina Rodr\u00edguez en la gala ben\u00e9fica &#8216;Caring for Women&#8217;.&nbsp;\/&nbsp;Gtres<\/figcaption><\/figure>\n\n\n\n<p>Despu\u00e9s de pasar por el<strong>&nbsp;Festival de Venecia<\/strong>&nbsp;y arrasar con su&nbsp;<a href=\"https:\/\/woman.elperiodico.com\/moda\/georgina-rodriguez-festival-venecia-look-121101071\" target=\"_blank\" rel=\"noreferrer noopener\">look de encaje de Roberto Cavalli<\/a>, Georgina Rodr\u00edguez ha llegado a la Gran Manzana por todo lo alto. Acudi\u00f3 a la cena organizada por la Fundaci\u00f3n Kering con un favorecedor vestido negro ce\u00f1ido y con escote de palabra de honor, el cual elev\u00f3 con un<strong>&nbsp;collar de Messika<\/strong>&nbsp;y, por supuesto,&nbsp;<strong>su anillo de compromiso<\/strong>.Andrea de los Santos<\/p>\n\n\n\n<figure class=\"wp-block-image\"><img decoding=\"async\" src=\"https:\/\/estaticos-cdn.prensaiberica.es\/clip\/6ce772e3-e4cd-4949-bb8b-74eb88a9a38c_source-aspect-ratio_default_0.jpg\" alt=\"Demi Moore en la gala ben\u00e9fica 'Caring for Women'.\"\/><figcaption class=\"wp-element-caption\">Demi Moore en la gala ben\u00e9fica &#8216;Caring for Women&#8217;.&nbsp;\/&nbsp;Gtres<\/figcaption><\/figure>\n\n\n\n<p>Un impresionante&nbsp;<strong>vestido negro con brillantes, de manga larga y con abertura lateral firmado por Gucci&nbsp;<\/strong>ha sido la pieza elegida por Demi Moore y con la que ha deslumbrado ante las c\u00e1maras. Una pieza de lo m\u00e1s especial<\/p>\n\n\n\n<figure class=\"wp-block-image\"><img decoding=\"async\" src=\"https:\/\/estaticos-cdn.prensaiberica.es\/clip\/dc6548d2-2477-46be-849c-a204c2cfbb50_source-aspect-ratio_default_0.jpg\" alt=\"Dakota Johnson en la gala ben\u00e9fica 'Caring for Women'.\"\/><figcaption class=\"wp-element-caption\">Dakota Johnson en la gala ben\u00e9fica &#8216;Caring for Women&#8217;.&nbsp;\/&nbsp;Gtres<\/figcaption><\/figure>\n\n\n\n<p>De Gucci era tambi\u00e9n el atrevido vestido que llev\u00f3&nbsp;<strong>Dakota Johnson<\/strong>&nbsp;para la ocasi\u00f3n: una pieza semitransparente con&nbsp;<strong>bordados florales, de manga larga, cuello alto y con cola<\/strong>. El vestido dejaba al descubierto su ropa interior, tambi\u00e9n de color negro, con el que la actriz presumi\u00f3 de figura al m\u00e1ximo.<\/p>\n\n\n\n<figure class=\"wp-block-image\"><img decoding=\"async\" src=\"https:\/\/estaticos-cdn.prensaiberica.es\/clip\/8bfaddfb-876a-4677-9b6d-aa9910cecaa9_source-aspect-ratio_default_0.jpg\" alt=\"Jessica Chastain en la gala ben\u00e9fica 'Caring for Women'.\"\/><figcaption class=\"wp-element-caption\">Jessica Chastain en la gala ben\u00e9fica &#8216;Caring for Women&#8217;.&nbsp;\/&nbsp;Gtres<\/figcaption><\/figure>\n\n\n\n<p>Otro de los vestidos m\u00e1s atrevidos de la noche fue, sin duda, el que luci\u00f3<strong>&nbsp;Jessica Chastain<\/strong>. No solo por su dise\u00f1o de encaje y con brillantes, sino tambi\u00e9n por su llamativa tonalidad entre el rosa y el morado que hac\u00eda un atrevido contraste con su melena pelirroja y sus labios. Firmado tambi\u00e9n por&nbsp;<strong>Gucci<\/strong>.<\/p>\n\n\n\n<figure class=\"wp-block-image\"><img decoding=\"async\" src=\"https:\/\/estaticos-cdn.prensaiberica.es\/clip\/7d9bee41-25a5-496c-9b21-92160cc8c11a_source-aspect-ratio_default_0.jpg\" alt=\"Salma Hayek y Fran\u00e7ois Henri Pinault en la gala ben\u00e9fica 'Caring for Women'.\"\/><figcaption class=\"wp-element-caption\">Salma Hayek y Fran\u00e7ois Henri Pinault en la gala ben\u00e9fica &#8216;Caring for Women&#8217;.&nbsp;\/&nbsp;Gtres<\/figcaption><\/figure>\n\n\n\n<p>Los anfitriones de la gala,<strong>&nbsp;Salma Hayek y Fran\u00e7ois-Henri Pinault<\/strong>, eligieron estilismos a la altura de la ocasi\u00f3n. La actriz mexicana opt\u00f3 por un<strong>&nbsp;vestido de Balenciaga con escote de coraz\u00f3n y botonadura frontal<\/strong>. Remat\u00f3 su estilismo con un semirrecogido pulido y un &#8216;make up&#8217; impecable.<\/p>\n\n\n\n<p><\/p>\n\n\n\n<figure class=\"wp-block-image\"><img decoding=\"async\" src=\"https:\/\/estaticos-cdn.prensaiberica.es\/clip\/99adead2-fefd-445e-9956-dec52c6855c6_source-aspect-ratio_default_0.jpg\" alt=\"Julianne Moore en la gala ben\u00e9fica 'Caring for Women'.\"\/><figcaption class=\"wp-element-caption\">Julianne Moore en la gala ben\u00e9fica &#8216;Caring for Women&#8217;.&nbsp;\/&nbsp;Gtres<\/figcaption><\/figure>\n\n\n\n<p>El negro fue, sin duda, el color protagonista de la noche y el look de Julianne Moore fue una prueba m\u00e1s de ello. La actriz apost\u00f3 por la sencillez y sofisticaci\u00f3n con un&nbsp;<strong>vestido de Bottega Veneta<\/strong>&nbsp;que combin\u00f3 con<strong>&nbsp;sandalias de tac\u00f3n negras, bolso &#8216;clutch&#8217; plateado y pendientes largos a juego<\/strong>.<\/p>\n","protected":false},"excerpt":{"rendered":"<p>Celebridades de todo el mundo se han reunido en la Gran Manzana, en el marco de la &#8216;fashion week&#8217;, para acudir a una de las galas ben\u00e9ficas m\u00e1s esperadas e importantes del a\u00f1o. Y, por supuesto, han deslumbrado en la alfombra roja con sus estilismos. Tamara Conde&nbsp; Adem\u00e1s de los desfiles de las marcas referentes [&hellip;]<\/p>\n","protected":false},"author":1,"featured_media":10992,"comment_status":"open","ping_status":"open","sticky":false,"template":"","format":"standard","meta":{"footnotes":""},"categories":[5,109],"tags":[8013,8012],"class_list":{"0":"post-10991","1":"post","2":"type-post","3":"status-publish","4":"format-standard","5":"has-post-thumbnail","7":"category-fashion","8":"category-moda","9":"tag-georgina-rodriguez","10":"tag-semana-de-la-moda-de-nueva-york-georgina-rodriguez"},"_links":{"self":[{"href":"https:\/\/starsworldproduction.com\/web\/wp-json\/wp\/v2\/posts\/10991","targetHints":{"allow":["GET"]}}],"collection":[{"href":"https:\/\/starsworldproduction.com\/web\/wp-json\/wp\/v2\/posts"}],"about":[{"href":"https:\/\/starsworldproduction.com\/web\/wp-json\/wp\/v2\/types\/post"}],"author":[{"embeddable":true,"href":"https:\/\/starsworldproduction.com\/web\/wp-json\/wp\/v2\/users\/1"}],"replies":[{"embeddable":true,"href":"https:\/\/starsworldproduction.com\/web\/wp-json\/wp\/v2\/comments?post=10991"}],"version-history":[{"count":1,"href":"https:\/\/starsworldproduction.com\/web\/wp-json\/wp\/v2\/posts\/10991\/revisions"}],"predecessor-version":[{"id":10993,"href":"https:\/\/starsworldproduction.com\/web\/wp-json\/wp\/v2\/posts\/10991\/revisions\/10993"}],"wp:featuredmedia":[{"embeddable":true,"href":"https:\/\/starsworldproduction.com\/web\/wp-json\/wp\/v2\/media\/10992"}],"wp:attachment":[{"href":"https:\/\/starsworldproduction.com\/web\/wp-json\/wp\/v2\/media?parent=10991"}],"wp:term":[{"taxonomy":"category","embeddable":true,"href":"https:\/\/starsworldproduction.com\/web\/wp-json\/wp\/v2\/categories?post=10991"},{"taxonomy":"post_tag","embeddable":true,"href":"https:\/\/starsworldproduction.com\/web\/wp-json\/wp\/v2\/tags?post=10991"}],"curies":[{"name":"wp","href":"https:\/\/api.w.org\/{rel}","templated":true}]}}