{"id":11292,"date":"2025-12-09T03:52:21","date_gmt":"2025-12-09T03:52:21","guid":{"rendered":"https:\/\/starsworldproduction.com\/web\/?p=11292"},"modified":"2025-12-09T03:52:22","modified_gmt":"2025-12-09T03:52:22","slug":"murio-rafael-ithier-fundador-de-el-gran-combo-de-puerto-rico-y-leyenda-de-la-salsa","status":"publish","type":"post","link":"https:\/\/starssworldproduction.com\/web\/2025\/12\/09\/murio-rafael-ithier-fundador-de-el-gran-combo-de-puerto-rico-y-leyenda-de-la-salsa\/","title":{"rendered":"Muri\u00f3 Rafael Ithier, fundador de El Gran Combo de Puerto Rico y leyenda de la salsa"},"content":{"rendered":"\n<p>Este s\u00e1bado falleci\u00f3 a los 99 a\u00f1os uno de los fundadores y director hist\u00f3rico de la orquesta de salsa m\u00e1s importante del mundo.<\/p>\n\n\n\n<p>La salsa est\u00e1 de luto. Falleci\u00f3\u00a0<strong>Rafael Ithier<\/strong>, uno de los fundadores de\u00a0<strong>El Gran Combo de Puerto Rico<\/strong>. La noticia fue confirmada por figuras del g\u00e9nero y por el abogado de la familia, V\u00edctor Rivera, a la emisora WKAQ.<\/p>\n\n\n\n<p>El impacto en la comunidad musical fue inmediato. Artistas, productores y fan\u00e1ticos comenzaron a inundar las redes sociales con mensajes de homenaje para quien fue, durante m\u00e1s de seis d\u00e9cadas, un\u00a0<strong>pilar indiscutible de la m\u00fasica latina<\/strong>.<\/p>\n\n\n\n<blockquote class=\"twitter-tweet\"><p lang=\"es\" dir=\"ltr\">Fallece Rafael Ithier, el fundador del gran combo de Puerto Rico, a sus 99 a\u00f1os. A\u00fan se desconocen los detalles. <br><br>Ithier, una leyenda en la m\u00fasica, deja un gran legado de m\u00e1s de 6 d\u00e9cadas, con mucha historia y cultura, y sobre todo un amor profundo por Puerto Rico que siempre\u2026 <a href=\"https:\/\/t.co\/wWjscCzwdE\">pic.twitter.com\/wWjscCzwdE<\/a><\/p>&mdash; Molusco (@Moluskein) <a href=\"https:\/\/twitter.com\/Moluskein\/status\/1997487135968960841?ref_src=twsrc%5Etfw\">December 7, 2025<\/a><\/blockquote> <script async src=\"https:\/\/platform.twitter.com\/widgets.js\" charset=\"utf-8\"><\/script>\n\n\n\n<p>Uno de los primeros en pronunciarse fue el salsero&nbsp;<strong>V\u00edctor Manuelle<\/strong>, quien escribi\u00f3 en su p\u00e1gina de Facebook: \u201cHoy el universo salsero pierde uno de sus pilares m\u00e1s importantes en la historia del g\u00e9nero. \u2018Don Rafael Ithier\u2019 no solamente el fundador, director, arreglista y pianista de la orquesta de salsa m\u00e1s importante del mundo, El Gran Combo de PR\u201d. Sus palabras fueron replicadas por miles de seguidores alrededor del continente.<\/p>\n\n\n\n<p>Tambi\u00e9n se sumaron las voces de&nbsp;<strong>Richie Ray<\/strong>&nbsp;y otros grandes exponentes que crecieron, aprendieron o se inspiraron con el legado del m\u00fasico boricua.<\/p>\n\n\n\n<h2 class=\"wp-block-heading\"><strong>Qui\u00e9n era Rafael Ithier<\/strong><\/h2>\n\n\n\n<p>Ithier fue mucho m\u00e1s que el director del Gran Combo: fue la mente que molde\u00f3 su sonido, la disciplina que mantuvo viva a la agrupaci\u00f3n y el coraz\u00f3n que la acompa\u00f1\u00f3 hasta convertirse en una&nbsp;<strong>instituci\u00f3n cultural<\/strong>&nbsp;no solo en Puerto Rico, sino en toda Latinoam\u00e9rica.<\/p>\n\n\n\n<p>Adem\u00e1s de dirigir, fue&nbsp;<strong>pianista, arreglista y compositor<\/strong>, una combinaci\u00f3n que dej\u00f3 huella en m\u00e1s de&nbsp;<strong>70 producciones discogr\u00e1ficas<\/strong>&nbsp;de la orquesta. La m\u00e1s reciente, \u201cEn Cuarentena\u201d, fue lanzada en 2021 y demostr\u00f3 que el maestro segu\u00eda presente en la creaci\u00f3n musical incluso en sus \u00faltimos a\u00f1os de vida.<\/p>\n\n\n\n<p>Bajo su mando, El Gran Combo logr\u00f3 un hito que ninguna otra agrupaci\u00f3n puertorrique\u00f1a ha igualado:&nbsp;<strong>presentarse en los cinco continentes<\/strong>, llevando la salsa a rincones del mundo donde parec\u00eda impensable que llegara.<\/p>\n\n\n\n<p>El estilo de direcci\u00f3n de Ithier estuvo marcado por la disciplina que adquiri\u00f3 durante su paso por la milicia y por su experiencia previa en el&nbsp;<strong>Combo de Cortijo<\/strong>, donde absorbi\u00f3 las din\u00e1micas de trabajo de grandes pioneros del g\u00e9nero. Esa combinaci\u00f3n de rigor, talento y visi\u00f3n le permiti\u00f3 construir una f\u00f3rmula que llev\u00f3 al Gran Combo a mantenerse vigente generaci\u00f3n tras generaci\u00f3n.<\/p>\n\n\n\n<p>Aunque su forma de dirigir era descrita como \u201cr\u00edgida\u201d y, a veces, invasiva en la vida personal de los m\u00fasicos, esa misma metodolog\u00eda es la que muchos reconocen como responsable de la solidez y excelencia de la agrupaci\u00f3n.<\/p>\n\n\n\n<p>Fuente: <a href=\"https:\/\/www.pulzo.com\/entretenimiento\/murio-rafael-ithier-fundador-gran-combo-puerto-rico-PP4937429\" target=\"_blank\" rel=\"noreferrer noopener\">pulzo.com<\/a><\/p>\n","protected":false},"excerpt":{"rendered":"<p>Este s\u00e1bado falleci\u00f3 a los 99 a\u00f1os uno de los fundadores y director hist\u00f3rico de la orquesta de salsa m\u00e1s importante del mundo. La salsa est\u00e1 de luto. Falleci\u00f3\u00a0Rafael Ithier, uno de los fundadores de\u00a0El Gran Combo de Puerto Rico. La noticia fue confirmada por figuras del g\u00e9nero y por el abogado de la familia, [&hellip;]<\/p>\n","protected":false},"author":1,"featured_media":11293,"comment_status":"open","ping_status":"open","sticky":false,"template":"","format":"standard","meta":{"footnotes":""},"categories":[119],"tags":[2524,8147,6658],"class_list":{"0":"post-11292","1":"post","2":"type-post","3":"status-publish","4":"format-standard","5":"has-post-thumbnail","7":"category-notas-de-prensa","8":"tag-el-gran-combo-de-puerto-rico","9":"tag-rafael-ithier","10":"tag-salsa"},"_links":{"self":[{"href":"https:\/\/starssworldproduction.com\/web\/wp-json\/wp\/v2\/posts\/11292","targetHints":{"allow":["GET"]}}],"collection":[{"href":"https:\/\/starssworldproduction.com\/web\/wp-json\/wp\/v2\/posts"}],"about":[{"href":"https:\/\/starssworldproduction.com\/web\/wp-json\/wp\/v2\/types\/post"}],"author":[{"embeddable":true,"href":"https:\/\/starssworldproduction.com\/web\/wp-json\/wp\/v2\/users\/1"}],"replies":[{"embeddable":true,"href":"https:\/\/starssworldproduction.com\/web\/wp-json\/wp\/v2\/comments?post=11292"}],"version-history":[{"count":1,"href":"https:\/\/starssworldproduction.com\/web\/wp-json\/wp\/v2\/posts\/11292\/revisions"}],"predecessor-version":[{"id":11294,"href":"https:\/\/starssworldproduction.com\/web\/wp-json\/wp\/v2\/posts\/11292\/revisions\/11294"}],"wp:featuredmedia":[{"embeddable":true,"href":"https:\/\/starssworldproduction.com\/web\/wp-json\/wp\/v2\/media\/11293"}],"wp:attachment":[{"href":"https:\/\/starssworldproduction.com\/web\/wp-json\/wp\/v2\/media?parent=11292"}],"wp:term":[{"taxonomy":"category","embeddable":true,"href":"https:\/\/starssworldproduction.com\/web\/wp-json\/wp\/v2\/categories?post=11292"},{"taxonomy":"post_tag","embeddable":true,"href":"https:\/\/starssworldproduction.com\/web\/wp-json\/wp\/v2\/tags?post=11292"}],"curies":[{"name":"wp","href":"https:\/\/api.w.org\/{rel}","templated":true}]}}