{"id":11332,"date":"2026-03-06T21:03:08","date_gmt":"2026-03-06T21:03:08","guid":{"rendered":"https:\/\/starsworldproduction.com\/web\/?p=11332"},"modified":"2026-03-06T21:03:09","modified_gmt":"2026-03-06T21:03:09","slug":"juanes-muestra-su-faceta-mas-aventurera-y-liberada-en-juanesteban-su-nuevo-lp-yo-podria-literal-vivir-en-un-estudio","status":"publish","type":"post","link":"https:\/\/starssworldproduction.com\/web\/2026\/03\/06\/juanes-muestra-su-faceta-mas-aventurera-y-liberada-en-juanesteban-su-nuevo-lp-yo-podria-literal-vivir-en-un-estudio\/","title":{"rendered":"Juanes muestra su faceta m\u00e1s aventurera y liberada en \u2018JuanEsteban\u2019 su nuevo LP: \u201cYo podr\u00eda, literal, vivir en un estudio\u201d"},"content":{"rendered":"\n<p>Con las guitarras m\u00e1s enfocadas en a\u00f1os, invitados que aportaron y sorprendieron, y una vibra de optimismo en medio del dolor, el paisa present\u00f3 su mejor \u00e1lbum en a\u00f1os. Infobae Colombia habl\u00f3 con el cantautor en exclusiva<\/p>\n\n\n\n<p>La carrera de Juanes es particular porque congrega tanto como polariza. A\u00fan siendo un \u00eddolo de masas en toda Hispanoam\u00e9rica y siendo el abanderado de la m\u00fasica cantada en castellano con su recordado eslogan \u201cSe Habla Espa\u00f1ol\u201d en los a\u00f1os 2000, los amantes m\u00e1s recalcitrantes del rock nunca le perdonaron su viraje hacia un estilo m\u00e1s pop y no faltaron las voces que lo tacharon de repetitivo en determinado punto de su carrera.<\/p>\n\n\n\n<p>Para bien o para mal, los coqueteos con el reguet\u00f3n de\u00a0<em>M\u00e1s Futuro Que Pasado<\/em>\u00a0(2019) parecieron haber llevado a un punto de quiebre la idea de hasta d\u00f3nde pod\u00eda incorporar estilos nuevos a su repertorio. Sus dos trabajos posteriores, el \u00e1lbum de versiones\u00a0<em>Origen<\/em>\u00a0(2021) y\u00a0<em>Vida Cotidiana<\/em>\u00a0(2023) lo vieron volver a las guitarras y a una forma de trabajo m\u00e1s org\u00e1nica.<\/p>\n\n\n\n<p><strong>Ese viraje sent\u00f3 las bases de su m\u00e1s reciente larga duraci\u00f3n,&nbsp;<\/strong><em><strong>JuanEsteban<\/strong><\/em><strong>&nbsp;(2026), donde sum\u00f3 un nivel de ambici\u00f3n y cuidado al detalle<\/strong>&nbsp;que quiz\u00e1s se ven\u00eda echando en falta en esfuerzos anteriores, hasta el punto que por sugerencia de su m\u00e1nager colabor\u00f3 con el arte gr\u00e1fico tanto de la portada como de cada una de las canciones del disco.<\/p>\n\n\n\n<p>Coproducido por el cantautor paisa y Nico Cotton \u2014reconocido por su trabajo con Cazzu, Nicki Nicole, Elsa y Elmar y WOS\u2014, esta placa fue capaz de poner en com\u00fan las guitarras, los ritmos latinoamericanos, la experiencia y la b\u00fasqueda por brindar algo m\u00e1s a su p\u00fablico.<\/p>\n\n\n\n<p>En&nbsp;<em>El Gran D\u00eda<\/em>,&nbsp;<em>Una Noche Contigo<\/em>&nbsp;y&nbsp;<em>La Carta<\/em>&nbsp;se escuchan arreglos de viento y cuerdas, aportando un tinte sobrio al LP. Por su parte,&nbsp;<em>Hagamos Que<\/em>&nbsp;y&nbsp;<em>Un Nuevo Amanecer<\/em>&nbsp;exhiben desde perspectivas diferentes una influencia de los Beatles con acordes abiertos e interpretaciones siempre orientadas a la melod\u00eda. Incluso en la m\u00e1s el\u00e9ctrica&nbsp;<em>Cuando Estamos T\u00fa y Yo&nbsp;<\/em>aprovecha cada aspecto posible de la interpretaci\u00f3n para mostrar ganchos pop irresistibles.<\/p>\n\n\n\n<p>Las fusiones dejan ver el lado folcl\u00f3rico que tambi\u00e9n marc\u00f3 la carrera de Juanes, desde un acercamiento ligeramente distinto a lo habitual en \u00e9l, producto de las colaboraciones elegidas para la ocasi\u00f3n.<\/p>\n\n\n\n<p><img loading=\"lazy\" loading=\"lazy\" decoding=\"async\" alt=\"Durante un evento exclusivo para\" height=\"960\" src=\"https:\/\/www.infobae.com\/resizer\/v2\/OOFPMPY4ZRC3XOCPKNTZSMYZ7A.jpeg?auth=a12cf65abc8aed546a0667092698274affb542813f6072583a4c33ce9bb06be7&amp;smart=true&amp;width=350&amp;height=263&amp;quality=85\" width=\"1280\">Durante un evento exclusivo para medios de comunicaci\u00f3n, Juanes cont\u00f3 el origen de algunas de las canciones de &#8216;JuanEsteban&#8217; y su papel como dise\u00f1ador de la portada y el arte gr\u00e1fico de esta producci\u00f3n &#8211; cr\u00e9dito Daniel Ospina\/Infobae Colombia<\/p>\n\n\n\n<p><em>Mu\u00e9rdeme&nbsp;<\/em>con Bomba Est\u00e9reo y&nbsp;<em>Vuelve&nbsp;<\/em>con Mon Laferte son cumbias,<strong>&nbsp;mientras que en&nbsp;<\/strong><em><strong>Timelapse de Sol<\/strong><\/em><strong>&nbsp;con Rawayana mezcla reggae, cumbia y hasta los rasgueos deudores de la guasca por parte de la guitarra de Juanes.<\/strong>&nbsp;En un espectro opuesto,&nbsp;<em>Humano<\/em>&nbsp;con la mexicana Vivir Quintana explora ritmos andinos, particularmente ligados al bambuco.<\/p>\n\n\n\n<p>El volumen de las guitarras sube con&nbsp;<em>Nada Que Perder&nbsp;<\/em>y&nbsp;<em>Gato<\/em>,&nbsp;<strong>pero es en&nbsp;<\/strong><em><strong>C\u00f3mo Pudiste<\/strong><\/em><strong>&nbsp;junto a Conociendo Rusia donde se aprecia hasta qu\u00e9 punto estuvo dispuesto Juanes a desafiarse en lo creativo<\/strong>, entre atm\u00f3sferas poco habituales en la carrera del colombiano. Por otra parte, canciones como&nbsp;<em>Quiero<\/em>,&nbsp;<em>El Que Te Perdi\u00f3<\/em>&nbsp;y la ac\u00fastica&nbsp;<em>Madre<\/em>&nbsp;podr\u00edan considerarse como lo m\u00e1s cercano al sonido de su periodo cl\u00e1sico.<\/p>\n\n\n\n<p>En lo l\u00edrico,&nbsp;<em>JuanEsteban<\/em>&nbsp;puede considerarse un \u00e1lbum m\u00e1s optimista que&nbsp;<em>Vida Cotidiana<\/em>, aunque temas como la p\u00e9rdida y la duda no son ajenos. Tal y como relat\u00f3 el propio a Juanes a los medios de comunicaci\u00f3n durante su evento de lanzamiento,&nbsp;<em>C\u00f3mo Pudiste<\/em>&nbsp;se inspir\u00f3 en la muerte de su perro Parce,&nbsp;<em>Madre<\/em>&nbsp;fue escrita cuando su mam\u00e1 estaba agonizando y con la intenci\u00f3n de darle un giro menos de luto y m\u00e1s de agradecimiento hacia ella,&nbsp;<em>Un Nuevo Amanecer&nbsp;<\/em>aborda la depresi\u00f3n, y&nbsp;<em>La Carta<\/em>&nbsp;aborda un momento de distanciamiento que atraves\u00f3 Juanes con su esposa, Karen Mart\u00ednez.<\/p>\n\n\n\n<p>Con motivo del lanzamiento de esta producci\u00f3n<em>&nbsp;Infobae Colombia<\/em>&nbsp;dialog\u00f3 con Juanes sobre la magia del estudio de grabaci\u00f3n, el dilema del perfeccionismo en el artista, su faceta como dibujante, de La Pestilencia, y de una de las mejores colaboraciones de esta placa que ya est\u00e1 disponible en plataformas digitales.<\/p>\n\n\n\n<p><strong>Infobae Colombia: Usted se encarg\u00f3 de todo el arte gr\u00e1fico en&nbsp;<\/strong><em><strong>JuanEsteban<\/strong><\/em><strong>. \u00bfEsta es la primera vez que se involucra tanto en ese apartado? \u00bfO siempre ha estado presente en esa parte del proceso?<\/strong><\/p>\n\n\n\n<p>Juanes: Yo creo que es la primera vez que me involucro tanto, en el sentido que los dibujos son m\u00edos y que me he tomado tiempo haci\u00e9ndolos, pero m\u00e1s que todo porque lleg\u00f3 de una manera natural. Yo estudi\u00e9 dise\u00f1o industrial en la Universidad Pontificia Bolivariana y siempre he estado cerquita del arte, y valoro mucho que mi mujer pasa con eso.<\/p>\n\n\n\n<p>Y en uno de estos viajes, pensando en mis dibujos, Rafa Restrepo, el m\u00e1nager, vio lo que estaba haciendo, le gust\u00f3 y me pregunt\u00f3 si lo hac\u00edamos para el \u00e1lbum. Yo dije: \u201cDe una, h\u00e1gale, si les gusta, perfecto\u201d. No ten\u00eda ninguna intenci\u00f3n, porque yo lo hac\u00eda de una manera como m\u00e1s&#8230; como que me desconecto demasiado cuando dibujo. No pienso en nada.<\/p>\n\n\n\n<p>Hay algo muy loco que me pasa cuando dibujo, y es que me da un punto de paz. Y bueno, ah\u00ed est\u00e1n los dibujos de cada una de las canciones. Me sent\u00e9 con Sebasti\u00e1n Londo\u00f1o y Camilo Londo\u00f1o, que son dos amigos de Medell\u00edn, tambi\u00e9n dise\u00f1adores, con quienes he trabajado mucho en la parte gr\u00e1fica de mis discos. Y ah\u00ed armamos, pues, todo el concepto.<\/p>\n\n\n\n<p><strong>Recuerdo que alguna vez un artista dec\u00eda que el estudio de grabaci\u00f3n era como un \u00fatero \u00bfC\u00f3mo describe usted el estudio de grabaci\u00f3n?<\/strong>El cantante describi\u00f3 el gusto que siente por el proceso creativo, asegurando que incluso vivir\u00eda en un estudio si pudiera &#8211; cr\u00e9dito Daniel Ospina\/Infobae Colombia<\/p>\n\n\n\n<p>Me encanta eso. No s\u00e9 qui\u00e9n lo dijo, pero me encanta el concepto, porque s\u00ed, es un momento m\u00e1gico. A veces vos lleg\u00e1s al estudio y hay veces ten\u00e9s alguna idea y hay veces no ten\u00e9s nada. Y cuatro o cinco horas m\u00e1s tarde ten\u00e9s una canci\u00f3n.<\/p>\n\n\n\n<p>Yo siempre lo comento porque es como magia, es como uno de un momento, de la nada, aparece una canci\u00f3n y es la sumatoria de muchos elementos: c\u00f3mo te sent\u00eds hoy, a qu\u00e9 ritmo, digamos, sent\u00eds que la canci\u00f3n debe ir hoy de acuerdo a tu \u00e1nimo, qu\u00e9 instrumentos vas a usar. Y es como un laboratorio de cosas, de pruebas. Yo podr\u00eda, literal, vivir en un estudio. O sea, creo que es de las cosas que yo m\u00e1s disfruto, es estar en un estudio d\u00eda y noche, me encanta.<\/p>\n\n\n\n<p>Hay algo ah\u00ed que me atrae de la parte m\u00e1s manual de la grabaci\u00f3n. Obviamente me gusta la tecnolog\u00eda, pero me gusta mucho del mundo y la ingenier\u00eda del micr\u00f3fono, del amplificador, de la guitarra, de la ecualizaci\u00f3n, del pedal, de todo este mundo de cosas que pasan ah\u00ed y de la energ\u00eda que se genera cuando est\u00e1s trabajando con otras personas. Y tambi\u00e9n siento que de alguna manera es, no doloroso, pero es como una tortura un poco, porque est\u00e1s como en angustia de: \u201cOk, tengo que terminar de hacer esta canci\u00f3n, tengo que hacer otro verso, el coro, no tengo nada\u201d, pero te lanz\u00e1s a improvisar y esa improvisaci\u00f3n termina siendo parte de la canci\u00f3n.<\/p>\n\n\n\n<p>Uno improvisa primero y despu\u00e9s algo que improvisaste, cog\u00e9s como una celulita de esa parte que te gust\u00f3 y empez\u00e1s a desarrollarla con conciencia ya m\u00e1s arm\u00f3nica y m\u00e1s de c\u00f3mo te imagin\u00e1s que la canci\u00f3n se va armando.<\/p>\n\n\n\n<p><strong>Y en todo ese proceso, para los artistas siempre est\u00e1 esa cuesti\u00f3n de hasta qu\u00e9 punto llevar todo el proceso, de c\u00f3mo no volverse loco con los arreglos. \u00bfC\u00f3mo abord\u00f3 esa situaci\u00f3n a lo largo de su carrera? \u00bfC\u00f3mo lo afront\u00f3 en\u00a0<\/strong><em><strong>Juanesteban<\/strong><\/em><strong>? \u00bfSupo cu\u00e1ndo entrar y cu\u00e1ndo salir del estudio?<\/strong> <br>El artista admiti\u00f3 que en ocasiones se obsesionaba con los arreglos, motivo por el que asegur\u00f3 que le costaba trabajar solo en sus \u00e1lbumes de estudio &#8211; cr\u00e9dito Daniel Ospina\/Infobae Colombia<\/p>\n\n\n\n<p>[risas] S\u00ed, yo creo que eso es lo que m\u00e1s me atormenta. O sea, a veces yo me vuelvo loco, hermano. Yo no puedo trabajar solo en un \u00e1lbum, literal. No puedo, porque me pasa eso que vos dec\u00eds. Empiezo a escuchar cosas que no est\u00e1n ah\u00ed, empiezo a querer cambiar cosas que no debo cambiar.<\/p>\n\n\n\n<p>Desde el principio, cuando trabajaba con Gustavo Santaolalla, recuerdo que me dec\u00eda, literal: \u201cAndate a tu casa tranquilo, o sea, andate a tomar un caf\u00e9\u201d, [risas] porque yo quer\u00eda mover todo pa\u2019 un lado, pa\u2019l otro, quer\u00eda cambiar esto y lo otro, ten\u00eda dudas constantes. Hay un momento en donde uno tiene que dejar y soltar las cosas y ya, y que la gente vuelva las canciones propias.<\/p>\n\n\n\n<p>En este caso trabaj\u00e9 con Nicol\u00e1s Cotton y fue muy importante para m\u00ed poder como contar con esos segundos o\u00eddos y conceptos, digamos, desde afuera, de en qu\u00e9 momento todo estaba bien, y confiar tambi\u00e9n. Aqu\u00ed se trata mucho de confiar. Cuando trabajas con otra persona es de: \u201cYo conf\u00edo en tu criterio. Va\u201d. \u201c\u00bfTe parece que est\u00e1 bien? Vamos\u201d. Es como un tema de confianza mutua.<\/p>\n\n\n\n<p><strong>Una de las canciones que m\u00e1s destac\u00f3 en\u00a0<\/strong><em><strong>JuanEsteban\u00a0<\/strong><\/em><strong>fue\u00a0<\/strong><em><strong>C\u00f3mo Pudiste\u00a0<\/strong><\/em><strong>con la colaboraci\u00f3n de Mateo Sujatovich de Conociendo Rusia. \u00bfQu\u00e9 le aport\u00f3 Mateo a esta canci\u00f3n en particular? \u00bfQu\u00e9 sucedi\u00f3 ah\u00ed?<\/strong><br>Surgida tras el fallecimiento de su perro durante muchos a\u00f1os, Juanes relat\u00f3 que el aporte de Mateo Sujatovich fue clave para que la canci\u00f3n tuviese un tono m\u00e1s luminoso &#8211; cr\u00e9dito Daniel Ospina\/Infobae Colombia<\/p>\n\n\n\n<p>Cuando est\u00e1bamos hablando de la canci\u00f3n, \u00e9l me mand\u00f3 un audio y me cant\u00f3 la parte de \u00e9l. Entonces \u00e9l me dice: \u201c\u00bfQu\u00e9 te parece si yo hago la respuesta del otro lado de la historia?. O sea, yo cuento lo que yo siento cuando llego a la casa\u201d.<\/p>\n\n\n\n<p>Yo le cont\u00e9 la historia del perro m\u00edo que hab\u00eda fallecido y de d\u00f3nde ven\u00eda, pero obviamente esto se va m\u00e1s universal. Y yo creo que ese, ese contexto de \u00e9l, de la otra mirada, del otro punto de vista, fue como una gran luz para m\u00ed, porque yo no lo hab\u00eda visto de esa manera.<\/p>\n\n\n\n<p>Y despu\u00e9s, su voz&#8230; yo escucho su voz y es como que escucho el rock argentino en la canci\u00f3n. Es como esa nueva ola de ese sonido argentino, como m\u00e1s moderno, que es invaluable para m\u00ed. Me encanta lo que \u00e9l aport\u00f3 ah\u00ed.<\/p>\n\n\n\n<iframe loading=\"lazy\" width=\"560\" height=\"315\" src=\"https:\/\/www.youtube.com\/embed\/-xVrtfFhUzM?si=AZbkwGwz64iSW5RU\" title=\"YouTube video player\" frameborder=\"0\" allow=\"accelerometer; autoplay; clipboard-write; encrypted-media; gyroscope; picture-in-picture; web-share\" referrerpolicy=\"strict-origin-when-cross-origin\" allowfullscreen><\/iframe>\n\n\n\n<p><strong>En la rueda de prensa cont\u00f3 que usted pas\u00f3 una temporada con La Pestilencia apenas lleg\u00f3 a Los \u00c1ngeles. Ahora que anunciaron su retiro, \u00bfC\u00f3mo fue su primer contacto con ellos?<\/strong><\/p>\n\n\n\n<p>Yo recuerdo esta ma\u00f1ana, justamente porque estaba viendo los videos de Dilson, estaba recordando la primera vez que yo fui a Pereira. Es m\u00e1s, H\u00e9ctor Buitrago de Aterciopelados todav\u00eda era el bajista.<\/p>\n\n\n\n<p>Y yo estaba en Ekhymosis reci\u00e9n comenzando. Nosotros toc\u00e1bamos obviamente mucho antes que ellos, pero ellos eran&#8230; bueno, siguen siendo, unos superh\u00e9roes del punk pesado. Despu\u00e9s tuve la oportunidad de conocer a Dilson, que es un amor de persona, un l\u00edder natural, y a Marcelo [G\u00f3mez], el batero. Con ellos conviv\u00ed en Los \u00c1ngeles, hace 25 a\u00f1os, la verdad. Son gente incre\u00edble.<\/p>\n\n\n\n<p>Celebro mucho la existencia de La Pestilencia y sus razones tendr\u00e1n. No es para nada f\u00e1cil tener una banda por tanto tiempo y dedicarse a eso. Entonces, qui\u00e9n sabe qu\u00e9 habr\u00e1, qu\u00e9 ser\u00e1 el momento que tienen que vivir, pero pues lo tienen que vivir. Pero celebro mucho lo que ha dejado con una gran historia musical.<\/p>\n\n\n\n<p>Por: <a href=\"https:\/\/www.infobae.com\/autor\/daniel-ospina\/\">Daniel Ospina<\/a><br>Fuente: <a href=\"https:\/\/www.infobae.com\/colombia\/2026\/03\/06\/juanes-muestra-su-faceta-mas-aventurera-y-liberada-en-juanesteban-su-nuevo-lp-yo-podria-literal-vivir-en-un-estudio\/\" target=\"_blank\" rel=\"noreferrer noopener\">infobae.com<\/a><\/p>\n","protected":false},"excerpt":{"rendered":"<p>Con las guitarras m\u00e1s enfocadas en a\u00f1os, invitados que aportaron y sorprendieron, y una vibra de optimismo en medio del dolor, el paisa present\u00f3 su mejor \u00e1lbum en a\u00f1os. Infobae Colombia habl\u00f3 con el cantautor en exclusiva La carrera de Juanes es particular porque congrega tanto como polariza. A\u00fan siendo un \u00eddolo de masas en [&hellip;]<\/p>\n","protected":false},"author":1,"featured_media":11335,"comment_status":"open","ping_status":"open","sticky":false,"template":"","format":"standard","meta":{"footnotes":""},"categories":[121],"tags":[4004],"class_list":{"0":"post-11332","1":"post","2":"type-post","3":"status-publish","4":"format-standard","5":"has-post-thumbnail","7":"category-noticias-musicales","8":"tag-juanes"},"_links":{"self":[{"href":"https:\/\/starssworldproduction.com\/web\/wp-json\/wp\/v2\/posts\/11332","targetHints":{"allow":["GET"]}}],"collection":[{"href":"https:\/\/starssworldproduction.com\/web\/wp-json\/wp\/v2\/posts"}],"about":[{"href":"https:\/\/starssworldproduction.com\/web\/wp-json\/wp\/v2\/types\/post"}],"author":[{"embeddable":true,"href":"https:\/\/starssworldproduction.com\/web\/wp-json\/wp\/v2\/users\/1"}],"replies":[{"embeddable":true,"href":"https:\/\/starssworldproduction.com\/web\/wp-json\/wp\/v2\/comments?post=11332"}],"version-history":[{"count":1,"href":"https:\/\/starssworldproduction.com\/web\/wp-json\/wp\/v2\/posts\/11332\/revisions"}],"predecessor-version":[{"id":11336,"href":"https:\/\/starssworldproduction.com\/web\/wp-json\/wp\/v2\/posts\/11332\/revisions\/11336"}],"wp:featuredmedia":[{"embeddable":true,"href":"https:\/\/starssworldproduction.com\/web\/wp-json\/wp\/v2\/media\/11335"}],"wp:attachment":[{"href":"https:\/\/starssworldproduction.com\/web\/wp-json\/wp\/v2\/media?parent=11332"}],"wp:term":[{"taxonomy":"category","embeddable":true,"href":"https:\/\/starssworldproduction.com\/web\/wp-json\/wp\/v2\/categories?post=11332"},{"taxonomy":"post_tag","embeddable":true,"href":"https:\/\/starssworldproduction.com\/web\/wp-json\/wp\/v2\/tags?post=11332"}],"curies":[{"name":"wp","href":"https:\/\/api.w.org\/{rel}","templated":true}]}}