{"id":11439,"date":"2026-09-01T13:00:15","date_gmt":"2026-09-01T13:00:15","guid":{"rendered":"https:\/\/starsworldproduction.com\/web\/2026\/09\/01\/premios-juventud-2026-marbella-europa\/"},"modified":"2026-09-01T13:18:12","modified_gmt":"2026-09-01T13:18:12","slug":"premios-juventud-2026-marbella-europa","status":"publish","type":"post","link":"https:\/\/starsworldproduction.com\/web\/2026\/09\/01\/premios-juventud-2026-marbella-europa\/","title":{"rendered":"Premios Juventud 2026 hace historia: por primera vez se celebra en Europa"},"content":{"rendered":"<p>La m\u00fasica latina vive un momento hist\u00f3rico. <strong>Premios Juventud<\/strong>, la gran gala del entretenimiento y la m\u00fasica latina producida por TelevisaUnivision, saldr\u00e1 por primera vez en sus 23 ediciones de Am\u00e9rica y aterrizar\u00e1 en <strong>Europa<\/strong>. La ceremonia se celebrar\u00e1 el pr\u00f3ximo <strong>3 de septiembre<\/strong> en el emblem\u00e1tico <strong>Starlite Marbella<\/strong>, en plena Costa del Sol espa\u00f1ola.<\/p>\n<p>La edici\u00f3n 23 de estos galardones, un cl\u00e1sico de la industria que re\u00fane lo mejor del talento hispano, promete convertirse en un acontecimiento global con una semana completa de actividades que culminar\u00e1 en la gran gala.<\/p>\n<h2>Presentadores de lujo<\/h2>\n<p>La conducci\u00f3n estar\u00e1 a cargo de tres figuras de peso: <strong>Jes\u00fas V\u00e1zquez<\/strong>, <strong>Clarissa Molina<\/strong> y <strong>Alejandra Espinoza<\/strong>, quienes recibir\u00e1n a las estrellas y guiar\u00e1n una noche que busca quedar en la historia.<\/p>\n<h2>Un cartel de lujo sobre el escenario<\/h2>\n<p>La lista de artistas confirmados re\u00fane a lo m\u00e1s destacado de la m\u00fasica en espa\u00f1ol: <strong>Marc Anthony<\/strong>, <strong>Quevedo<\/strong>, <strong>Morat<\/strong>, <strong>Manuel Carrasco<\/strong>, <strong>Antonio Banderas<\/strong> y <strong>La Oreja de Van Gogh<\/strong> pisar\u00e1n el escenario de Starlite. A ellos se suman <strong>Rosal\u00eda<\/strong>, <strong>Aitana<\/strong>, <strong>Alejandro Sanz<\/strong>, <strong>Karol G<\/strong>, <strong>Bad Bunny<\/strong> y <strong>Camilo<\/strong>, en una velada que promete actuaciones memorables.<\/p>\n<h2>Los m\u00e1s nominados<\/h2>\n<p>En la contienda por los galardones, el cantante mexicano <strong>Car\u00edn Le\u00f3n<\/strong> encabeza la lista con <strong>nueve nominaciones<\/strong>, seguido de cerca por <strong>Maluma<\/strong> (cinco candidaturas) y <strong>Camilo<\/strong> (dos, quien adem\u00e1s cantar\u00e1 en la gala).<\/p>\n<h2>D\u00f3nde ver la gala<\/h2>\n<p>La ceremonia ser\u00e1 retransmitida por <strong>RTVE<\/strong>, que llevar\u00e1 las c\u00e1maras de este evento hist\u00f3rico a Espa\u00f1a y Latinoam\u00e9rica a trav\u00e9s de sus plataformas.<\/p>\n<p><em>Editado por: <strong>Lu Hanover<\/strong> \/ Stars World Production<\/em><\/p>\n","protected":false},"excerpt":{"rendered":"<p>Premios Juventud 2026 se celebrar\u00e1 por primera vez en Europa, en Starlite Marbella. Fecha, presentadores, artistas y nominados de la edici\u00f3n 23.<\/p>\n","protected":false},"author":1,"featured_media":11442,"comment_status":"open","ping_status":"open","sticky":false,"template":"","format":"standard","meta":{"footnotes":""},"categories":[121,137],"tags":[229,964,1459,4074,4214,4690,8198],"class_list":["post-11439","post","type-post","status-publish","format-standard","has-post-thumbnail","category-noticias-musicales","category-premios-juventud","tag-1111-maluma-world-tour","tag-bad-bunny","tag-carin-leon","tag-karol-g","tag-la-semana-de-la-musica-latina","tag-marbella","tag-premios-juventud-2026"],"_links":{"self":[{"href":"https:\/\/starsworldproduction.com\/web\/wp-json\/wp\/v2\/posts\/11439","targetHints":{"allow":["GET"]}}],"collection":[{"href":"https:\/\/starsworldproduction.com\/web\/wp-json\/wp\/v2\/posts"}],"about":[{"href":"https:\/\/starsworldproduction.com\/web\/wp-json\/wp\/v2\/types\/post"}],"author":[{"embeddable":true,"href":"https:\/\/starsworldproduction.com\/web\/wp-json\/wp\/v2\/users\/1"}],"replies":[{"embeddable":true,"href":"https:\/\/starsworldproduction.com\/web\/wp-json\/wp\/v2\/comments?post=11439"}],"version-history":[{"count":1,"href":"https:\/\/starsworldproduction.com\/web\/wp-json\/wp\/v2\/posts\/11439\/revisions"}],"predecessor-version":[{"id":11441,"href":"https:\/\/starsworldproduction.com\/web\/wp-json\/wp\/v2\/posts\/11439\/revisions\/11441"}],"wp:featuredmedia":[{"embeddable":true,"href":"https:\/\/starsworldproduction.com\/web\/wp-json\/wp\/v2\/media\/11442"}],"wp:attachment":[{"href":"https:\/\/starsworldproduction.com\/web\/wp-json\/wp\/v2\/media?parent=11439"}],"wp:term":[{"taxonomy":"category","embeddable":true,"href":"https:\/\/starsworldproduction.com\/web\/wp-json\/wp\/v2\/categories?post=11439"},{"taxonomy":"post_tag","embeddable":true,"href":"https:\/\/starsworldproduction.com\/web\/wp-json\/wp\/v2\/tags?post=11439"}],"curies":[{"name":"wp","href":"https:\/\/api.w.org\/{rel}","templated":true}]}}