{"id":1202,"date":"2019-03-18T13:49:05","date_gmt":"2019-03-18T13:49:05","guid":{"rendered":"https:\/\/www.starsworldproduction.com\/?p=1202"},"modified":"2019-03-18T13:49:05","modified_gmt":"2019-03-18T13:49:05","slug":"j-balvin-confirma-nueva-colaboracion-junto-maluma","status":"publish","type":"post","link":"https:\/\/starsworldproduction.com\/web\/2019\/03\/18\/j-balvin-confirma-nueva-colaboracion-junto-maluma\/","title":{"rendered":"J Balvin confirma nueva colaboraci\u00f3n junto a Maluma"},"content":{"rendered":"<p id=\"p617559-m290-289-291\" class=\"parrafo first-parrafo \" style=\"text-align: justify;\">Los cantantes colombianos\u00a0<b>J Balvin\u00a0<\/b>y\u00a0<b>Maluma\u00a0<\/b>son dos de los mayores exponentes del reguet\u00f3n actual y mucho se especul\u00f3 sobre una posible colaboraci\u00f3n entre ambos. Ahora, el int\u00e9rprete de \u201cMi gente\u201d confirm\u00f3 que trabaja en un proyecto musical con su compatriota.<\/p>\n<p id=\"p617559-m300-1-301\" class=\"parrafo first-parrafo \" style=\"text-align: justify;\">En una entrevista al programa \u201cRapet\u00f3n\u201d,\u00a0<b>J Balvin\u00a0<\/b>confirm\u00f3 que realizar\u00e1 una colaboraci\u00f3n con\u00a0<b>Maluma<\/b>, dejando a un lado los rumores de una posible rivalidad entre ambos cantantes de reguet\u00f3n.<\/p>\n<p id=\"p617559-m305-2-306\" class=\"parrafo first-parrafo \" style=\"text-align: justify;\">Esta nueva canci\u00f3n formar\u00e1 parte de la nueva producci\u00f3n discogr\u00e1fica de\u00a0<b>Maluma\u00a0<\/b>llamada \u201c11:11\u201d y posiblemente de inicio a una serie de trabajos en conjunto entre los artistas.<\/p>\n<blockquote class=\"instagram-media\" style=\"background: #FFF; border: 0; border-radius: 3px; box-shadow: 0 0 1px 0 rgba(0,0,0,0.5),0 1px 10px 0 rgba(0,0,0,0.15); margin: 1px; max-width: 540px; min-width: 326px; padding: 0; width: calc(100% - 2px);\" data-instgrm-captioned=\"\" data-instgrm-permalink=\"https:\/\/www.instagram.com\/p\/BvCZzG9lZvc\/?utm_source=ig_embed&amp;utm_medium=loading\" data-instgrm-version=\"12\">\n<div style=\"padding: 16px;\">\n<p>&nbsp;<\/p>\n<div style=\"display: flex; flex-direction: row; align-items: center;\">\n<div style=\"background-color: #f4f4f4; border-radius: 50%; flex-grow: 0; height: 40px; margin-right: 14px; width: 40px;\"><\/div>\n<div style=\"display: flex; flex-direction: column; flex-grow: 1; justify-content: center;\">\n<div style=\"background-color: #f4f4f4; border-radius: 4px; flex-grow: 0; height: 14px; margin-bottom: 6px; width: 100px;\"><\/div>\n<div style=\"background-color: #f4f4f4; border-radius: 4px; flex-grow: 0; height: 14px; width: 60px;\"><\/div>\n<\/div>\n<\/div>\n<div style=\"padding: 19% 0;\"><\/div>\n<div style=\"display: block; height: 50px; margin: 0 auto 12px; width: 50px;\"><\/div>\n<div style=\"padding-top: 8px;\">\n<div style=\"color: #3897f0; font-family: Arial,sans-serif; font-size: 14px; font-style: normal; font-weight: 550; line-height: 18px;\">Ver esta publicaci\u00f3n en Instagram<\/div>\n<\/div>\n<div style=\"padding: 12.5% 0;\"><\/div>\n<div style=\"display: flex; flex-direction: row; margin-bottom: 14px; align-items: center;\">\n<div>\n<div style=\"background-color: #f4f4f4; border-radius: 50%; height: 12.5px; width: 12.5px; transform: translateX(0px) translateY(7px);\"><\/div>\n<div style=\"background-color: #f4f4f4; height: 12.5px; transform: rotate(-45deg) translateX(3px) translateY(1px); width: 12.5px; flex-grow: 0; margin-right: 14px; margin-left: 2px;\"><\/div>\n<div style=\"background-color: #f4f4f4; border-radius: 50%; height: 12.5px; width: 12.5px; transform: translateX(9px) translateY(-18px);\"><\/div>\n<\/div>\n<div style=\"margin-left: 8px;\">\n<div style=\"background-color: #f4f4f4; border-radius: 50%; flex-grow: 0; height: 20px; width: 20px;\"><\/div>\n<div style=\"width: 0; height: 0; border-top: 2px solid transparent; border-left: 6px solid #f4f4f4; border-bottom: 2px solid transparent; transform: translateX(16px) translateY(-4px) rotate(30deg);\"><\/div>\n<\/div>\n<div style=\"margin-left: auto;\">\n<div style=\"width: 0px; border-top: 8px solid #F4F4F4; border-right: 8px solid transparent; transform: translateY(16px);\"><\/div>\n<div style=\"background-color: #f4f4f4; flex-grow: 0; height: 12px; width: 16px; transform: translateY(-4px);\"><\/div>\n<div style=\"width: 0; height: 0; border-top: 8px solid #F4F4F4; border-left: 8px solid transparent; transform: translateY(-4px) translateX(8px);\"><\/div>\n<\/div>\n<\/div>\n<p>&nbsp;<\/p>\n<p style=\"margin: 8px 0 0 0; padding: 0 4px;\"><a style=\"color: #000; font-family: Arial,sans-serif; font-size: 14px; font-style: normal; font-weight: normal; line-height: 17px; text-decoration: none; word-wrap: break-word;\" href=\"https:\/\/www.instagram.com\/p\/BvCZzG9lZvc\/?utm_source=ig_embed&amp;utm_medium=loading\" target=\"_blank\" rel=\"noopener\">#Jbalvin hablando #Algranoconelguru disponible en Youtube @jbalvin @lavitadelguru | \ud83d\udcf8: @thatscrispi<\/a><\/p>\n<p style=\"color: #c9c8cd; font-family: Arial,sans-serif; font-size: 14px; line-height: 17px; margin-bottom: 0; margin-top: 8px; overflow: hidden; padding: 8px 0 7px; text-align: center; text-overflow: ellipsis; white-space: nowrap;\">Una publicaci\u00f3n compartida de <a style=\"color: #c9c8cd; font-family: Arial,sans-serif; font-size: 14px; font-style: normal; font-weight: normal; line-height: 17px;\" href=\"https:\/\/www.instagram.com\/rapetonoficial\/?utm_source=ig_embed&amp;utm_medium=loading\" target=\"_blank\" rel=\"noopener\"> Rapet\u00f3n \ud83c\udf4a<\/a> (@rapetonoficial) el <time style=\"font-family: Arial,sans-serif; font-size: 14px; line-height: 17px;\" datetime=\"2019-03-15T17:35:41+00:00\">15 Mar, 2019 a las 10:35 PDT<\/time><\/p>\n<\/div>\n<\/blockquote>\n<p><script async src=\"\/\/www.instagram.com\/embed.js\"><\/script><\/p>\n<p id=\"p617559-m315-4-316\" class=\"parrafo first-parrafo \" style=\"text-align: justify;\"><b>J Balvin\u00a0<\/b>afirm\u00f3 que los comentarios sobre una presunta rivalidad con\u00a0<b>Maluma\u00a0<\/b>son malintencionados y solo \u201cespeculaciones entre equipos de trabajo\u201d. Expres\u00f3 que al ser dos figuras tan representativas del reguet\u00f3n en el pa\u00eds siempre hab\u00eda espacio para compararlos. \u201ctiene una buena vibra\u201d, dijo el int\u00e9rprete de \u201cX\u201d.<\/p>\n<p id=\"p617559-m320-5-321\" class=\"parrafo first-parrafo \" style=\"text-align: justify;\">\u201cYo siento que hemos madurado mucho. Ahora la conexi\u00f3n que tengo con Juan Luis (nombre real del \u2018Pretty boy\u2019) es bien especial. Seguimos siendo competencia pero cada uno tiene un color muy claro. T\u00fa ya ves que la m\u00fasica de\u00a0<b>Maluma\u00a0<\/b>no tiene que ver nada con la m\u00eda y viceversa. Somos parceros y nos llevamos bien&#8230; tenemos canci\u00f3n juntos, saldr\u00e1 para su \u00e1lbum y seguiremos trabajando lo que podamos hacer\u201d, agreg\u00f3\u00a0<b>J Balvin\u00a0<\/b>en la entrevista.<\/p>\n<p id=\"p617559-m325-6-326\" class=\"parrafo first-parrafo \" style=\"text-align: justify;\">Por otro lado,\u00a0<b>J Balvin\u00a0<\/b>tambi\u00e9n se refiri\u00f3 a su distanciamiento del puertorrique\u00f1o Anuel AA. El cantante dijo que cada uno sigui\u00f3 su camino, pero que hace alg\u00fan tiempo volvieron a hablar y se declar\u00f3 su fan\u00e1tico.<\/p>\n<p id=\"p617559-m330-7-331\" class=\"parrafo first-parrafo \" style=\"text-align: justify;\">\u201cNos desconectamos un tiempo, no fue por tener una enemistad. Cada uno cogi\u00f3 por su lado, hace poco tuvimos la oportunidad de hablar. Cada quien toma el \u00e9xito de la manera que lo quiera tomar, pero finalmente tuvimos la oportunidad de hablar\u201d, refiri\u00f3.<\/p>\n<div><\/div>\n<div><iframe loading=\"lazy\" src=\"https:\/\/www.youtube.com\/embed\/oEFxTa1GcKE\" width=\"560\" height=\"315\" frameborder=\"0\" allowfullscreen=\"allowfullscreen\"><\/iframe><\/div>\n<div><\/div>\n<h6 id=\"p617559-m310-3-311\" class=\"html_libre wf-module\" style=\"text-align: justify;\">Fuente: El Comercio<\/h6>\n<div><\/div>\n","protected":false},"excerpt":{"rendered":"<p>Los cantantes colombianos\u00a0J Balvin\u00a0y\u00a0Maluma\u00a0son dos de los mayores exponentes del reguet\u00f3n actual y mucho se especul\u00f3 sobre una posible colaboraci\u00f3n entre ambos. Ahora, el int\u00e9rprete de \u201cMi gente\u201d confirm\u00f3 que trabaja en un proyecto musical con su compatriota. En una entrevista al programa \u201cRapet\u00f3n\u201d,\u00a0J Balvin\u00a0confirm\u00f3 que realizar\u00e1 una colaboraci\u00f3n con\u00a0Maluma, dejando a un lado los [&hellip;]<\/p>\n","protected":false},"author":1,"featured_media":1203,"comment_status":"open","ping_status":"open","sticky":false,"template":"","format":"standard","meta":{"footnotes":""},"categories":[121],"tags":[759,856,1420,2301,3777,3828,3995,4653,4950,5141,5656,5903,6008,6162,6254,6364,6526,6817,7712,7847],"class_list":["post-1202","post","type-post","status-publish","format-standard","has-post-thumbnail","category-noticias-musicales","tag-anuel-aa","tag-artistas","tag-cantantes","tag-discografica","tag-interprete","tag-j-balvin","tag-juan-luis","tag-maluma","tag-mi-gente","tag-musica","tag-parceros","tag-posible-rivalidad","tag-pretty-boy","tag-puertorriqueno","tag-rapeton","tag-regueton","tag-rivalidad","tag-serie","tag-video","tag-x"],"_links":{"self":[{"href":"https:\/\/starsworldproduction.com\/web\/wp-json\/wp\/v2\/posts\/1202","targetHints":{"allow":["GET"]}}],"collection":[{"href":"https:\/\/starsworldproduction.com\/web\/wp-json\/wp\/v2\/posts"}],"about":[{"href":"https:\/\/starsworldproduction.com\/web\/wp-json\/wp\/v2\/types\/post"}],"author":[{"embeddable":true,"href":"https:\/\/starsworldproduction.com\/web\/wp-json\/wp\/v2\/users\/1"}],"replies":[{"embeddable":true,"href":"https:\/\/starsworldproduction.com\/web\/wp-json\/wp\/v2\/comments?post=1202"}],"version-history":[{"count":0,"href":"https:\/\/starsworldproduction.com\/web\/wp-json\/wp\/v2\/posts\/1202\/revisions"}],"wp:featuredmedia":[{"embeddable":true,"href":"https:\/\/starsworldproduction.com\/web\/wp-json\/wp\/v2\/media\/1203"}],"wp:attachment":[{"href":"https:\/\/starsworldproduction.com\/web\/wp-json\/wp\/v2\/media?parent=1202"}],"wp:term":[{"taxonomy":"category","embeddable":true,"href":"https:\/\/starsworldproduction.com\/web\/wp-json\/wp\/v2\/categories?post=1202"},{"taxonomy":"post_tag","embeddable":true,"href":"https:\/\/starsworldproduction.com\/web\/wp-json\/wp\/v2\/tags?post=1202"}],"curies":[{"name":"wp","href":"https:\/\/api.w.org\/{rel}","templated":true}]}}