{"id":1216,"date":"2019-03-20T14:16:28","date_gmt":"2019-03-20T14:16:28","guid":{"rendered":"https:\/\/www.starsworldproduction.com\/?p=1216"},"modified":"2019-03-20T14:16:28","modified_gmt":"2019-03-20T14:16:28","slug":"luis-miguel-anuncia-luis-miguel-tour-2019-estados-unidos","status":"publish","type":"post","link":"https:\/\/starsworldproduction.com\/web\/2019\/03\/20\/luis-miguel-anuncia-luis-miguel-tour-2019-estados-unidos\/","title":{"rendered":"Luis Miguel anuncia Luis Miguel Tour 2019 por Estados Unidos"},"content":{"rendered":"<p style=\"text-align: justify;\">\u00a0<b>Luis Miguel<\/b>\u00a0anunci\u00f3 una nueva gira de conciertos que recorrer\u00e1 Estados Unidos entre los meses de Junio y Julio.<\/p>\n<blockquote class=\"instagram-media\" style=\"background: #FFF; border: 0; border-radius: 3px; box-shadow: 0 0 1px 0 rgba(0,0,0,0.5),0 1px 10px 0 rgba(0,0,0,0.15); margin: 1px; max-width: 540px; min-width: 326px; padding: 0; width: calc(100% - 2px);\" data-instgrm-captioned=\"\" data-instgrm-permalink=\"https:\/\/www.instagram.com\/p\/Bu3uMaQl58s\/?utm_source=ig_embed&amp;utm_medium=loading\" data-instgrm-version=\"12\">\n<div style=\"padding: 16px;\">\n<p>&nbsp;<\/p>\n<div style=\"display: flex; flex-direction: row; align-items: center;\">\n<div style=\"background-color: #f4f4f4; border-radius: 50%; flex-grow: 0; height: 40px; margin-right: 14px; width: 40px;\"><\/div>\n<div style=\"display: flex; flex-direction: column; flex-grow: 1; justify-content: center;\">\n<div style=\"background-color: #f4f4f4; border-radius: 4px; flex-grow: 0; height: 14px; margin-bottom: 6px; width: 100px;\"><\/div>\n<div style=\"background-color: #f4f4f4; border-radius: 4px; flex-grow: 0; height: 14px; width: 60px;\"><\/div>\n<\/div>\n<\/div>\n<div style=\"padding: 19% 0;\"><\/div>\n<div style=\"display: block; height: 50px; margin: 0 auto 12px; width: 50px;\"><\/div>\n<div style=\"padding-top: 8px;\">\n<div style=\"color: #3897f0; font-family: Arial,sans-serif; font-size: 14px; font-style: normal; font-weight: 550; line-height: 18px;\">Ver esta publicaci\u00f3n en Instagram<\/div>\n<\/div>\n<div style=\"padding: 12.5% 0;\"><\/div>\n<div style=\"display: flex; flex-direction: row; margin-bottom: 14px; align-items: center;\">\n<div>\n<div style=\"background-color: #f4f4f4; border-radius: 50%; height: 12.5px; width: 12.5px; transform: translateX(0px) translateY(7px);\"><\/div>\n<div style=\"background-color: #f4f4f4; height: 12.5px; transform: rotate(-45deg) translateX(3px) translateY(1px); width: 12.5px; flex-grow: 0; margin-right: 14px; margin-left: 2px;\"><\/div>\n<div style=\"background-color: #f4f4f4; border-radius: 50%; height: 12.5px; width: 12.5px; transform: translateX(9px) translateY(-18px);\"><\/div>\n<\/div>\n<div style=\"margin-left: 8px;\">\n<div style=\"background-color: #f4f4f4; border-radius: 50%; flex-grow: 0; height: 20px; width: 20px;\"><\/div>\n<div style=\"width: 0; height: 0; border-top: 2px solid transparent; border-left: 6px solid #f4f4f4; border-bottom: 2px solid transparent; transform: translateX(16px) translateY(-4px) rotate(30deg);\"><\/div>\n<\/div>\n<div style=\"margin-left: auto;\">\n<div style=\"width: 0px; border-top: 8px solid #F4F4F4; border-right: 8px solid transparent; transform: translateY(16px);\"><\/div>\n<div style=\"background-color: #f4f4f4; flex-grow: 0; height: 12px; width: 16px; transform: translateY(-4px);\"><\/div>\n<div style=\"width: 0; height: 0; border-top: 8px solid #F4F4F4; border-left: 8px solid transparent; transform: translateY(-4px) translateX(8px);\"><\/div>\n<\/div>\n<\/div>\n<p>&nbsp;<\/p>\n<p style=\"margin: 8px 0 0 0; padding: 0 4px;\"><a style=\"color: #000; font-family: Arial,sans-serif; font-size: 14px; font-style: normal; font-weight: normal; line-height: 17px; text-decoration: none; word-wrap: break-word;\" href=\"https:\/\/www.instagram.com\/p\/Bu3uMaQl58s\/?utm_source=ig_embed&amp;utm_medium=loading\" target=\"_blank\" rel=\"noopener\">#LuisMiguelTour2019 llegar\u00e1 pronto a Norte Am\u00e9rica! La preventa comienza el 3\/13 a las 10am hora local. Fechas y entradas en el link de la bio.<\/a><\/p>\n<p style=\"color: #c9c8cd; font-family: Arial,sans-serif; font-size: 14px; line-height: 17px; margin-bottom: 0; margin-top: 8px; overflow: hidden; padding: 8px 0 7px; text-align: center; text-overflow: ellipsis; white-space: nowrap;\">Una publicaci\u00f3n compartida de <a style=\"color: #c9c8cd; font-family: Arial,sans-serif; font-size: 14px; font-style: normal; font-weight: normal; line-height: 17px;\" href=\"https:\/\/www.instagram.com\/lmxlm\/?utm_source=ig_embed&amp;utm_medium=loading\" target=\"_blank\" rel=\"noopener\"> Luis Miguel<\/a> (@lmxlm) el <time style=\"font-family: Arial,sans-serif; font-size: 14px; line-height: 17px;\" datetime=\"2019-03-11T14:02:15+00:00\">11 Mar, 2019 a las 7:02 PDT<\/time><\/p>\n<\/div>\n<\/blockquote>\n<p><script async src=\"\/\/www.instagram.com\/embed.js\"><\/script><\/p>\n<p id=\"p615891-m1300-2-1301\" class=\"parrafo first-parrafo\" style=\"text-align: justify;\">La promotora musical\u00a0<b>Live Nation<\/b>\u00a0emiti\u00f3 este Lunes un comunicado detallando esta gira del c\u00e9lebre artista que comenzar\u00e1 el 1 de Junio en\u00a0<b>Phoenix<\/b>\u00a0(EE.UU.).<\/p>\n<p id=\"p615891-m1305-3-1306\" class=\"parrafo first-parrafo\" style=\"text-align: justify;\">Con dieciocho actuaciones confirmadas en EE.UU.,\u00a0<b>Luis Miguel\u00a0<\/b>pasar\u00e1 por otras ciudades como\u00a0<b>Oklahoma, Kansas, Chicago, Boston<\/b>\u00a0o\u00a0<b>Miami<\/b>.<\/p>\n<p id=\"p615891-m1310-4-1311\" class=\"parrafo first-parrafo\" style=\"text-align: justify;\">La parte final del tour se desarrollar\u00e1 en\u00a0<b>Texas<\/b>, donde\u00a0<b>Luis Miguel<\/b>\u00a0ofrecer\u00e1 seis conciertos, incluyendo presentaciones en\u00a0<b>Houston<\/b>\u00a0o\u00a0<b>Laredo<\/b>, antes de cerrar la gira el 6 de Julio en\u00a0<b>El Paso<\/b>.<\/p>\n<p id=\"p615891-m1315-5-1316\" class=\"parrafo first-parrafo\" style=\"text-align: justify;\">\u00ab<b>Luis Miguel<\/b>\u00a0siempre ha establecido r\u00e9cords sin precedentes, no solo por su extraordinaria voz y su versatilidad que lo ubica en distintos g\u00e9neros, como el pop, el bolero, el mariachi, la gran banda y las baladas rom\u00e1nticas, sino tambi\u00e9n a ra\u00edz de la preparaci\u00f3n, la elegancia y su arte genuino\u00bb, asegur\u00f3\u00a0<b>Live Nation\u00a0<\/b>en su nota de prensa.<\/p>\n<blockquote class=\"instagram-media\" style=\"background: #FFF; border: 0; border-radius: 3px; box-shadow: 0 0 1px 0 rgba(0,0,0,0.5),0 1px 10px 0 rgba(0,0,0,0.15); margin: 1px; max-width: 540px; min-width: 326px; padding: 0; width: calc(100% - 2px);\" data-instgrm-captioned=\"\" data-instgrm-permalink=\"https:\/\/www.instagram.com\/p\/Bucpi4hFVUy\/?utm_source=ig_embed&amp;utm_medium=loading\" data-instgrm-version=\"12\">\n<div style=\"padding: 16px;\">\n<p>&nbsp;<\/p>\n<div style=\"display: flex; flex-direction: row; align-items: center;\">\n<div style=\"background-color: #f4f4f4; border-radius: 50%; flex-grow: 0; height: 40px; margin-right: 14px; width: 40px;\"><\/div>\n<div style=\"display: flex; flex-direction: column; flex-grow: 1; justify-content: center;\">\n<div style=\"background-color: #f4f4f4; border-radius: 4px; flex-grow: 0; height: 14px; margin-bottom: 6px; width: 100px;\"><\/div>\n<div style=\"background-color: #f4f4f4; border-radius: 4px; flex-grow: 0; height: 14px; width: 60px;\"><\/div>\n<\/div>\n<\/div>\n<div style=\"padding: 19% 0;\"><\/div>\n<div style=\"display: block; height: 50px; margin: 0 auto 12px; width: 50px;\"><\/div>\n<div style=\"padding-top: 8px;\">\n<div style=\"color: #3897f0; font-family: Arial,sans-serif; font-size: 14px; font-style: normal; font-weight: 550; line-height: 18px;\">Ver esta publicaci\u00f3n en Instagram<\/div>\n<\/div>\n<div style=\"padding: 12.5% 0;\"><\/div>\n<div style=\"display: flex; flex-direction: row; margin-bottom: 14px; align-items: center;\">\n<div>\n<div style=\"background-color: #f4f4f4; border-radius: 50%; height: 12.5px; width: 12.5px; transform: translateX(0px) translateY(7px);\"><\/div>\n<div style=\"background-color: #f4f4f4; height: 12.5px; transform: rotate(-45deg) translateX(3px) translateY(1px); width: 12.5px; flex-grow: 0; margin-right: 14px; margin-left: 2px;\"><\/div>\n<div style=\"background-color: #f4f4f4; border-radius: 50%; height: 12.5px; width: 12.5px; transform: translateX(9px) translateY(-18px);\"><\/div>\n<\/div>\n<div style=\"margin-left: 8px;\">\n<div style=\"background-color: #f4f4f4; border-radius: 50%; flex-grow: 0; height: 20px; width: 20px;\"><\/div>\n<div style=\"width: 0; height: 0; border-top: 2px solid transparent; border-left: 6px solid #f4f4f4; border-bottom: 2px solid transparent; transform: translateX(16px) translateY(-4px) rotate(30deg);\"><\/div>\n<\/div>\n<div style=\"margin-left: auto;\">\n<div style=\"width: 0px; border-top: 8px solid #F4F4F4; border-right: 8px solid transparent; transform: translateY(16px);\"><\/div>\n<div style=\"background-color: #f4f4f4; flex-grow: 0; height: 12px; width: 16px; transform: translateY(-4px);\"><\/div>\n<div style=\"width: 0; height: 0; border-top: 8px solid #F4F4F4; border-left: 8px solid transparent; transform: translateY(-4px) translateX(8px);\"><\/div>\n<\/div>\n<\/div>\n<p>&nbsp;<\/p>\n<p style=\"margin: 8px 0 0 0; padding: 0 4px;\"><a style=\"color: #000; font-family: Arial,sans-serif; font-size: 14px; font-style: normal; font-weight: normal; line-height: 17px; text-decoration: none; word-wrap: break-word;\" href=\"https:\/\/www.instagram.com\/p\/Bucpi4hFVUy\/?utm_source=ig_embed&amp;utm_medium=loading\" target=\"_blank\" rel=\"noopener\">Incre\u00edble p\u00fablico C\u00f3rdoba! #LuisMiguelTour2019<\/a><\/p>\n<p style=\"color: #c9c8cd; font-family: Arial,sans-serif; font-size: 14px; line-height: 17px; margin-bottom: 0; margin-top: 8px; overflow: hidden; padding: 8px 0 7px; text-align: center; text-overflow: ellipsis; white-space: nowrap;\">Una publicaci\u00f3n compartida de <a style=\"color: #c9c8cd; font-family: Arial,sans-serif; font-size: 14px; font-style: normal; font-weight: normal; line-height: 17px;\" href=\"https:\/\/www.instagram.com\/lmxlm\/?utm_source=ig_embed&amp;utm_medium=loading\" target=\"_blank\" rel=\"noopener\"> Luis Miguel<\/a> (@lmxlm) el <time style=\"font-family: Arial,sans-serif; font-size: 14px; line-height: 17px;\" datetime=\"2019-03-01T01:42:08+00:00\">28 Feb, 2019 a las 5:42 PST<\/time><\/p>\n<\/div>\n<\/blockquote>\n<p><script async src=\"\/\/www.instagram.com\/embed.js\"><\/script><\/p>\n<p id=\"p615891-m1320-6-1321\" class=\"parrafo first-parrafo\" style=\"text-align: justify;\">Antes de afrontar esta gira estadounidense, el cantante recorrer\u00e1 gran parte de Latinoam\u00e9rica en lo que queda de Marzo.<\/p>\n<p id=\"p615891-m1325-7-1326\" class=\"parrafo first-parrafo\" style=\"text-align: justify;\">Ecuador, Colombia, Panam\u00e1, Costa Rica, El Salvador, Rep\u00fablica Dominicana y Puerto Rico podr\u00e1n disfrutar estas semanas y en vivo de\u00a0<b>Luis Miguel<\/b>, que dentro de su \u00abTour 2019\u00bb ya se ha subido este a\u00f1o a los escenarios de Per\u00fa, Chile, Argentina y Paraguay.<\/p>\n<p id=\"p615891-m1330-8-1331\" class=\"parrafo first-parrafo\" style=\"text-align: justify;\">Tras atravesar graves problemas profesionales y personales que afectaron notablemente a su carrera,\u00a0<b>Luis Miguel<\/b>\u00a0ha vivido en los \u00faltimos tiempos un resurgir en su popularidad gracias, entre otros aspectos, a la exitosa producci\u00f3n televisiva de Netflix \u00abLuis Miguel: la serie\u00bb, que protagoniz\u00f3 Diego Boneta y que retrataba la figura del cantante conocido como \u00abEl Sol de M\u00e9xico\u00bb.<\/p>\n<p id=\"p615891-m1335-9-1336\" class=\"parrafo first-parrafo\" style=\"text-align: justify;\">Adem\u00e1s,\u00a0<b>Luis Miguel<\/b>\u00a0fue uno de los principales triunfadores de la \u00faltima edici\u00f3n de los Latin Grammy, en donde se llev\u00f3 dos gram\u00f3fonos dorados: \u00e1lbum del a\u00f1o y mejor disco de m\u00fasica ranchera\/mariachi, ambos gracias a su trabajo \u00ab<b>M\u00e9xico por Siempre<\/b>\u00ab.<\/p>\n<p>&nbsp;<\/p>\n<h6 id=\"p615891-m1340-10-1341\" class=\"parrafo first-parrafo\">Fuente: EFE.<\/h6>\n","protected":false},"excerpt":{"rendered":"<p>\u00a0Luis Miguel\u00a0anunci\u00f3 una nueva gira de conciertos que recorrer\u00e1 Estados Unidos entre los meses de Junio y Julio. &nbsp; Ver esta publicaci\u00f3n en Instagram &nbsp; #LuisMiguelTour2019 llegar\u00e1 pronto a Norte Am\u00e9rica! La preventa comienza el 3\/13 a las 10am hora local. Fechas y entradas en el link de la bio. Una publicaci\u00f3n compartida de Luis [&hellip;]<\/p>\n","protected":false},"author":1,"featured_media":1217,"comment_status":"open","ping_status":"open","sticky":false,"template":"","format":"standard","meta":{"footnotes":""},"categories":[121],"tags":[537,804,825,1005,1183,1207,1613,1619,1767,1858,1965,2248,2289,2291,2452,2467,2547,2562,2563,2580,2813,2816,3242,3274,3340,3345,3570,4031,4035,4065,4269,4298,4456,4581,4582,4583,4713,4931,4959,5155,5240,5378,5502,5630,5652,5767,5777,5865,6159,6318,6427,7199,7251,7377,7379],"class_list":["post-1216","post","type-post","status-publish","format-standard","has-post-thumbnail","category-noticias-musicales","tag-album-del-ano","tag-argentina","tag-arte-genuino","tag-baladas-romanticas","tag-bolero","tag-boston","tag-chicago","tag-chile","tag-colombia","tag-conciertos","tag-costa-rica","tag-diego-boneta","tag-disco","tag-disco-de-musica-ranchera","tag-ecuador","tag-ee-uu","tag-el-paso","tag-el-salvador","tag-el-sol-de-mexico","tag-elegancia","tag-estados-unidos","tag-estadounidense","tag-generos","tag-gira","tag-gramofonos-dorados","tag-gran-banda","tag-houston","tag-julio","tag-junio","tag-kansas","tag-laredo","tag-latin-grammy","tag-live-nation","tag-luis-miguel","tag-luis-miguel-la-serie","tag-luis-miguel-tour-2019","tag-mariachi","tag-mexico-por-siempre","tag-miami","tag-musica-ranchera","tag-netflix","tag-nota-de-prensa","tag-oklahoma","tag-panama","tag-paraguay","tag-peru","tag-phoenix","tag-pop","tag-puerto-rico","tag-records","tag-republica-dominicana","tag-televisiva","tag-texas","tag-tour","tag-tour-2019"],"_links":{"self":[{"href":"https:\/\/starsworldproduction.com\/web\/wp-json\/wp\/v2\/posts\/1216","targetHints":{"allow":["GET"]}}],"collection":[{"href":"https:\/\/starsworldproduction.com\/web\/wp-json\/wp\/v2\/posts"}],"about":[{"href":"https:\/\/starsworldproduction.com\/web\/wp-json\/wp\/v2\/types\/post"}],"author":[{"embeddable":true,"href":"https:\/\/starsworldproduction.com\/web\/wp-json\/wp\/v2\/users\/1"}],"replies":[{"embeddable":true,"href":"https:\/\/starsworldproduction.com\/web\/wp-json\/wp\/v2\/comments?post=1216"}],"version-history":[{"count":0,"href":"https:\/\/starsworldproduction.com\/web\/wp-json\/wp\/v2\/posts\/1216\/revisions"}],"wp:featuredmedia":[{"embeddable":true,"href":"https:\/\/starsworldproduction.com\/web\/wp-json\/wp\/v2\/media\/1217"}],"wp:attachment":[{"href":"https:\/\/starsworldproduction.com\/web\/wp-json\/wp\/v2\/media?parent=1216"}],"wp:term":[{"taxonomy":"category","embeddable":true,"href":"https:\/\/starsworldproduction.com\/web\/wp-json\/wp\/v2\/categories?post=1216"},{"taxonomy":"post_tag","embeddable":true,"href":"https:\/\/starsworldproduction.com\/web\/wp-json\/wp\/v2\/tags?post=1216"}],"curies":[{"name":"wp","href":"https:\/\/api.w.org\/{rel}","templated":true}]}}