{"id":1231,"date":"2019-03-21T13:22:15","date_gmt":"2019-03-21T13:22:15","guid":{"rendered":"https:\/\/www.starsworldproduction.com\/?p=1231"},"modified":"2019-03-21T13:22:15","modified_gmt":"2019-03-21T13:22:15","slug":"estan-tramando-sebastian-yatra-tini-se-rumora-noviazgo","status":"publish","type":"post","link":"https:\/\/starsworldproduction.com\/web\/2019\/03\/21\/estan-tramando-sebastian-yatra-tini-se-rumora-noviazgo\/","title":{"rendered":"\u00bfQu\u00e9 est\u00e1n tramando Sebasti\u00e1n Yatra y Tini? Se rumora noviazgo"},"content":{"rendered":"<p style=\"text-align: justify;\"><strong>Sebasti\u00e1n Yatra<\/strong>\u00a0y\u00a0<strong>Tini<\/strong>\u00a0parecen estar ocultando algo al publicar un par de\u00a0<strong>fotos\u00a0<\/strong>juntos que han desatado muchos\u00a0<strong>rumores<\/strong>. En su cuenta de\u00a0<strong>Instagram<\/strong>, el cantante public\u00f3 una\u00a0<strong>foto<\/strong>\u00a0en blanco y negro muy sospechosa donde aparece abrazando a<strong>\u00a0Tini<\/strong>, los fans de los artistas se preguntan qu\u00e9 est\u00e1 sucediendo.<\/p>\n<blockquote class=\"instagram-media\" style=\"background: #FFF; border: 0; border-radius: 3px; box-shadow: 0 0 1px 0 rgba(0,0,0,0.5),0 1px 10px 0 rgba(0,0,0,0.15); margin: 1px; max-width: 540px; min-width: 326px; padding: 0; width: calc(100% - 2px);\" data-instgrm-captioned=\"\" data-instgrm-permalink=\"https:\/\/www.instagram.com\/p\/BvEvUf1BfMS\/?utm_source=ig_embed&amp;utm_medium=loading\" data-instgrm-version=\"12\">\n<div style=\"padding: 16px;\">\n<p>&nbsp;<\/p>\n<div style=\"display: flex; flex-direction: row; align-items: center;\"><\/div>\n<div style=\"padding: 19% 0;\"><\/div>\n<div style=\"display: block; height: 50px; margin: 0 auto 12px; width: 50px;\"><\/div>\n<div style=\"padding-top: 8px;\">\n<div style=\"color: #3897f0; font-family: Arial,sans-serif; font-size: 14px; font-style: normal; font-weight: 550; line-height: 18px;\">Ver esta publicaci\u00f3n en Instagram<\/div>\n<\/div>\n<div style=\"padding: 12.5% 0;\"><\/div>\n<div style=\"display: flex; flex-direction: row; margin-bottom: 14px; align-items: center;\"><\/div>\n<p>&nbsp;<\/p>\n<p style=\"margin: 8px 0 0 0; padding: 0 4px;\"><a style=\"color: #000; font-family: Arial,sans-serif; font-size: 14px; font-style: normal; font-weight: normal; line-height: 17px; text-decoration: none; word-wrap: break-word;\" href=\"https:\/\/www.instagram.com\/p\/BvEvUf1BfMS\/?utm_source=ig_embed&amp;utm_medium=loading\" target=\"_blank\" rel=\"noopener\">@tinistoessel \u2764\ufe0f\u2764\ufe0f #Cristina \ud83c\udfbc\ud83d\ude43 ESTE VIERNES 22.03.19 \ud83d\ude4f\ud83c\udffb<\/a><\/p>\n<p style=\"color: #c9c8cd; font-family: Arial,sans-serif; font-size: 14px; line-height: 17px; margin-bottom: 0; margin-top: 8px; overflow: hidden; padding: 8px 0 7px; text-align: center; text-overflow: ellipsis; white-space: nowrap;\">Una publicaci\u00f3n compartida de <a style=\"color: #c9c8cd; font-family: Arial,sans-serif; font-size: 14px; font-style: normal; font-weight: normal; line-height: 17px;\" href=\"https:\/\/www.instagram.com\/sebastianyatra\/?utm_source=ig_embed&amp;utm_medium=loading\" target=\"_blank\" rel=\"noopener\"> Sebastian Yatra<\/a> (@sebastianyatra) el <time style=\"font-family: Arial,sans-serif; font-size: 14px; line-height: 17px;\" datetime=\"2019-03-16T15:22:13+00:00\">16 Mar, 2019 a las 8:22 PDT<\/time><\/p>\n<\/div>\n<\/blockquote>\n<p><script src=\"\/\/www.instagram.com\/embed.js\" async=\"\"><\/script><\/p>\n<p>A trav\u00e9s de su cuenta en\u00a0<strong>Twitter<\/strong>,\u00a0<strong>Tini<\/strong>\u00a0 tambi\u00e9n comparti\u00f3 una\u00a0<strong>foto\u00a0<\/strong>donde aparece muy cerca de\u00a0<strong>Sebasti\u00e1n Yatra<\/strong>,\u00a0ambos salen sacando la lengua y est\u00e1n a una distancia muy peligrosa. Tini escribi\u00f3 la descripci\u00f3n: \u00abeste viernes\u00bb.<\/p>\n<blockquote class=\"twitter-tweet\" data-lang=\"es\"><p>\nSebas \ud83e\udd2a\ud83d\udc96 este viernes <a href=\"https:\/\/twitter.com\/hashtag\/Cristina?src=hash&amp;ref_src=twsrc%5Etfw\">#Cristina<\/a> <a href=\"https:\/\/twitter.com\/SebastianYatra?ref_src=twsrc%5Etfw\">@sebastianyatra<\/a> <a href=\"https:\/\/t.co\/6x2ZTwZkaq\">https:\/\/t.co\/6x2ZTwZkaq<\/a> <a href=\"https:\/\/t.co\/DjyrQ8XPU9\">pic.twitter.com\/DjyrQ8XPU9<\/a><\/p>\n<p>\u2014 TINI (@TiniStoessel) <a href=\"https:\/\/twitter.com\/TiniStoessel\/status\/1107003562264010753?ref_src=twsrc%5Etfw\">16 de marzo de 2019<\/a>\n<\/p><\/blockquote>\n<p><script src=\"https:\/\/platform.twitter.com\/widgets.js\" async=\"\" charset=\"utf-8\"><\/script><\/p>\n<p style=\"text-align: justify;\">Como era de esperarse, los fans de ambos artistas no tardaron en sacar sus propias conclusiones y los\u00a0<strong>rumores\u00a0<\/strong>sobre un romance entre ambos y una colaboraci\u00f3n son los m\u00e1s fuertes entre los comentarios de la publicaci\u00f3n.<\/p>\n<p style=\"text-align: justify;\">Tal como lo dijo\u00a0<strong>Tini\u00a0<\/strong>en la sospechosa\u00a0<strong>foto\u00a0<\/strong>publicada en\u00a0<strong>Twitter<\/strong>, el pr\u00f3ximo Viernes sabremos de qu\u00e9 se trata todo esto.\u00a0Por otra parte,\u00a0<strong>Sebasti\u00e1n<\/strong>\u00a0<strong>Yatra<\/strong>\u00a0se encuentra de tour por Europa y a punto de lanzar su nuevo disco &#8216;Fantas\u00eda&#8217;.<\/p>\n<blockquote class=\"instagram-media\" style=\"background: #FFF; border: 0; border-radius: 3px; box-shadow: 0 0 1px 0 rgba(0,0,0,0.5),0 1px 10px 0 rgba(0,0,0,0.15); margin: 1px; max-width: 540px; min-width: 326px; padding: 0; width: calc(100% - 2px);\" data-instgrm-captioned=\"\" data-instgrm-permalink=\"https:\/\/www.instagram.com\/p\/BtsAhKpHErd\/?utm_source=ig_embed&amp;utm_medium=loading\" data-instgrm-version=\"12\">\n<div style=\"padding: 16px;\"><a style=\"background: #FFFFFF; line-height: 0; padding: 0 0; text-align: center; text-decoration: none; width: 100%;\" href=\"https:\/\/www.instagram.com\/p\/BtsAhKpHErd\/?utm_source=ig_embed&amp;utm_medium=loading\" target=\"_blank\"><br \/>\n<\/a><\/p>\n<div style=\"display: flex; flex-direction: row; align-items: center;\"><\/div>\n<div style=\"padding: 19% 0;\"><\/div>\n<div style=\"display: block; height: 50px; margin: 0 auto 12px; width: 50px;\"><\/div>\n<div style=\"padding-top: 8px;\">\n<div style=\"color: #3897f0; font-family: Arial,sans-serif; font-size: 14px; font-style: normal; font-weight: 550; line-height: 18px;\">Ver esta publicaci\u00f3n en Instagram<\/div>\n<\/div>\n<p style=\"margin: 8px 0 0 0; padding: 0 4px;\"><a style=\"color: #000; font-family: Arial,sans-serif; font-size: 14px; font-style: normal; font-weight: normal; line-height: 17px; text-decoration: none; word-wrap: break-word;\" href=\"https:\/\/www.instagram.com\/p\/BtsAhKpHErd\/?utm_source=ig_embed&amp;utm_medium=loading\" target=\"_blank\">@sebastianyatra \u263a\ufe0f<\/a><\/p>\n<p style=\"color: #c9c8cd; font-family: Arial,sans-serif; font-size: 14px; line-height: 17px; margin-bottom: 0; margin-top: 8px; overflow: hidden; padding: 8px 0 7px; text-align: center; text-overflow: ellipsis; white-space: nowrap;\">Una publicaci\u00f3n compartida de <a style=\"color: #c9c8cd; font-family: Arial,sans-serif; font-size: 14px; font-style: normal; font-weight: normal; line-height: 17px;\" href=\"https:\/\/www.instagram.com\/tinistoessel\/?utm_source=ig_embed&amp;utm_medium=loading\" target=\"_blank\"> TINI<\/a> (@tinistoessel) el <time style=\"font-family: Arial,sans-serif; font-size: 14px; line-height: 17px;\" datetime=\"2019-02-10T04:20:06+00:00\">9 Feb, 2019 a las 8:20 PST<\/time><\/p>\n<\/div>\n<\/blockquote>\n<p><script src=\"\/\/www.instagram.com\/embed.js\" async=\"\"><\/script><\/p>\n<h6>Fuente: Naci\u00f3n Rex<\/h6>\n","protected":false},"excerpt":{"rendered":"<p>Sebasti\u00e1n Yatra\u00a0y\u00a0Tini\u00a0parecen estar ocultando algo al publicar un par de\u00a0fotos\u00a0juntos que han desatado muchos\u00a0rumores. En su cuenta de\u00a0Instagram, el cantante public\u00f3 una\u00a0foto\u00a0en blanco y negro muy sospechosa donde aparece abrazando a\u00a0Tini, los fans de los artistas se preguntan qu\u00e9 est\u00e1 sucediendo. &nbsp; Ver esta publicaci\u00f3n en Instagram &nbsp; @tinistoessel \u2764\ufe0f\u2764\ufe0f #Cristina \ud83c\udfbc\ud83d\ude43 ESTE VIERNES 22.03.19 [&hellip;]<\/p>\n","protected":false},"author":1,"featured_media":1232,"comment_status":"open","ping_status":"open","sticky":false,"template":"","format":"standard","meta":{"footnotes":""},"categories":[121],"tags":[804,856,1403,1733,1771,1785,2868,2994,3744,4042,5252,5385,5388,5399,5426,6145,6562,6617,6620,6738,7316,7377,7510],"class_list":["post-1231","post","type-post","status-publish","format-standard","has-post-thumbnail","category-noticias-musicales","tag-argentina","tag-artistas","tag-cantante","tag-colaboracion","tag-colombiano","tag-comentarios","tag-europa","tag-fantasia","tag-instagram","tag-juntos","tag-new-single","tag-noviazgo","tag-novios","tag-nueva-cancion","tag-nuevo-disco","tag-publicacion","tag-romance","tag-rumora","tag-rumores","tag-sebastian-yatra","tag-tini","tag-tour","tag-twitter"],"_links":{"self":[{"href":"https:\/\/starsworldproduction.com\/web\/wp-json\/wp\/v2\/posts\/1231","targetHints":{"allow":["GET"]}}],"collection":[{"href":"https:\/\/starsworldproduction.com\/web\/wp-json\/wp\/v2\/posts"}],"about":[{"href":"https:\/\/starsworldproduction.com\/web\/wp-json\/wp\/v2\/types\/post"}],"author":[{"embeddable":true,"href":"https:\/\/starsworldproduction.com\/web\/wp-json\/wp\/v2\/users\/1"}],"replies":[{"embeddable":true,"href":"https:\/\/starsworldproduction.com\/web\/wp-json\/wp\/v2\/comments?post=1231"}],"version-history":[{"count":0,"href":"https:\/\/starsworldproduction.com\/web\/wp-json\/wp\/v2\/posts\/1231\/revisions"}],"wp:featuredmedia":[{"embeddable":true,"href":"https:\/\/starsworldproduction.com\/web\/wp-json\/wp\/v2\/media\/1232"}],"wp:attachment":[{"href":"https:\/\/starsworldproduction.com\/web\/wp-json\/wp\/v2\/media?parent=1231"}],"wp:term":[{"taxonomy":"category","embeddable":true,"href":"https:\/\/starsworldproduction.com\/web\/wp-json\/wp\/v2\/categories?post=1231"},{"taxonomy":"post_tag","embeddable":true,"href":"https:\/\/starsworldproduction.com\/web\/wp-json\/wp\/v2\/tags?post=1231"}],"curies":[{"name":"wp","href":"https:\/\/api.w.org\/{rel}","templated":true}]}}