{"id":1234,"date":"2019-03-21T13:22:37","date_gmt":"2019-03-21T13:22:37","guid":{"rendered":"https:\/\/www.starsworldproduction.com\/?p=1234"},"modified":"2019-03-21T13:22:37","modified_gmt":"2019-03-21T13:22:37","slug":"fue-lo-dijo-j-balvin-presunta-rivalidad-anuel-aa","status":"publish","type":"post","link":"https:\/\/starsworldproduction.com\/web\/2019\/03\/21\/fue-lo-dijo-j-balvin-presunta-rivalidad-anuel-aa\/","title":{"rendered":"Esto fue lo que dijo J Balvin sobre su presunta rivalidad con Anuel AA"},"content":{"rendered":"<p class=\"summary-node\" style=\"text-align: justify;\">Desde la salida del cantante\u00a0<strong>Anuel AA<\/strong>\u00a0de la c\u00e1rcel, \u00e9l artista ha realizado varias publicaciones que han provocado que se rumore sobre una rivalidad entre el puertorrique\u00f1o y el colombiano\u00a0<strong>J Balvin.<\/strong><\/p>\n<div>\n<p style=\"text-align: justify;\">Sin embargo, el int\u00e9rprete de\u00a0<strong>\u2018Mi Gente\u2019<\/strong>\u00a0finalmente fue cuestionado sobre este tema y respondi\u00f3 sin problema.<\/p>\n<blockquote class=\"instagram-media\" style=\"background: #FFF; border: 0; border-radius: 3px; box-shadow: 0 0 1px 0 rgba(0,0,0,0.5),0 1px 10px 0 rgba(0,0,0,0.15); margin: 1px; max-width: 540px; min-width: 326px; padding: 0; width: calc(100% - 2px);\" data-instgrm-captioned=\"\" data-instgrm-permalink=\"https:\/\/www.instagram.com\/p\/Bu1msTznbMq\/?utm_source=ig_embed&amp;utm_medium=loading\" data-instgrm-version=\"12\">\n<div style=\"padding: 16px;\">\n<p>&nbsp;<\/p>\n<div style=\"display: flex; flex-direction: row; align-items: center;\">\n<div style=\"background-color: #f4f4f4; border-radius: 50%; flex-grow: 0; height: 40px; margin-right: 14px; width: 40px;\"><\/div>\n<div style=\"display: flex; flex-direction: column; flex-grow: 1; justify-content: center;\">\n<div style=\"background-color: #f4f4f4; border-radius: 4px; flex-grow: 0; height: 14px; margin-bottom: 6px; width: 100px;\"><\/div>\n<div style=\"background-color: #f4f4f4; border-radius: 4px; flex-grow: 0; height: 14px; width: 60px;\"><\/div>\n<\/div>\n<\/div>\n<div style=\"padding: 19% 0;\"><\/div>\n<div style=\"display: block; height: 50px; margin: 0 auto 12px; width: 50px;\"><\/div>\n<div style=\"padding-top: 8px;\">\n<div style=\"color: #3897f0; font-family: Arial,sans-serif; font-size: 14px; font-style: normal; font-weight: 550; line-height: 18px;\">Ver esta publicaci\u00f3n en Instagram<\/div>\n<\/div>\n<div style=\"padding: 12.5% 0;\"><\/div>\n<div style=\"display: flex; flex-direction: row; margin-bottom: 14px; align-items: center;\">\n<div>\n<div style=\"background-color: #f4f4f4; border-radius: 50%; height: 12.5px; width: 12.5px; transform: translateX(0px) translateY(7px);\"><\/div>\n<div style=\"background-color: #f4f4f4; height: 12.5px; transform: rotate(-45deg) translateX(3px) translateY(1px); width: 12.5px; flex-grow: 0; margin-right: 14px; margin-left: 2px;\"><\/div>\n<div style=\"background-color: #f4f4f4; border-radius: 50%; height: 12.5px; width: 12.5px; transform: translateX(9px) translateY(-18px);\"><\/div>\n<\/div>\n<div style=\"margin-left: 8px;\">\n<div style=\"background-color: #f4f4f4; border-radius: 50%; flex-grow: 0; height: 20px; width: 20px;\"><\/div>\n<div style=\"width: 0; height: 0; border-top: 2px solid transparent; border-left: 6px solid #f4f4f4; border-bottom: 2px solid transparent; transform: translateX(16px) translateY(-4px) rotate(30deg);\"><\/div>\n<\/div>\n<div style=\"margin-left: auto;\">\n<div style=\"width: 0px; border-top: 8px solid #F4F4F4; border-right: 8px solid transparent; transform: translateY(16px);\"><\/div>\n<div style=\"background-color: #f4f4f4; flex-grow: 0; height: 12px; width: 16px; transform: translateY(-4px);\"><\/div>\n<div style=\"width: 0; height: 0; border-top: 8px solid #F4F4F4; border-left: 8px solid transparent; transform: translateY(-4px) translateX(8px);\"><\/div>\n<\/div>\n<\/div>\n<p>&nbsp;<\/p>\n<p style=\"margin: 8px 0 0 0; padding: 0 4px;\"><a style=\"color: #000; font-family: Arial,sans-serif; font-size: 14px; font-style: normal; font-weight: normal; line-height: 17px; text-decoration: none; word-wrap: break-word;\" href=\"https:\/\/www.instagram.com\/p\/Bu1msTznbMq\/?utm_source=ig_embed&amp;utm_medium=loading\" target=\"_blank\" rel=\"noopener\">Hola preciosa ,c\u00f3mo te sientes ? Nos vamos ? \ud83d\ude02\ud83d\ude02\ud83d\ude02\ud83d\ude02\ud83d\ude02\ud83d\ude02\ud83d\ude02\ud83d\ude02<\/a><\/p>\n<p style=\"color: #c9c8cd; font-family: Arial,sans-serif; font-size: 14px; line-height: 17px; margin-bottom: 0; margin-top: 8px; overflow: hidden; padding: 8px 0 7px; text-align: center; text-overflow: ellipsis; white-space: nowrap;\">Una publicaci\u00f3n compartida de <a style=\"color: #c9c8cd; font-family: Arial,sans-serif; font-size: 14px; font-style: normal; font-weight: normal; line-height: 17px;\" href=\"https:\/\/www.instagram.com\/jbalvin\/?utm_source=ig_embed&amp;utm_medium=loading\" target=\"_blank\" rel=\"noopener\"> J Balvin<\/a> (@jbalvin) el <time style=\"font-family: Arial,sans-serif; font-size: 14px; line-height: 17px;\" datetime=\"2019-03-10T18:18:13+00:00\">10 Mar, 2019 a las 11:18 PDT<\/time><\/p>\n<\/div>\n<\/blockquote>\n<p><script async src=\"\/\/www.instagram.com\/embed.js\"><\/script><\/p>\n<p style=\"text-align: justify;\"><strong>\u201cNos desconectamos un tiempo. No es de tener enemistad ni nada de eso. Cada uno cogi\u00f3 por su lado y tuvimos la oportunidad hace poco de hablar, hablamos muy bien\u201d,<\/strong>\u00a0revel\u00f3 en entrevista con\u00a0<em>Rapet\u00f3n.<\/em><\/p>\n<p style=\"text-align: justify;\">Confes\u00f3 que vio las frases e im\u00e1genes en las que el cantante de\u00a0<strong>\u2018Ella quiere beber\u2019\u00a0<\/strong>le tachaba la cara con una equis, entre otras publicaciones, pero asegur\u00f3 tuvo la oportunidad de reencontrarse con \u00e9l y quedaron muy bien.<\/p>\n<p style=\"text-align: justify;\"><strong>\u201cSe vieron muchas cosas por ah\u00ed, yo vi todo eso. La verdad dije \u2018cada quien tiene que estar pasando por sus momentos, cada quien toma el \u00e9xito de la manera que lo quiera tomar\u2019, pero finalmente tuvimos la oportunidad de hablar y s\u00faper bien, yo a Emmanuel lo quiero mucho sin conocerlo\u201d<\/strong>, detall\u00f3.<\/p>\n<blockquote class=\"instagram-media\" style=\"background: #FFF; border: 0; border-radius: 3px; box-shadow: 0 0 1px 0 rgba(0,0,0,0.5),0 1px 10px 0 rgba(0,0,0,0.15); margin: 1px; max-width: 540px; min-width: 326px; padding: 0; width: calc(100% - 2px);\" data-instgrm-captioned=\"\" data-instgrm-permalink=\"https:\/\/www.instagram.com\/p\/Buysf8ql_Fk\/?utm_source=ig_embed&amp;utm_medium=loading\" data-instgrm-version=\"12\">\n<div style=\"padding: 16px;\">\n<p>&nbsp;<\/p>\n<div style=\"display: flex; flex-direction: row; align-items: center;\">\n<div style=\"background-color: #f4f4f4; border-radius: 50%; flex-grow: 0; height: 40px; margin-right: 14px; width: 40px;\"><\/div>\n<div style=\"display: flex; flex-direction: column; flex-grow: 1; justify-content: center;\">\n<div style=\"background-color: #f4f4f4; border-radius: 4px; flex-grow: 0; height: 14px; margin-bottom: 6px; width: 100px;\"><\/div>\n<div style=\"background-color: #f4f4f4; border-radius: 4px; flex-grow: 0; height: 14px; width: 60px;\"><\/div>\n<\/div>\n<\/div>\n<div style=\"padding: 19% 0;\"><\/div>\n<div style=\"display: block; height: 50px; margin: 0 auto 12px; width: 50px;\"><\/div>\n<div style=\"padding-top: 8px;\">\n<div style=\"color: #3897f0; font-family: Arial,sans-serif; font-size: 14px; font-style: normal; font-weight: 550; line-height: 18px;\">Ver esta publicaci\u00f3n en Instagram<\/div>\n<\/div>\n<div style=\"padding: 12.5% 0;\"><\/div>\n<div style=\"display: flex; flex-direction: row; margin-bottom: 14px; align-items: center;\">\n<div>\n<div style=\"background-color: #f4f4f4; border-radius: 50%; height: 12.5px; width: 12.5px; transform: translateX(0px) translateY(7px);\"><\/div>\n<div style=\"background-color: #f4f4f4; height: 12.5px; transform: rotate(-45deg) translateX(3px) translateY(1px); width: 12.5px; flex-grow: 0; margin-right: 14px; margin-left: 2px;\"><\/div>\n<div style=\"background-color: #f4f4f4; border-radius: 50%; height: 12.5px; width: 12.5px; transform: translateX(9px) translateY(-18px);\"><\/div>\n<\/div>\n<div style=\"margin-left: 8px;\">\n<div style=\"background-color: #f4f4f4; border-radius: 50%; flex-grow: 0; height: 20px; width: 20px;\"><\/div>\n<div style=\"width: 0; height: 0; border-top: 2px solid transparent; border-left: 6px solid #f4f4f4; border-bottom: 2px solid transparent; transform: translateX(16px) translateY(-4px) rotate(30deg);\"><\/div>\n<\/div>\n<div style=\"margin-left: auto;\">\n<div style=\"width: 0px; border-top: 8px solid #F4F4F4; border-right: 8px solid transparent; transform: translateY(16px);\"><\/div>\n<div style=\"background-color: #f4f4f4; flex-grow: 0; height: 12px; width: 16px; transform: translateY(-4px);\"><\/div>\n<div style=\"width: 0; height: 0; border-top: 8px solid #F4F4F4; border-left: 8px solid transparent; transform: translateY(-4px) translateX(8px);\"><\/div>\n<\/div>\n<\/div>\n<p>&nbsp;<\/p>\n<p style=\"margin: 8px 0 0 0; padding: 0 4px;\"><a style=\"color: #000; font-family: Arial,sans-serif; font-size: 14px; font-style: normal; font-weight: normal; line-height: 17px; text-decoration: none; word-wrap: break-word;\" href=\"https:\/\/www.instagram.com\/p\/Buysf8ql_Fk\/?utm_source=ig_embed&amp;utm_medium=loading\" target=\"_blank\" rel=\"noopener\">Yo vivo mi vida FELIZ Y CONTENTO \ud83d\udc79\ud83d\ude18 mera dime bebesita LOS INTOCABLES!!!!!!!!! BRRRRR #LosIluminatis #RealHastaLaMuerte #LosIntocables #anuelaa #trap #brrr #intocable<\/a><\/p>\n<p style=\"color: #c9c8cd; font-family: Arial,sans-serif; font-size: 14px; line-height: 17px; margin-bottom: 0; margin-top: 8px; overflow: hidden; padding: 8px 0 7px; text-align: center; text-overflow: ellipsis; white-space: nowrap;\">Una publicaci\u00f3n compartida de <a style=\"color: #c9c8cd; font-family: Arial,sans-serif; font-size: 14px; font-style: normal; font-weight: normal; line-height: 17px;\" href=\"https:\/\/www.instagram.com\/anuel2blea_0ficial\/?utm_source=ig_embed&amp;utm_medium=loading\" target=\"_blank\" rel=\"noopener\"> ANUEL | AA \ud83d\udc79<\/a> (@anuel2blea_0ficial) el <time style=\"font-family: Arial,sans-serif; font-size: 14px; line-height: 17px;\" datetime=\"2019-03-09T15:11:14+00:00\">9 Mar, 2019 a las 7:11 PST<\/time><\/p>\n<\/div>\n<\/blockquote>\n<p><script async src=\"\/\/www.instagram.com\/embed.js\"><\/script><\/p>\n<p style=\"text-align: justify;\">Destac\u00f3 que mientras su colega estaba preso, \u00e9l deseaba que saliera y tuviera una carrera musical exitosa.<\/p>\n<p style=\"text-align: justify;\"><strong>\u201cSiempre fui fan\u00e1tico de Anuel y siempre quise que saliera (de la c\u00e1rcel), recuerdo nuestras conversaciones y siempre quise que saliera y que viviera lo que est\u00e1 viviendo hoy en d\u00eda, entonces la vibra est\u00e1 s\u00faper bien\u201d<\/strong>.<\/p>\n<p style=\"text-align: justify;\">Agreg\u00f3:\u00a0<strong>\u201cCreo que no debe ser f\u00e1cil salir encontrarse con un mundo as\u00ed, abierto. Si es dif\u00edcil para los que est\u00e1n afuera y llevan un tiempo, imag\u00ednate alguien que estuvo encerrado y sale, que fuera de salir es encontrarse con ese \u00e9xito y que la gente te\u00a0est\u00e1 apoyando; f\u00e1cil no es. Pero estamos s\u00faper bien, s\u00faper buena vibra\u201d<\/strong>.<\/p>\n<blockquote class=\"twitter-tweet\" data-lang=\"es\">\n<p dir=\"ltr\" lang=\"it\">J Balvin ha parlato anche di Anuel AA \u00abDi recente abbiamo avuto l&#8217;opportunit\u00e0 di parlare, parliamo molto bene e sono molto contento di come va.\u00a0Ognuno prende il successo come vuole.\u00a0Ho sempre voluto che se ne andasse (dalla prigione) e vivesse quello che sta vivendo oggi \u00bb <a href=\"https:\/\/t.co\/B04W7u0WyX\">pic.twitter.com\/B04W7u0WyX<\/a><\/p>\n<p>\u2014 Latin Music Fan Italia (@LatinMusicFans) <a href=\"https:\/\/twitter.com\/LatinMusicFans\/status\/1107233482961489920?ref_src=twsrc%5Etfw\">17 de marzo de 2019<\/a><\/p><\/blockquote>\n<p><script async src=\"https:\/\/platform.twitter.com\/widgets.js\" charset=\"utf-8\"><\/script><\/p>\n<p><iframe loading=\"lazy\" src=\"https:\/\/www.youtube.com\/embed\/oEFxTa1GcKE\" width=\"560\" height=\"315\" frameborder=\"0\" allowfullscreen=\"allowfullscreen\"><\/iframe><\/p>\n<h6><\/h6>\n<h6>Fuente: Canalrcn<\/h6>\n<\/div>\n","protected":false},"excerpt":{"rendered":"<p>Desde la salida del cantante\u00a0Anuel AA\u00a0de la c\u00e1rcel, \u00e9l artista ha realizado varias publicaciones que han provocado que se rumore sobre una rivalidad entre el puertorrique\u00f1o y el colombiano\u00a0J Balvin. Sin embargo, el int\u00e9rprete de\u00a0\u2018Mi Gente\u2019\u00a0finalmente fue cuestionado sobre este tema y respondi\u00f3 sin problema. &nbsp; Ver esta publicaci\u00f3n en Instagram &nbsp; Hola preciosa ,c\u00f3mo [&hellip;]<\/p>\n","protected":false},"author":1,"featured_media":1235,"comment_status":"open","ping_status":"open","sticky":false,"template":"","format":"standard","meta":{"footnotes":""},"categories":[121],"tags":[759,831,1266,1445,1497,1502,1503,1753,1767,1771,1880,2597,2714,2924,3828,4950,5141,5161,6004,6050,6146,6159,6162,6253,6526,6618,7711],"class_list":["post-1234","post","type-post","status-publish","format-standard","has-post-thumbnail","category-noticias-musicales","tag-anuel-aa","tag-artista","tag-buena-vibra","tag-carcel","tag-carrera","tag-carrera-musical","tag-carrera-musical-exitosa","tag-colega","tag-colombia","tag-colombiano","tag-confesion","tag-ella-quiere-beber","tag-entrevista","tag-exitosa","tag-j-balvin","tag-mi-gente","tag-musica","tag-musical","tag-preso","tag-problema","tag-publicaciones","tag-puerto-rico","tag-puertorriqueno","tag-rapeto","tag-rivalidad","tag-rumore","tag-vide"],"_links":{"self":[{"href":"https:\/\/starsworldproduction.com\/web\/wp-json\/wp\/v2\/posts\/1234","targetHints":{"allow":["GET"]}}],"collection":[{"href":"https:\/\/starsworldproduction.com\/web\/wp-json\/wp\/v2\/posts"}],"about":[{"href":"https:\/\/starsworldproduction.com\/web\/wp-json\/wp\/v2\/types\/post"}],"author":[{"embeddable":true,"href":"https:\/\/starsworldproduction.com\/web\/wp-json\/wp\/v2\/users\/1"}],"replies":[{"embeddable":true,"href":"https:\/\/starsworldproduction.com\/web\/wp-json\/wp\/v2\/comments?post=1234"}],"version-history":[{"count":0,"href":"https:\/\/starsworldproduction.com\/web\/wp-json\/wp\/v2\/posts\/1234\/revisions"}],"wp:featuredmedia":[{"embeddable":true,"href":"https:\/\/starsworldproduction.com\/web\/wp-json\/wp\/v2\/media\/1235"}],"wp:attachment":[{"href":"https:\/\/starsworldproduction.com\/web\/wp-json\/wp\/v2\/media?parent=1234"}],"wp:term":[{"taxonomy":"category","embeddable":true,"href":"https:\/\/starsworldproduction.com\/web\/wp-json\/wp\/v2\/categories?post=1234"},{"taxonomy":"post_tag","embeddable":true,"href":"https:\/\/starsworldproduction.com\/web\/wp-json\/wp\/v2\/tags?post=1234"}],"curies":[{"name":"wp","href":"https:\/\/api.w.org\/{rel}","templated":true}]}}