{"id":1281,"date":"2019-03-25T14:15:26","date_gmt":"2019-03-25T14:15:26","guid":{"rendered":"https:\/\/www.starsworldproduction.com\/?p=1281"},"modified":"2019-03-25T14:15:26","modified_gmt":"2019-03-25T14:15:26","slug":"maluma-anuncio-proyecto-va-estar-nivel","status":"publish","type":"post","link":"https:\/\/starsworldproduction.com\/web\/2019\/03\/25\/maluma-anuncio-proyecto-va-estar-nivel\/","title":{"rendered":"Maluma anunci\u00f3 proyecto \u00abque va a estar a otro nivel\u00bb"},"content":{"rendered":"<p id=\"p618088-m311-310-312\" class=\"parrafo first-parrafo \" style=\"text-align: justify;\">Luego del \u00e9xito de \u00abF.A.M.E.\u00bb y su respectivo tour mundial,<b>\u00a0Maluma<\/b>\u00a0\u00a0est\u00e1 trabajando en un proyecto. En\u00a0<b>Instagram<\/b>, el colombiano asegur\u00f3 que lo que se viene para \u00e9l en lo art\u00edstico estar\u00e1 \u00aba otro nivel\u00bb.<\/p>\n<p id=\"p618088-m321-1-322\" class=\"parrafo first-parrafo \" style=\"text-align: justify;\">Desde Lisboa, en Portugal, donde se encuentra actualmente,\u00a0<b>Maluma<\/b>\u00a0comparti\u00f3 una serie de videos a traves de sus Stories de\u00a0<b>Instagram,<\/b>\u00a0en los que realiz\u00f3 el importante anuncio.<\/p>\n<p id=\"p618088-m331-3-332\" class=\"parrafo first-parrafo \" style=\"text-align: justify;\">\u00ab\u00a1D\u00edmelo familia!&#8230; \u00bfQu\u00e9 pas\u00f3 parcero, mamacita, princesa?&#8230; Yo sigo aqu\u00ed, en Portugal, trabajando en un proyecto espectacular, aqu\u00ed en Lisboa\u00bb, dijo inicialmente\u00a0<b>Maluma<\/b>\u00a0en los clips.<\/p>\n<p id=\"p618088-m336-4-337\" class=\"parrafo first-parrafo \" style=\"text-align: justify;\">\u00abY s\u00ed, me quedo otros dos d\u00edas por aqu\u00ed, trabajando duro, duro, duro, duro&#8230; Quiero contarles que he estado trabajando para todos ustedes, para llevarles siempre lo mejor de lo mejor\u00bb, agreg\u00f3.<\/p>\n<p id=\"p618088-m341-5-342\" class=\"parrafo first-parrafo \" style=\"text-align: justify;\"><b>Maluma<\/b>\u00a0tambi\u00e9n agradeci\u00f3 a sus fan\u00e1ticos \u00abpor apoyar mis canciones, por apoyar mi m\u00fasica, mis proyectos\u00bb y tambi\u00e9n \u00abpor su amor, por su cari\u00f1o\u00bb.<\/p>\n<blockquote class=\"instagram-media\" style=\"background: #FFF; border: 0; border-radius: 3px; box-shadow: 0 0 1px 0 rgba(0,0,0,0.5),0 1px 10px 0 rgba(0,0,0,0.15); margin: 1px; max-width: 540px; min-width: 326px; padding: 0; width: calc(100% - 2px);\" data-instgrm-captioned=\"\" data-instgrm-permalink=\"https:\/\/www.instagram.com\/p\/BvMosMqn-Yg\/?utm_source=ig_embed&amp;utm_medium=loading\" data-instgrm-version=\"12\">\n<div style=\"padding: 16px;\">\n<p>&nbsp;<\/p>\n<div style=\"display: flex; flex-direction: row; align-items: center;\">\n<div style=\"background-color: #f4f4f4; border-radius: 50%; flex-grow: 0; height: 40px; margin-right: 14px; width: 40px;\"><\/div>\n<div style=\"display: flex; flex-direction: column; flex-grow: 1; justify-content: center;\">\n<div style=\"background-color: #f4f4f4; border-radius: 4px; flex-grow: 0; height: 14px; margin-bottom: 6px; width: 100px;\"><\/div>\n<div style=\"background-color: #f4f4f4; border-radius: 4px; flex-grow: 0; height: 14px; width: 60px;\"><\/div>\n<\/div>\n<\/div>\n<div style=\"padding: 19% 0;\"><\/div>\n<div style=\"display: block; height: 50px; margin: 0 auto 12px; width: 50px;\"><\/div>\n<div style=\"padding-top: 8px;\">\n<div style=\"color: #3897f0; font-family: Arial,sans-serif; font-size: 14px; font-style: normal; font-weight: 550; line-height: 18px;\">Ver esta publicaci\u00f3n en Instagram<\/div>\n<\/div>\n<div style=\"padding: 12.5% 0;\"><\/div>\n<div style=\"display: flex; flex-direction: row; margin-bottom: 14px; align-items: center;\">\n<div>\n<div style=\"background-color: #f4f4f4; border-radius: 50%; height: 12.5px; width: 12.5px; transform: translateX(0px) translateY(7px);\"><\/div>\n<div style=\"background-color: #f4f4f4; height: 12.5px; transform: rotate(-45deg) translateX(3px) translateY(1px); width: 12.5px; flex-grow: 0; margin-right: 14px; margin-left: 2px;\"><\/div>\n<div style=\"background-color: #f4f4f4; border-radius: 50%; height: 12.5px; width: 12.5px; transform: translateX(9px) translateY(-18px);\"><\/div>\n<\/div>\n<div style=\"margin-left: 8px;\">\n<div style=\"background-color: #f4f4f4; border-radius: 50%; flex-grow: 0; height: 20px; width: 20px;\"><\/div>\n<div style=\"width: 0; height: 0; border-top: 2px solid transparent; border-left: 6px solid #f4f4f4; border-bottom: 2px solid transparent; transform: translateX(16px) translateY(-4px) rotate(30deg);\"><\/div>\n<\/div>\n<div style=\"margin-left: auto;\">\n<div style=\"width: 0px; border-top: 8px solid #F4F4F4; border-right: 8px solid transparent; transform: translateY(16px);\"><\/div>\n<div style=\"background-color: #f4f4f4; flex-grow: 0; height: 12px; width: 16px; transform: translateY(-4px);\"><\/div>\n<div style=\"width: 0; height: 0; border-top: 8px solid #F4F4F4; border-left: 8px solid transparent; transform: translateY(-4px) translateX(8px);\"><\/div>\n<\/div>\n<\/div>\n<p>&nbsp;<\/p>\n<p style=\"margin: 8px 0 0 0; padding: 0 4px;\"><a style=\"color: #000; font-family: Arial,sans-serif; font-size: 14px; font-style: normal; font-weight: normal; line-height: 17px; text-decoration: none; word-wrap: break-word;\" href=\"https:\/\/www.instagram.com\/p\/BvMosMqn-Yg\/?utm_source=ig_embed&amp;utm_medium=loading\" target=\"_blank\" rel=\"noopener\">Pillen que grasita&#8230; \ud83d\udd25 perfectas para entrenar \ud83d\udcaa\ud83c\udffc #ULTRABOOST 19 #creadoconadidas<\/a><\/p>\n<p style=\"color: #c9c8cd; font-family: Arial,sans-serif; font-size: 14px; line-height: 17px; margin-bottom: 0; margin-top: 8px; overflow: hidden; padding: 8px 0 7px; text-align: center; text-overflow: ellipsis; white-space: nowrap;\">Una publicaci\u00f3n compartida de <a style=\"color: #c9c8cd; font-family: Arial,sans-serif; font-size: 14px; font-style: normal; font-weight: normal; line-height: 17px;\" href=\"https:\/\/www.instagram.com\/maluma\/?utm_source=ig_embed&amp;utm_medium=loading\" target=\"_blank\" rel=\"noopener\"> MALUMA<\/a> (@maluma) el <time style=\"font-family: Arial,sans-serif; font-size: 14px; line-height: 17px;\" datetime=\"2019-03-19T16:58:13+00:00\">19 Mar, 2019 a las 9:58 PDT<\/time><\/p>\n<\/div>\n<\/blockquote>\n<p><script async src=\"\/\/www.instagram.com\/embed.js\"><\/script><\/p>\n<p id=\"p618088-m346-6-347\" class=\"parrafo first-parrafo \" style=\"text-align: justify;\">\u00abVoy a darles siempre lo mejor de m\u00ed, nunca los voy a defraudar. Est\u00e9n pendientes que este proyecto va a estar a otro nivel\u00bb, indic\u00f3 y les pidi\u00f3 a sus seguidores que sigan escuchando \u00abHP\u00bb, la canci\u00f3n que estren\u00f3 hace algunas semanas.<\/p>\n<p style=\"text-align: justify;\">Juan Luis Londo\u00f1o, m\u00e1s conocido en el ambiente art\u00edstico como\u00a0<b>Maluma<\/b>, est\u00e1 trabajando en la producci\u00f3n de su pr\u00f3ximo \u00e1lbum, que se titular\u00e1 \u00ab11:11\u00bb, as\u00ed como en la gira mundial que empezar\u00e1 en algunas semanas y que llevar\u00e1 el mismo nombre de su disco.<\/p>\n<p>&nbsp;<\/p>\n<h6>Fuente: El Comercio<\/h6>\n","protected":false},"excerpt":{"rendered":"<p>Luego del \u00e9xito de \u00abF.A.M.E.\u00bb y su respectivo tour mundial,\u00a0Maluma\u00a0\u00a0est\u00e1 trabajando en un proyecto. En\u00a0Instagram, el colombiano asegur\u00f3 que lo que se viene para \u00e9l en lo art\u00edstico estar\u00e1 \u00aba otro nivel\u00bb. Desde Lisboa, en Portugal, donde se encuentra actualmente,\u00a0Maluma\u00a0comparti\u00f3 una serie de videos a traves de sus Stories de\u00a0Instagram,\u00a0en los que realiz\u00f3 el importante [&hellip;]<\/p>\n","protected":false},"author":1,"featured_media":1282,"comment_status":"open","ping_status":"open","sticky":false,"template":"","format":"standard","meta":{"footnotes":""},"categories":[121],"tags":[228,667,867,1385,1461,1708,2953,3276,3574,3744,3997,4440,4653,5141,5351,5572,5900,6062,6132,6139,7037,7038,7382,7726],"class_list":["post-1281","post","type-post","status-publish","format-standard","has-post-thumbnail","category-noticias-musicales","tag-228","tag-amor","tag-artistico","tag-canciones","tag-carino","tag-clips","tag-f-a-m-e","tag-gira-mundial","tag-hp","tag-instagram","tag-juan-luis-londono","tag-lisboa","tag-maluma","tag-musica","tag-nombre-de-su-disco","tag-otro-nivel","tag-portugal","tag-produccion","tag-proximo-album","tag-proyectos","tag-stories","tag-stories-de-instagram","tag-tour-mundial","tag-videos"],"_links":{"self":[{"href":"https:\/\/starsworldproduction.com\/web\/wp-json\/wp\/v2\/posts\/1281","targetHints":{"allow":["GET"]}}],"collection":[{"href":"https:\/\/starsworldproduction.com\/web\/wp-json\/wp\/v2\/posts"}],"about":[{"href":"https:\/\/starsworldproduction.com\/web\/wp-json\/wp\/v2\/types\/post"}],"author":[{"embeddable":true,"href":"https:\/\/starsworldproduction.com\/web\/wp-json\/wp\/v2\/users\/1"}],"replies":[{"embeddable":true,"href":"https:\/\/starsworldproduction.com\/web\/wp-json\/wp\/v2\/comments?post=1281"}],"version-history":[{"count":0,"href":"https:\/\/starsworldproduction.com\/web\/wp-json\/wp\/v2\/posts\/1281\/revisions"}],"wp:featuredmedia":[{"embeddable":true,"href":"https:\/\/starsworldproduction.com\/web\/wp-json\/wp\/v2\/media\/1282"}],"wp:attachment":[{"href":"https:\/\/starsworldproduction.com\/web\/wp-json\/wp\/v2\/media?parent=1281"}],"wp:term":[{"taxonomy":"category","embeddable":true,"href":"https:\/\/starsworldproduction.com\/web\/wp-json\/wp\/v2\/categories?post=1281"},{"taxonomy":"post_tag","embeddable":true,"href":"https:\/\/starsworldproduction.com\/web\/wp-json\/wp\/v2\/tags?post=1281"}],"curies":[{"name":"wp","href":"https:\/\/api.w.org\/{rel}","templated":true}]}}