{"id":1499,"date":"2019-04-14T12:35:04","date_gmt":"2019-04-14T12:35:04","guid":{"rendered":"https:\/\/www.starsworldproduction.com\/?p=1499"},"modified":"2019-04-14T12:35:04","modified_gmt":"2019-04-14T12:35:04","slug":"alejandro-sanz-se-recupera-neumonia-canta-la-voz-espana","status":"publish","type":"post","link":"https:\/\/starsworldproduction.com\/web\/2019\/04\/14\/alejandro-sanz-se-recupera-neumonia-canta-la-voz-espana\/","title":{"rendered":"Alejandro Sanz se recupera de neumon\u00eda y canta en \u201cLa voz Espa\u00f1a\u201d"},"content":{"rendered":"<p id=\"p625542-m707-706-708\" class=\"parrafo first-parrafo\" style=\"text-align: justify;\">En primer lugar la gran final de \u201c<b>La voz Espa\u00f1a\u201d<\/b>\u00a0inici\u00f3 con gran expectativa por los\u00a0<b>finalistas, quienes versionaron canciones con artistas invitados,<\/b>\u00a0entre ellos,\u00a0<b>Alejandro Sanz<\/b>.<\/p>\n<p id=\"p625542-m717-1-718\" class=\"parrafo first-parrafo\" style=\"text-align: justify;\">Adem\u00e1s el cantautor espa\u00f1ol hizo un gran esfuerzo por asistir a la ceremonia final, luego de tener unas complicadas semanas\u00a0<b>tras ser hospitalizado por neumon\u00eda.<\/b><\/p>\n<blockquote class=\"instagram-media\" style=\"background: #FFF; border: 0; border-radius: 3px; box-shadow: 0 0 1px 0 rgba(0,0,0,0.5),0 1px 10px 0 rgba(0,0,0,0.15); margin: 1px; max-width: 540px; min-width: 326px; padding: 0; width: calc(100% - 2px);\" data-instgrm-captioned=\"\" data-instgrm-permalink=\"https:\/\/www.instagram.com\/p\/BwCihX8FqRQ\/?utm_source=ig_embed&amp;utm_medium=loading\" data-instgrm-version=\"12\">\n<div style=\"padding: 16px;\">\n<p>&nbsp;<\/p>\n<div style=\"display: flex; flex-direction: row; align-items: center;\"><\/div>\n<div style=\"padding: 19% 0;\"><\/div>\n<div style=\"display: block; height: 50px; margin: 0 auto 12px; width: 50px;\"><\/div>\n<div style=\"padding-top: 8px;\">\n<div style=\"color: #3897f0; font-family: Arial,sans-serif; font-size: 14px; font-style: normal; font-weight: 550; line-height: 18px;\">Ver esta publicaci\u00f3n en Instagram<\/div>\n<\/div>\n<div style=\"padding: 12.5% 0;\"><\/div>\n<div style=\"display: flex; flex-direction: row; margin-bottom: 14px; align-items: center;\"><\/div>\n<p>&nbsp;<\/p>\n<p style=\"margin: 8px 0 0 0; padding: 0 4px;\"><a style=\"color: #000; font-family: Arial,sans-serif; font-size: 14px; font-style: normal; font-weight: normal; line-height: 17px; text-decoration: none; word-wrap: break-word;\" href=\"https:\/\/www.instagram.com\/p\/BwCihX8FqRQ\/?utm_source=ig_embed&amp;utm_medium=loading\" target=\"_blank\" rel=\"noopener\">Deber\u00edan inventar un diccionario con las interpretaciones de los levantamientos de ceja. Si levantas las dos sirve para saludar cuando te da pereza hacerlo, pero si levantas una\u2026los significados son infinitos.<\/a><\/p>\n<p style=\"color: #c9c8cd; font-family: Arial,sans-serif; font-size: 14px; line-height: 17px; margin-bottom: 0; margin-top: 8px; overflow: hidden; padding: 8px 0 7px; text-align: center; text-overflow: ellipsis; white-space: nowrap;\">Una publicaci\u00f3n compartida de <a style=\"color: #c9c8cd; font-family: Arial,sans-serif; font-size: 14px; font-style: normal; font-weight: normal; line-height: 17px;\" href=\"https:\/\/www.instagram.com\/alejandrosanz\/?utm_source=ig_embed&amp;utm_medium=loading\" target=\"_blank\" rel=\"noopener\"> Alejandro Sanz<\/a> (@alejandrosanz) el <time style=\"font-family: Arial,sans-serif; font-size: 14px; line-height: 17px;\" datetime=\"2019-04-09T15:23:18+00:00\">9 Abr, 2019 a las 8:23 PDT<\/time><\/p>\n<\/div>\n<\/blockquote>\n<p><script src=\"\/\/www.instagram.com\/embed.js\" async=\"\"><\/script><\/p>\n<p>Por la raz\u00f3n que hace unos d\u00edas,\u00a0<b>Alejandro Sanz\u00a0<\/b>anunci\u00f3 a trav\u00e9s de sus redes sociales que\u00a0<b>suspend\u00eda temporalmente las actividades programadas<\/b>\u00a0por el lanzamiento de su nuevo disco.<\/p>\n<blockquote class=\"instagram-media\" style=\"background: #FFF; border: 0; border-radius: 3px; box-shadow: 0 0 1px 0 rgba(0,0,0,0.5),0 1px 10px 0 rgba(0,0,0,0.15); margin: 1px; max-width: 540px; min-width: 326px; padding: 0; width: calc(100% - 2px);\" data-instgrm-captioned=\"\" data-instgrm-permalink=\"https:\/\/www.instagram.com\/p\/Bv_-nwJlehO\/?utm_source=ig_embed&amp;utm_medium=loading\" data-instgrm-version=\"12\">\n<div style=\"padding: 16px;\">\n&nbsp;<\/p>\n<div style=\"display: flex; flex-direction: row; align-items: center;\"><\/div>\n<div style=\"padding: 19% 0;\"><\/div>\n<div style=\"display: block; height: 50px; margin: 0 auto 12px; width: 50px;\"><\/div>\n<div style=\"padding-top: 8px;\">\n<div style=\"color: #3897f0; font-family: Arial,sans-serif; font-size: 14px; font-style: normal; font-weight: 550; line-height: 18px;\">Ver esta publicaci\u00f3n en Instagram<\/div>\n<\/div>\n<div style=\"padding: 12.5% 0;\"><\/div>\n<div style=\"display: flex; flex-direction: row; margin-bottom: 14px; align-items: center;\"><\/div>\n<p>&nbsp;<\/p>\n<p><a style=\"color: #000; font-family: Arial,sans-serif; font-size: 14px; font-style: normal; font-weight: normal; line-height: 17px; text-decoration: none; word-wrap: break-word;\" href=\"https:\/\/www.instagram.com\/p\/Bv_-nwJlehO\/?utm_source=ig_embed&amp;utm_medium=loading\" target=\"_blank\" rel=\"noopener\">Suban todos a #ELDISCO pr\u00f3xima parada #LaGira . @spotify #Barcelona @spotifyspain<\/a><\/p>\n<p>Una publicaci\u00f3n compartida de <a style=\"color: #c9c8cd; font-family: Arial,sans-serif; font-size: 14px; font-style: normal; font-weight: normal; line-height: 17px;\" href=\"https:\/\/www.instagram.com\/alejandrosanz\/?utm_source=ig_embed&amp;utm_medium=loading\" target=\"_blank\" rel=\"noopener\"> Alejandro Sanz<\/a> (@alejandrosanz) el <time style=\"font-family: Arial,sans-serif; font-size: 14px; line-height: 17px;\" datetime=\"2019-04-08T15:31:07+00:00\">8 Abr, 2019 a las 8:31 PDT<\/time>\n<\/div>\n<\/blockquote>\n<p><script src=\"\/\/www.instagram.com\/embed.js\" async=\"\"><\/script><\/p>\n<p id=\"p625542-m727-3-728\" class=\"parrafo first-parrafo\" style=\"text-align: justify;\">Sin embargo, unas horas antes de dar inicio a \u201c<b>La voz Espa\u00f1a<\/b>\u201d,\u00a0<b>Alejandro Sanz\u00a0<\/b>sorprendi\u00f3 y emocion\u00f3 a sus seguidores al se\u00f1alar que asistir\u00eda a la ceremonia.<\/p>\n<blockquote class=\"twitter-tweet\" data-lang=\"es\">\n<p dir=\"ltr\" lang=\"es\">No sabemos qu\u00e9 pasar\u00e1 hoy\u2026 \u00bfCable <a href=\"https:\/\/twitter.com\/LuisFonsi?ref_src=twsrc%5Etfw\">@LuisFonsi<\/a> , cable <a href=\"https:\/\/twitter.com\/PaulinaRubio?ref_src=twsrc%5Etfw\">@PaulinaRubio<\/a> , cable <a href=\"https:\/\/twitter.com\/PabloLopezMusic?ref_src=twsrc%5Etfw\">@PabloLopezMusic<\/a> o cable <a href=\"https:\/\/twitter.com\/antoniorozco?ref_src=twsrc%5Etfw\">@antoniorozco<\/a> ? Nos vemos hoy all\u00ed y mucha suerte a todos los finalistas. <a href=\"https:\/\/twitter.com\/hashtag\/LaVozFinal?src=hash&amp;ref_src=twsrc%5Etfw\">#LaVozFinal<\/a> <a href=\"https:\/\/twitter.com\/LaVozAntena3?ref_src=twsrc%5Etfw\">@LaVozAntena3<\/a> <a href=\"https:\/\/twitter.com\/hashtag\/LaVozAntena3?src=hash&amp;ref_src=twsrc%5Etfw\">#LaVozAntena3<\/a> <a href=\"https:\/\/t.co\/kAzy5TPbpL\">pic.twitter.com\/kAzy5TPbpL<\/a><\/p>\n<p>\u2014 Alejandro Sanz (@AlejandroSanz) <a href=\"https:\/\/twitter.com\/AlejandroSanz\/status\/1116073887366877184?ref_src=twsrc%5Etfw\">10 de abril de 2019<\/a><\/p><\/blockquote>\n<p style=\"text-align: justify;\"><script src=\"https:\/\/platform.twitter.com\/widgets.js\" async=\"\" charset=\"utf-8\"><\/script><\/p>\n<p><b>El artista ha conseguido recuperarse para el show,<\/b>\u00a0donde junto a Mar\u00eda Espinosa interpret\u00f3 \u201cMi persona favorita\u201d, uno de sus nuevos temas de \u201cEl Disco\u201d, el cual est\u00e1 dedicado a su hija Alma.<\/p>\n<p><iframe loading=\"lazy\" src=\"https:\/\/www.youtube.com\/embed\/X3Wh--HJMww\" width=\"560\" height=\"315\" frameborder=\"0\" allowfullscreen=\"allowfullscreen\"><\/iframe><\/p>\n<p>El int\u00e9rprete de \u201cCoraz\u00f3n part\u00edo\u201d<b>\u00a0<\/b>lanz\u00f3 el \u00e1lbum de estudio n\u00famero 11 el 5 de Abril, el cual cuenta con colaboraciones con artistas como Nicky Jam y Camila Cabello.<\/p>\n<blockquote class=\"twitter-tweet\" data-lang=\"es\"><p>\n\u00a1La magia se ha apoderado de la final de <a href=\"https:\/\/twitter.com\/hashtag\/LaVozAntena3?src=hash&amp;ref_src=twsrc%5Etfw\">#LaVozAntena3<\/a>! \ud83d\ude31<a href=\"https:\/\/twitter.com\/MariaELaVozA3?ref_src=twsrc%5Etfw\">@MariaELaVozA3<\/a> y <a href=\"https:\/\/twitter.com\/AlejandroSanz?ref_src=twsrc%5Etfw\">@AlejandroSanz<\/a> cantan &#8216;Mi persona favorita&#8217; y nos ponen los pelos de punta \ud83d\ude0d\ud83d\udca5 <a href=\"https:\/\/t.co\/kLAPH0p6HG\">https:\/\/t.co\/kLAPH0p6HG<\/a> <a href=\"https:\/\/twitter.com\/hashtag\/LaVozFinal?src=hash&amp;ref_src=twsrc%5Etfw\">#LaVozFinal<\/a> <a href=\"https:\/\/t.co\/x3M3GaXAde\">pic.twitter.com\/x3M3GaXAde<\/a><\/p>\n<p>\u2014 La Voz Antena 3 (@LaVozAntena3) <a href=\"https:\/\/twitter.com\/LaVozAntena3\/status\/1116101057438941184?ref_src=twsrc%5Etfw\">10 de abril de 2019<\/a>\n<\/p><\/blockquote>\n<p><script src=\"https:\/\/platform.twitter.com\/widgets.js\" async=\"\" charset=\"utf-8\"><\/script><\/p>\n<div id=\"p625542-m752-8-753\" class=\"html_libre\">\n<div class=\"SandboxRoot env-bp-350\" data-twitter-event-id=\"1\">\n<div id=\"twitter-widget-1\" class=\"EmbeddedTweet EmbeddedTweet--cta EmbeddedTweet--mediaForward media-forward js-clickToOpenTarget js-tweetIdInfo tweet-InformationCircle-widgetParent\" lang=\"es\" data-click-to-open-target=\"https:\/\/twitter.com\/LaVozAntena3\/status\/1116101057438941184\" data-iframe-title=\"Tweet de Twitter\" data-scribe=\"page:tweet\" data-tweet-id=\"1116101057438941184\" data-twitter-event-id=\"2\">\n<article class=\"MediaCard MediaCard--mediaForward customisable-border\" dir=\"ltr\" data-scribe=\"component:card\">\n<h6 class=\"MediaCard-media\" data-scribe=\"element:photo\">Fuente: El Comercio<\/h6>\n<\/article>\n<\/div>\n<\/div>\n<\/div>\n","protected":false},"excerpt":{"rendered":"<p>En primer lugar la gran final de \u201cLa voz Espa\u00f1a\u201d\u00a0inici\u00f3 con gran expectativa por los\u00a0finalistas, quienes versionaron canciones con artistas invitados,\u00a0entre ellos,\u00a0Alejandro Sanz. Adem\u00e1s el cantautor espa\u00f1ol hizo un gran esfuerzo por asistir a la ceremonia final, luego de tener unas complicadas semanas\u00a0tras ser hospitalizado por neumon\u00eda. &nbsp; Ver esta publicaci\u00f3n en Instagram &nbsp; Deber\u00edan [&hellip;]<\/p>\n","protected":false},"author":1,"featured_media":1500,"comment_status":"open","ping_status":"open","sticky":false,"template":"","format":"standard","meta":{"footnotes":""},"categories":[121],"tags":[428,563,860,1346,1385,1394,1574,1576,1940,2914,3089,3502,3524,3561,4225,4709,4955,5141,5243,5277,5426,6087,6332,7107,7665],"class_list":["post-1499","post","type-post","status-publish","format-standard","has-post-thumbnail","category-noticias-musicales","tag-actividades","tag-alejandro-sanz","tag-artistas-invitados","tag-camila-cabello","tag-canciones","tag-canta","tag-ceremonia","tag-ceremonia-final","tag-corazon-partio","tag-exito","tag-finalistas","tag-hija-alma","tag-hit","tag-hospitalizado","tag-la-voz-espana","tag-maria-espinosa","tag-mi-persona-favorita","tag-musica","tag-neumonia","tag-nicky-jam","tag-nuevo-disco","tag-programadas","tag-redes-sociales","tag-suspendia","tag-versionaron"],"_links":{"self":[{"href":"https:\/\/starsworldproduction.com\/web\/wp-json\/wp\/v2\/posts\/1499","targetHints":{"allow":["GET"]}}],"collection":[{"href":"https:\/\/starsworldproduction.com\/web\/wp-json\/wp\/v2\/posts"}],"about":[{"href":"https:\/\/starsworldproduction.com\/web\/wp-json\/wp\/v2\/types\/post"}],"author":[{"embeddable":true,"href":"https:\/\/starsworldproduction.com\/web\/wp-json\/wp\/v2\/users\/1"}],"replies":[{"embeddable":true,"href":"https:\/\/starsworldproduction.com\/web\/wp-json\/wp\/v2\/comments?post=1499"}],"version-history":[{"count":0,"href":"https:\/\/starsworldproduction.com\/web\/wp-json\/wp\/v2\/posts\/1499\/revisions"}],"wp:featuredmedia":[{"embeddable":true,"href":"https:\/\/starsworldproduction.com\/web\/wp-json\/wp\/v2\/media\/1500"}],"wp:attachment":[{"href":"https:\/\/starsworldproduction.com\/web\/wp-json\/wp\/v2\/media?parent=1499"}],"wp:term":[{"taxonomy":"category","embeddable":true,"href":"https:\/\/starsworldproduction.com\/web\/wp-json\/wp\/v2\/categories?post=1499"},{"taxonomy":"post_tag","embeddable":true,"href":"https:\/\/starsworldproduction.com\/web\/wp-json\/wp\/v2\/tags?post=1499"}],"curies":[{"name":"wp","href":"https:\/\/api.w.org\/{rel}","templated":true}]}}