{"id":1659,"date":"2019-05-18T12:00:09","date_gmt":"2019-05-18T12:00:09","guid":{"rendered":"https:\/\/www.starsworldproduction.com\/?p=1659"},"modified":"2019-05-18T12:00:09","modified_gmt":"2019-05-18T12:00:09","slug":"descubre-camila-cabello-esta-tan-agradecida-fans","status":"publish","type":"post","link":"https:\/\/starsworldproduction.com\/web\/2019\/05\/18\/descubre-camila-cabello-esta-tan-agradecida-fans\/","title":{"rendered":"Descubre el por qu\u00e9 Camila Cabello est\u00e1 tan agradecida con sus fans"},"content":{"rendered":"<p style=\"text-align: justify;\"><strong>Camila<\/strong>\u00a0<strong>Cabello<\/strong>\u00a0acaba de hablar con sus\u00a0<em><strong>fans<\/strong>\u00a0<\/em>en\u00a0<strong>Twitter<\/strong>. All\u00ed, la cantante agradeci\u00f3 tener\u00a0<em>fans<\/em>\u00a0tan atentos, especialmente porque le tienen mucha\u00a0<strong>paciencia<\/strong>. Pero, \u00bfa qu\u00e9 se refer\u00eda con esto?<\/p>\n<blockquote class=\"instagram-media\" style=\"background: #FFF; border: 0; border-radius: 3px; box-shadow: 0 0 1px 0 rgba(0,0,0,0.5),0 1px 10px 0 rgba(0,0,0,0.15); margin: 1px; max-width: 540px; min-width: 326px; padding: 0; width: calc(100% - 2px);\" data-instgrm-captioned=\"\" data-instgrm-permalink=\"https:\/\/www.instagram.com\/p\/Bwf2CLrDMhz\/\" data-instgrm-version=\"12\">\n<div style=\"padding: 16px;\">\n<p>&nbsp;<\/p>\n<div style=\"display: flex; flex-direction: row; align-items: center;\"><\/div>\n<div style=\"padding: 19% 0;\"><\/div>\n<div style=\"display: block; height: 50px; margin: 0 auto 12px; width: 50px;\"><\/div>\n<div style=\"padding-top: 8px;\">\n<div style=\"color: #3897f0; font-family: Arial,sans-serif; font-size: 14px; font-style: normal; font-weight: 550; line-height: 18px;\">Ver esta publicaci\u00f3n en Instagram<\/div>\n<\/div>\n<div style=\"padding: 12.5% 0;\"><\/div>\n<div style=\"display: flex; flex-direction: row; margin-bottom: 14px; align-items: center;\"><\/div>\n<p>&nbsp;<\/p>\n<p style=\"margin: 8px 0 0 0; padding: 0 4px;\"><a style=\"color: #000; font-family: Arial,sans-serif; font-size: 14px; font-style: normal; font-weight: normal; line-height: 17px; text-decoration: none; word-wrap: break-word;\" href=\"https:\/\/www.instagram.com\/p\/Bwf2CLrDMhz\/\" target=\"_blank\" rel=\"noopener\">\ud83e\udd40\ud83d\udc8b\ud83d\udda4<\/a><\/p>\n<p style=\"color: #c9c8cd; font-family: Arial,sans-serif; font-size: 14px; line-height: 17px; margin-bottom: 0; margin-top: 8px; overflow: hidden; padding: 8px 0 7px; text-align: center; text-overflow: ellipsis; white-space: nowrap;\">Una publicaci\u00f3n compartida de <a style=\"color: #c9c8cd; font-family: Arial,sans-serif; font-size: 14px; font-style: normal; font-weight: normal; line-height: 17px;\" href=\"https:\/\/www.instagram.com\/camila_cabello\/\" target=\"_blank\" rel=\"noopener\"> camila<\/a> (@camila_cabello) el <time style=\"font-family: Arial,sans-serif; font-size: 14px; line-height: 17px;\" datetime=\"2019-04-21T00:31:47+00:00\">20 Abr, 2019 a las 5:31 PDT<\/time><\/p>\n<\/div>\n<\/blockquote>\n<p><script src=\"\/\/www.instagram.com\/embed.js\" async=\"\"><\/script><\/p>\n<p>Recientemente\u00a0<strong>Camila<\/strong>\u00a0<strong>Cabello<\/strong>\u00a0ha mostrado en sus redes sociales\u00a0<em><strong>sneak<\/strong><strong>peeks<\/strong>\u00a0<\/em>de su\u00a0<strong>proximo<\/strong>\u00a0<strong>\u00e1lbum<\/strong>. Hasta ahora no se sabe c\u00f3mo se llamar\u00e1 el disco, pero\u00a0<strong>Camila<\/strong>\u00a0se ha asegurado de mostrar el proceso de su \u00e1lbum\u00a0en\u00a0<em><strong>social<\/strong><strong>media<\/strong>.\u00a0<\/em><\/p>\n<blockquote class=\"instagram-media\" style=\"background: #FFF; border: 0; border-radius: 3px; box-shadow: 0 0 1px 0 rgba(0,0,0,0.5),0 1px 10px 0 rgba(0,0,0,0.15); margin: 1px; max-width: 540px; min-width: 326px; padding: 0; width: calc(100% - 2px);\" data-instgrm-captioned=\"\" data-instgrm-permalink=\"https:\/\/www.instagram.com\/p\/BwI6Pr8D7X4\/\" data-instgrm-version=\"12\">\n<div style=\"padding: 16px;\">\n&nbsp;<\/p>\n<div style=\"display: flex; flex-direction: row; align-items: center;\"><\/div>\n<div style=\"padding: 19% 0;\"><\/div>\n<div style=\"display: block; height: 50px; margin: 0 auto 12px; width: 50px;\"><\/div>\n<div style=\"padding-top: 8px;\">\n<div style=\"color: #3897f0; font-family: Arial,sans-serif; font-size: 14px; font-style: normal; font-weight: 550; line-height: 18px;\">Ver esta publicaci\u00f3n en Instagram<\/div>\n<\/div>\n<div style=\"padding: 12.5% 0;\"><\/div>\n<div style=\"display: flex; flex-direction: row; margin-bottom: 14px; align-items: center;\"><\/div>\n<p>&nbsp;<\/p>\n<p><a style=\"color: #000; font-family: Arial,sans-serif; font-size: 14px; font-style: normal; font-weight: normal; line-height: 17px; text-decoration: none; word-wrap: break-word;\" href=\"https:\/\/www.instagram.com\/p\/BwI6Pr8D7X4\/\" target=\"_blank\" rel=\"noopener\">did someone say&#8230;&#8230; chicken nuggets?<\/a><\/p>\n<p>Una publicaci\u00f3n compartida de <a style=\"color: #c9c8cd; font-family: Arial,sans-serif; font-size: 14px; font-style: normal; font-weight: normal; line-height: 17px;\" href=\"https:\/\/www.instagram.com\/camila_cabello\/\" target=\"_blank\" rel=\"noopener\"> camila<\/a> (@camila_cabello) el <time style=\"font-family: Arial,sans-serif; font-size: 14px; line-height: 17px;\" datetime=\"2019-04-12T02:46:02+00:00\">11 Abr, 2019 a las 7:46 PDT<\/time>\n<\/div>\n<\/blockquote>\n<p><script src=\"\/\/www.instagram.com\/embed.js\" async=\"\"><\/script><\/p>\n<p style=\"text-align: justify;\">Sin embargo, todo indica a que parte de esto le preocupa a\u00a0<strong>Camila<\/strong>\u00a0<strong>Cabello<\/strong>, ya que a veces se siente presionada por ya lanzar su\u00a0<strong>nuevo<\/strong>\u00a0<strong>\u00e1lbum<\/strong>. Al respecto,\u00a0<strong>sus<\/strong>\u00a0<strong>fan\u00e1ticos<\/strong>\u00a0han sido\u00a0<strong>muy<\/strong>\u00a0<strong>pacientes<\/strong>, por lo que ahora Camila subi\u00f3 un\u00a0<em>tweet<\/em>\u00a0donde agradec\u00eda la paciencia de sus\u00a0<em><strong>fans<\/strong>\u00a0<\/em>por\u00a0ser pacientes con ella mientras realiza su\u00a0<strong>nuevo<\/strong>\u00a0<strong>\u00e1lbum<\/strong>:<\/p>\n<blockquote class=\"twitter-tweet\" data-lang=\"es\">\n<p dir=\"ltr\" lang=\"en\">Thank you for being patient with me while I make this album \ud83d\ude22 I can\u2019t believe I have people in my corner every day excited about my music. I feel so lucky \ud83d\ude22\ud83d\ude22\ud83d\ude22 I love you<\/p>\n<p>\u2014 camila (@Camila_Cabello) <a href=\"https:\/\/twitter.com\/Camila_Cabello\/status\/1122255164776173568?ref_src=twsrc%5Etfw\">27 de abril de 2019<\/a><\/p><\/blockquote>\n<p><script src=\"https:\/\/platform.twitter.com\/widgets.js\" async=\"\" charset=\"utf-8\"><\/script><\/p>\n<p>Tambi\u00e9n dijo que no pod\u00eda creer que hubiera gente tan interesada en su\u00a0<strong>m\u00fasica<\/strong>, algo que sin duda alguna le hace\u00a0<strong>muy<\/strong>\u00a0<strong>feliz<\/strong>. El\u00a0<strong>mensaje<\/strong>\u00a0lo termin\u00f3 con un \u00abMe siento muy afortunada, los amo\u00bb.<\/p>\n<div class=\"banner\"><\/div>\n<h6>Fuente: Naci\u00f3n Rex<\/h6>\n<div data-oembed-url=\"https:\/\/www.instagram.com\/p\/BwI6Pr8D7X4\/?utm_source=ig_web_copy_link\"><\/div>\n","protected":false},"excerpt":{"rendered":"<p>Camila\u00a0Cabello\u00a0acaba de hablar con sus\u00a0fans\u00a0en\u00a0Twitter. All\u00ed, la cantante agradeci\u00f3 tener\u00a0fans\u00a0tan atentos, especialmente porque le tienen mucha\u00a0paciencia. Pero, \u00bfa qu\u00e9 se refer\u00eda con esto? &nbsp; Ver esta publicaci\u00f3n en Instagram &nbsp; \ud83e\udd40\ud83d\udc8b\ud83d\udda4 Una publicaci\u00f3n compartida de camila (@camila_cabello) el 20 Abr, 2019 a las 5:31 PDT Recientemente\u00a0Camila\u00a0Cabello\u00a0ha mostrado en sus redes sociales\u00a0sneakpeeks\u00a0de su\u00a0proximo\u00a0\u00e1lbum. Hasta ahora no [&hellip;]<\/p>\n","protected":false},"author":1,"featured_media":1660,"comment_status":"open","ping_status":"open","sticky":false,"template":"","format":"standard","meta":{"footnotes":""},"categories":[121],"tags":[499,1346,1632,2289,2992,4521,5091,5141,5423,6129,6132,6925,6936,7510],"class_list":["post-1659","post","type-post","status-publish","format-standard","has-post-thumbnail","category-noticias-musicales","tag-agradecida","tag-camila-cabello","tag-chisme","tag-disco","tag-fans","tag-los-amo","tag-mucha-paciencia","tag-musica","tag-nuevo-album","tag-proximamente","tag-proximo-album","tag-sneakpeeks","tag-socialmedia","tag-twitter"],"_links":{"self":[{"href":"https:\/\/starsworldproduction.com\/web\/wp-json\/wp\/v2\/posts\/1659","targetHints":{"allow":["GET"]}}],"collection":[{"href":"https:\/\/starsworldproduction.com\/web\/wp-json\/wp\/v2\/posts"}],"about":[{"href":"https:\/\/starsworldproduction.com\/web\/wp-json\/wp\/v2\/types\/post"}],"author":[{"embeddable":true,"href":"https:\/\/starsworldproduction.com\/web\/wp-json\/wp\/v2\/users\/1"}],"replies":[{"embeddable":true,"href":"https:\/\/starsworldproduction.com\/web\/wp-json\/wp\/v2\/comments?post=1659"}],"version-history":[{"count":0,"href":"https:\/\/starsworldproduction.com\/web\/wp-json\/wp\/v2\/posts\/1659\/revisions"}],"wp:featuredmedia":[{"embeddable":true,"href":"https:\/\/starsworldproduction.com\/web\/wp-json\/wp\/v2\/media\/1660"}],"wp:attachment":[{"href":"https:\/\/starsworldproduction.com\/web\/wp-json\/wp\/v2\/media?parent=1659"}],"wp:term":[{"taxonomy":"category","embeddable":true,"href":"https:\/\/starsworldproduction.com\/web\/wp-json\/wp\/v2\/categories?post=1659"},{"taxonomy":"post_tag","embeddable":true,"href":"https:\/\/starsworldproduction.com\/web\/wp-json\/wp\/v2\/tags?post=1659"}],"curies":[{"name":"wp","href":"https:\/\/api.w.org\/{rel}","templated":true}]}}