{"id":1690,"date":"2019-05-06T12:35:56","date_gmt":"2019-05-06T12:35:56","guid":{"rendered":"https:\/\/www.starsworldproduction.com\/?p=1690"},"modified":"2019-05-06T12:35:56","modified_gmt":"2019-05-06T12:35:56","slug":"luis-fonsi-lanza-date-la-vuelta-nuevo-tema-junto-sebastian-yatra-nicky-jam","status":"publish","type":"post","link":"https:\/\/starsworldproduction.com\/web\/2019\/05\/06\/luis-fonsi-lanza-date-la-vuelta-nuevo-tema-junto-sebastian-yatra-nicky-jam\/","title":{"rendered":"Luis Fonsi lanza \u00abDate la vuelta\u00bb, su nuevo tema junto a Sebasti\u00e1n Yatra y Nicky Jam"},"content":{"rendered":"<p id=\"p629550-m1789-1788-1790\" class=\"parrafo first-parrafo \" style=\"text-align: justify;\">En primer lugar los cantantes\u00a0<b>Sebasti\u00e1n Yatra, Luis Fonsi y Nicky Jam\u00a0<\/b>estrenaron este martes su primer tema en conjunto bajo el t\u00edtulo de \u00abDate la vuelta\u00bb. Tambi\u00e9n los artistas latinos anunciaron la noticia a trav\u00e9s de sus redes sociales hace algunas semanas.<\/p>\n<blockquote class=\"instagram-media\" style=\"background: #FFF; border: 0; border-radius: 3px; box-shadow: 0 0 1px 0 rgba(0,0,0,0.5),0 1px 10px 0 rgba(0,0,0,0.15); margin: 1px; max-width: 540px; min-width: 326px; padding: 0; width: calc(100% - 2px);\" data-instgrm-captioned=\"\" data-instgrm-permalink=\"https:\/\/www.instagram.com\/p\/Bw2KmJAHUFF\/\" data-instgrm-version=\"12\">\n<div style=\"padding: 16px;\">\n<p>&nbsp;<\/p>\n<div style=\"display: flex; flex-direction: row; align-items: center;\"><\/div>\n<div style=\"padding: 19% 0;\"><\/div>\n<div style=\"display: block; height: 50px; margin: 0 auto 12px; width: 50px;\"><\/div>\n<div style=\"padding-top: 8px;\">\n<div style=\"color: #3897f0; font-family: Arial,sans-serif; font-size: 14px; font-style: normal; font-weight: 550; line-height: 18px;\">Ver esta publicaci\u00f3n en Instagram<\/div>\n<\/div>\n<div style=\"padding: 12.5% 0;\"><\/div>\n<div style=\"display: flex; flex-direction: row; margin-bottom: 14px; align-items: center;\"><\/div>\n<p>&nbsp;<\/p>\n<p style=\"margin: 8px 0 0 0; padding: 0 4px;\"><a style=\"color: #000; font-family: Arial,sans-serif; font-size: 14px; font-style: normal; font-weight: normal; line-height: 17px; text-decoration: none; word-wrap: break-word;\" href=\"https:\/\/www.instagram.com\/p\/Bw2KmJAHUFF\/\" target=\"_blank\" rel=\"noopener\">\u201cDe Puerto Rico a Cartagena, de Punta Cana a Venezuela, baby te llevo a donde quieras&#8230;\u201d #DateLaVuelta \ud83d\udd08\ud83c\udfb6\ud83c\udfb5<\/a><\/p>\n<p style=\"color: #c9c8cd; font-family: Arial,sans-serif; font-size: 14px; line-height: 17px; margin-bottom: 0; margin-top: 8px; overflow: hidden; padding: 8px 0 7px; text-align: center; text-overflow: ellipsis; white-space: nowrap;\">Una publicaci\u00f3n compartida de <a style=\"color: #c9c8cd; font-family: Arial,sans-serif; font-size: 14px; font-style: normal; font-weight: normal; line-height: 17px;\" href=\"https:\/\/www.instagram.com\/luisfonsi\/\" target=\"_blank\" rel=\"noopener\"> Luis Fonsi<\/a> (@luisfonsi) el <time style=\"font-family: Arial,sans-serif; font-size: 14px; line-height: 17px;\" datetime=\"2019-04-29T16:34:44+00:00\">29 Abr, 2019 a las 9:34 PDT<\/time><\/p>\n<\/div>\n<\/blockquote>\n<p><script src=\"\/\/www.instagram.com\/embed.js\" async=\"\"><\/script><\/p>\n<p>El tema llega acompa\u00f1ado de un colorido videoclip, el cual estren\u00f3 a trav\u00e9s de la cuenta oficial de\u00a0<b>YouTube<\/b>\u00a0de\u00a0<b>Luis Fonsi<\/b>. Hasta el momento, el clip cuenta con m\u00e1s de 2&#8217;307,383 visualizaciones y miles de comentarios que felicitan a los cantantes.<\/p>\n<p>En las im\u00e1genes se puede ver a los tres artistas en medio de un desierto disfrutando de una fiesta con bellas mujeres. Adem\u00e1s, hacen gala de su calidad musical en la interpretaci\u00f3n.<\/p>\n<blockquote class=\"instagram-media\" style=\"background: #FFF; border: 0; border-radius: 3px; box-shadow: 0 0 1px 0 rgba(0,0,0,0.5),0 1px 10px 0 rgba(0,0,0,0.15); margin: 1px; max-width: 540px; min-width: 326px; padding: 0; width: calc(100% - 2px);\" data-instgrm-captioned=\"\" data-instgrm-permalink=\"https:\/\/www.instagram.com\/p\/BwpEK6THsEz\/\" data-instgrm-version=\"12\">\n<div style=\"padding: 16px;\">\n&nbsp;<\/p>\n<div style=\"display: flex; flex-direction: row; align-items: center;\"><\/div>\n<div style=\"padding: 19% 0;\"><\/div>\n<div style=\"display: block; height: 50px; margin: 0 auto 12px; width: 50px;\"><\/div>\n<div style=\"padding-top: 8px;\">\n<div style=\"color: #3897f0; font-family: Arial,sans-serif; font-size: 14px; font-style: normal; font-weight: 550; line-height: 18px;\">Ver esta publicaci\u00f3n en Instagram<\/div>\n<\/div>\n<div style=\"padding: 12.5% 0;\"><\/div>\n<div style=\"display: flex; flex-direction: row; margin-bottom: 14px; align-items: center;\"><\/div>\n<p>&nbsp;<\/p>\n<p><a style=\"color: #000; font-family: Arial,sans-serif; font-size: 14px; font-style: normal; font-weight: normal; line-height: 17px; text-decoration: none; word-wrap: break-word;\" href=\"https:\/\/www.instagram.com\/p\/BwpEK6THsEz\/\" target=\"_blank\" rel=\"noopener\">Disponible YAAAAAA!!!!!! #DateLaVuelta @nickyjampr @sebastianyatra \ud83d\udcaa\ud83c\udffd\ud83d\udcaa\ud83c\udffd\ud83d\udcaa\ud83c\udffd<\/a><\/p>\n<p>Una publicaci\u00f3n compartida de <a style=\"color: #c9c8cd; font-family: Arial,sans-serif; font-size: 14px; font-style: normal; font-weight: normal; line-height: 17px;\" href=\"https:\/\/www.instagram.com\/luisfonsi\/\" target=\"_blank\" rel=\"noopener\"> Luis Fonsi<\/a> (@luisfonsi) el <time style=\"font-family: Arial,sans-serif; font-size: 14px; line-height: 17px;\" datetime=\"2019-04-24T14:29:19+00:00\">24 Abr, 2019 a las 7:29 PDT<\/time>\n<\/div>\n<\/blockquote>\n<p><script src=\"\/\/www.instagram.com\/embed.js\" async=\"\"><\/script><\/p>\n<p id=\"p629550-m1814-4-1815\" class=\"parrafo first-parrafo \" style=\"text-align: justify;\">El tema fue compuesto por\u00a0<b>Luis Fonsi\u00a0<\/b>junto a Andr\u00e9s Torres y Mauricio Rengifo, con quienes ha trabajado en los pasados dos a\u00f1os componiendo otras canciones como \u00abDespacito\u00bb, \u00ab\u00c9chame La Culpa\u00bb, \u00abCalypso\u00bb e \u00abImposible\u00bb.<\/p>\n<blockquote class=\"instagram-media\" style=\"background: #FFF; border: 0; border-radius: 3px; box-shadow: 0 0 1px 0 rgba(0,0,0,0.5),0 1px 10px 0 rgba(0,0,0,0.15); margin: 1px; max-width: 540px; min-width: 326px; padding: 0; width: calc(100% - 2px);\" data-instgrm-captioned=\"\" data-instgrm-permalink=\"https:\/\/www.instagram.com\/p\/Bwmwm6tnVp0\/\" data-instgrm-version=\"12\">\n<div style=\"padding: 16px;\">\n<p>&nbsp;<\/p>\n<div style=\"display: flex; flex-direction: row; align-items: center;\"><\/div>\n<div style=\"padding: 19% 0;\"><\/div>\n<div style=\"display: block; height: 50px; margin: 0 auto 12px; width: 50px;\"><\/div>\n<div style=\"padding-top: 8px;\">\n<div style=\"color: #3897f0; font-family: Arial,sans-serif; font-size: 14px; font-style: normal; font-weight: 550; line-height: 18px;\">Ver esta publicaci\u00f3n en Instagram<\/div>\n<\/div>\n<div style=\"padding: 12.5% 0;\"><\/div>\n<div style=\"display: flex; flex-direction: row; margin-bottom: 14px; align-items: center;\"><\/div>\n<p>&nbsp;<\/p>\n<p style=\"margin: 8px 0 0 0; padding: 0 4px;\"><a style=\"color: #000; font-family: Arial,sans-serif; font-size: 14px; font-style: normal; font-weight: normal; line-height: 17px; text-decoration: none; word-wrap: break-word;\" href=\"https:\/\/www.instagram.com\/p\/Bwmwm6tnVp0\/\" target=\"_blank\" rel=\"noopener\">Quien est\u00e1 listo para #DateLaVuelta? Solo falta \u261d\ud83c\udffdd\u00eda para que empiece la fiesta. Ma\u00f1ana mi\u00e9rcoles estrenamos canci\u00f3n, v\u00eddeo, todo!!!\ud83e\udde8\ud83e\udde8\ud83e\udde8 Pendientes al chat de YouTube esta noche, ah\u00ed estar\u00e9. @nickyjampr @sebastianyatra<\/a><\/p>\n<p style=\"color: #c9c8cd; font-family: Arial,sans-serif; font-size: 14px; line-height: 17px; margin-bottom: 0; margin-top: 8px; overflow: hidden; padding: 8px 0 7px; text-align: center; text-overflow: ellipsis; white-space: nowrap;\">Una publicaci\u00f3n compartida de <a style=\"color: #c9c8cd; font-family: Arial,sans-serif; font-size: 14px; font-style: normal; font-weight: normal; line-height: 17px;\" href=\"https:\/\/www.instagram.com\/luisfonsi\/\" target=\"_blank\" rel=\"noopener\"> Luis Fonsi<\/a> (@luisfonsi) el <time style=\"font-family: Arial,sans-serif; font-size: 14px; line-height: 17px;\" datetime=\"2019-04-23T16:59:03+00:00\">23 Abr, 2019 a las 9:59 PDT<\/time><\/p>\n<\/div>\n<\/blockquote>\n<p><script src=\"\/\/www.instagram.com\/embed.js\" async=\"\"><\/script><\/p>\n<p>Adem\u00e1s el material audiovisual fue rodado el pasado mes de marzo en Miami y la direcci\u00f3n estuvo a cargo del puertorrique\u00f1o Carlos P\u00e9rez, art\u00edfice de otros clips como el popular \u00abDespacito\u00bb, que supera los 6 mil millones de views, o \u00abParecen Viernes\u00bb, el \u00faltimo lanzamiento de\u00a0<b>Marc Anthony<\/b>.<\/p>\n<p>Por encima de todo los tres interpretaron el tema en vivo por primera vez el Jueves 25 de Abril durante la ceremonia de los\u00a0<b>Premios Billboard Latinos<\/b>, que se celebr\u00f3 en Las Vegas.<\/p>\n<blockquote class=\"instagram-media\" style=\"background: #FFF; border: 0; border-radius: 3px; box-shadow: 0 0 1px 0 rgba(0,0,0,0.5),0 1px 10px 0 rgba(0,0,0,0.15); margin: 1px; max-width: 540px; min-width: 326px; padding: 0; width: calc(100% - 2px);\" data-instgrm-captioned=\"\" data-instgrm-permalink=\"https:\/\/www.instagram.com\/p\/Bwu1c4enFMD\/\" data-instgrm-version=\"12\">\n<div style=\"padding: 16px;\">\n&nbsp;<\/p>\n<div style=\"display: flex; flex-direction: row; align-items: center;\"><\/div>\n<div style=\"padding: 19% 0;\"><\/div>\n<div style=\"display: block; height: 50px; margin: 0 auto 12px; width: 50px;\"><\/div>\n<div style=\"padding-top: 8px;\">\n<div style=\"color: #3897f0; font-family: Arial,sans-serif; font-size: 14px; font-style: normal; font-weight: 550; line-height: 18px;\">Ver esta publicaci\u00f3n en Instagram<\/div>\n<\/div>\n<div style=\"padding: 12.5% 0;\"><\/div>\n<div style=\"display: flex; flex-direction: row; margin-bottom: 14px; align-items: center;\"><\/div>\n<p>&nbsp;<\/p>\n<p><a style=\"color: #000; font-family: Arial,sans-serif; font-size: 14px; font-style: normal; font-weight: normal; line-height: 17px; text-decoration: none; word-wrap: break-word;\" href=\"https:\/\/www.instagram.com\/p\/Bwu1c4enFMD\/\" target=\"_blank\" rel=\"noopener\">\u201cDate La Vuelta mami, su\u00e9ltate el pelo pa\u2019 mi, Date La Vuelta mamita&#8230;\u201d \u25b6\ufe0f\ud83d\udd0a\ud83c\udfb6\ud83c\udfb5 @nickyjampr @sebastianyatra @latinbillboards<\/a><\/p>\n<p>Una publicaci\u00f3n compartida de <a style=\"color: #c9c8cd; font-family: Arial,sans-serif; font-size: 14px; font-style: normal; font-weight: normal; line-height: 17px;\" href=\"https:\/\/www.instagram.com\/luisfonsi\/\" target=\"_blank\" rel=\"noopener\"> Luis Fonsi<\/a> (@luisfonsi) el <time style=\"font-family: Arial,sans-serif; font-size: 14px; line-height: 17px;\" datetime=\"2019-04-26T20:15:18+00:00\">26 Abr, 2019 a las 1:15 PDT<\/time>\n<\/div>\n<\/blockquote>\n<p><script src=\"\/\/www.instagram.com\/embed.js\" async=\"\"><\/script><\/p>\n<p><iframe loading=\"lazy\" src=\"https:\/\/www.youtube.com\/embed\/n5jRwdEwLOY\" width=\"560\" height=\"315\" frameborder=\"0\" allowfullscreen=\"allowfullscreen\"><\/iframe><\/p>\n<p>&nbsp;<\/p>\n<h6>Fuente: El Comercio<\/h6>\n","protected":false},"excerpt":{"rendered":"<p>En primer lugar los cantantes\u00a0Sebasti\u00e1n Yatra, Luis Fonsi y Nicky Jam\u00a0estrenaron este martes su primer tema en conjunto bajo el t\u00edtulo de \u00abDate la vuelta\u00bb. Tambi\u00e9n los artistas latinos anunciaron la noticia a trav\u00e9s de sus redes sociales hace algunas semanas. &nbsp; Ver esta publicaci\u00f3n en Instagram &nbsp; \u201cDe Puerto Rico a Cartagena, de Punta [&hellip;]<\/p>\n","protected":false},"author":1,"featured_media":1691,"comment_status":"open","ping_status":"open","sticky":false,"template":"","format":"standard","meta":{"footnotes":""},"categories":[121],"tags":[700,862,908,1328,1420,1477,1779,2108,2207,2449,2914,3024,3524,3659,4277,4579,4692,4777,5141,5277,5381,5444,5658,5950,6332,6738,7204,7907],"class_list":["post-1690","post","type-post","status-publish","format-standard","has-post-thumbnail","category-noticias-musicales","tag-andres-torres","tag-artistas-latinos","tag-audiovisual","tag-calypso","tag-cantantes","tag-carlos-perez","tag-colorido-videoclip","tag-date-la-vuelta","tag-despacito","tag-echame-la-culpa","tag-exito","tag-felicitan","tag-hit","tag-imposible","tag-las-vegas","tag-luis-fonsi","tag-marc-anthony","tag-mauricio-rengifo","tag-musica","tag-nicky-jam","tag-noticia","tag-nuevo-tema","tag-parecen-viernes","tag-premios-billboard-latinos","tag-redes-sociales","tag-sebastian-yatra","tag-tema","tag-youtube"],"_links":{"self":[{"href":"https:\/\/starsworldproduction.com\/web\/wp-json\/wp\/v2\/posts\/1690","targetHints":{"allow":["GET"]}}],"collection":[{"href":"https:\/\/starsworldproduction.com\/web\/wp-json\/wp\/v2\/posts"}],"about":[{"href":"https:\/\/starsworldproduction.com\/web\/wp-json\/wp\/v2\/types\/post"}],"author":[{"embeddable":true,"href":"https:\/\/starsworldproduction.com\/web\/wp-json\/wp\/v2\/users\/1"}],"replies":[{"embeddable":true,"href":"https:\/\/starsworldproduction.com\/web\/wp-json\/wp\/v2\/comments?post=1690"}],"version-history":[{"count":0,"href":"https:\/\/starsworldproduction.com\/web\/wp-json\/wp\/v2\/posts\/1690\/revisions"}],"wp:featuredmedia":[{"embeddable":true,"href":"https:\/\/starsworldproduction.com\/web\/wp-json\/wp\/v2\/media\/1691"}],"wp:attachment":[{"href":"https:\/\/starsworldproduction.com\/web\/wp-json\/wp\/v2\/media?parent=1690"}],"wp:term":[{"taxonomy":"category","embeddable":true,"href":"https:\/\/starsworldproduction.com\/web\/wp-json\/wp\/v2\/categories?post=1690"},{"taxonomy":"post_tag","embeddable":true,"href":"https:\/\/starsworldproduction.com\/web\/wp-json\/wp\/v2\/tags?post=1690"}],"curies":[{"name":"wp","href":"https:\/\/api.w.org\/{rel}","templated":true}]}}