{"id":1700,"date":"2019-05-07T12:30:50","date_gmt":"2019-05-07T12:30:50","guid":{"rendered":"https:\/\/www.starsworldproduction.com\/?p=1700"},"modified":"2019-05-07T12:30:50","modified_gmt":"2019-05-07T12:30:50","slug":"encuentro-maluma-taylor-swift-los-billboard-music-awards-2019","status":"publish","type":"post","link":"https:\/\/starsworldproduction.com\/web\/2019\/05\/07\/encuentro-maluma-taylor-swift-los-billboard-music-awards-2019\/","title":{"rendered":"El encuentro de Maluma y Taylor Swift en los Billboard Music Awards 2019"},"content":{"rendered":"<p style=\"text-align: justify;\">En primer lugar<b> Maluma\u00a0y\u00a0Taylor Swift\u00a0<\/b>pasaron una noche incre\u00edble en la ceremonia de los premios\u00a0<b>Billboard Music Awards\u00a0<\/b>en Las Vegas. Adem\u00e1s, un hecho que llam\u00f3 la atenci\u00f3n de sus fan\u00e1ticos es que ambos\u00a0<b>fueron captados conversando en el\u00a0<\/b><i style=\"font-weight: bold;\">&#8216;backstage&#8217;<\/i><b>\u00a0de la ceremonia. Tambi\u00e9n\u00a0se mostraron muy cercanos.<\/b><\/p>\n<blockquote class=\"instagram-media\" style=\"background: #FFF; border: 0; border-radius: 3px; box-shadow: 0 0 1px 0 rgba(0,0,0,0.5),0 1px 10px 0 rgba(0,0,0,0.15); margin: 1px; max-width: 540px; min-width: 326px; padding: 0; width: calc(100% - 2px);\" data-instgrm-captioned=\"\" data-instgrm-permalink=\"https:\/\/www.instagram.com\/p\/Bw8LYfAH5Qp\/\" data-instgrm-version=\"12\">\n<div style=\"padding: 16px;\">\n<p>&nbsp;<\/p>\n<div style=\"display: flex; flex-direction: row; align-items: center;\"><\/div>\n<div style=\"padding: 19% 0;\"><\/div>\n<div style=\"display: block; height: 50px; margin: 0 auto 12px; width: 50px;\"><\/div>\n<div style=\"padding-top: 8px;\">\n<div style=\"color: #3897f0; font-family: Arial,sans-serif; font-size: 14px; font-style: normal; font-weight: 550; line-height: 18px;\">Ver esta publicaci\u00f3n en Instagram<\/div>\n<\/div>\n<div style=\"padding: 12.5% 0;\"><\/div>\n<div style=\"display: flex; flex-direction: row; margin-bottom: 14px; align-items: center;\"><\/div>\n<p>&nbsp;<\/p>\n<p style=\"margin: 8px 0 0 0; padding: 0 4px;\"><a style=\"color: #000; font-family: Arial,sans-serif; font-size: 14px; font-style: normal; font-weight: normal; line-height: 17px; text-decoration: none; word-wrap: break-word;\" href=\"https:\/\/www.instagram.com\/p\/Bw8LYfAH5Qp\/\" target=\"_blank\" rel=\"noopener\">Pa los que no cre\u00edan en mi.. ah\u00ed les dejo \ud83d\udd95\ud83c\udffb D\u00eda hist\u00f3rico para mi pa\u00eds y mi cultura, LATINOS ARRIBA!! \ud83d\udd25\ud83d\udd25\ud83d\udd25 #Medellin @bbmas<\/a><\/p>\n<p style=\"color: #c9c8cd; font-family: Arial,sans-serif; font-size: 14px; line-height: 17px; margin-bottom: 0; margin-top: 8px; overflow: hidden; padding: 8px 0 7px; text-align: center; text-overflow: ellipsis; white-space: nowrap;\">Una publicaci\u00f3n compartida de <a style=\"color: #c9c8cd; font-family: Arial,sans-serif; font-size: 14px; font-style: normal; font-weight: normal; line-height: 17px;\" href=\"https:\/\/www.instagram.com\/maluma\/\" target=\"_blank\" rel=\"noopener\"> MALUMA<\/a> (@maluma) el <time style=\"font-family: Arial,sans-serif; font-size: 14px; line-height: 17px;\" datetime=\"2019-05-02T00:37:03+00:00\">1 May, 2019 a las 5:37 PDT<\/time><\/p>\n<\/div>\n<\/blockquote>\n<p><script src=\"\/\/www.instagram.com\/embed.js\" async=\"\"><\/script><\/p>\n<p>Por la raz\u00f3n que por sus redes sociales, se han compartido una serie de fotograf\u00edas que muestran a los artistas en un encuentro donde conversaron largo y tendido.<\/p>\n<blockquote class=\"instagram-media\" style=\"background: #FFF; border: 0; border-radius: 3px; box-shadow: 0 0 1px 0 rgba(0,0,0,0.5),0 1px 10px 0 rgba(0,0,0,0.15); margin: 1px; max-width: 540px; min-width: 326px; padding: 0; width: calc(100% - 2px);\" data-instgrm-captioned=\"\" data-instgrm-permalink=\"https:\/\/www.instagram.com\/p\/BwxEPo6HpHR\/\" data-instgrm-version=\"12\">\n<div style=\"padding: 16px;\">\n&nbsp;<\/p>\n<div style=\"display: flex; flex-direction: row; align-items: center;\"><\/div>\n<div style=\"padding: 19% 0;\"><\/div>\n<div style=\"display: block; height: 50px; margin: 0 auto 12px; width: 50px;\"><\/div>\n<div style=\"padding-top: 8px;\">\n<div style=\"color: #3897f0; font-family: Arial,sans-serif; font-size: 14px; font-style: normal; font-weight: 550; line-height: 18px;\">Ver esta publicaci\u00f3n en Instagram<\/div>\n<\/div>\n<div style=\"padding: 12.5% 0;\"><\/div>\n<div style=\"display: flex; flex-direction: row; margin-bottom: 14px; align-items: center;\"><\/div>\n<p>&nbsp;<\/p>\n<p><a style=\"color: #000; font-family: Arial,sans-serif; font-size: 14px; font-style: normal; font-weight: normal; line-height: 17px; text-decoration: none; word-wrap: break-word;\" href=\"https:\/\/www.instagram.com\/p\/BwxEPo6HpHR\/\" target=\"_blank\" rel=\"noopener\">Let\u2019s keep dreaming, it\u2019s just the beginning \u2728<\/a><\/p>\n<p>Una publicaci\u00f3n compartida de <a style=\"color: #c9c8cd; font-family: Arial,sans-serif; font-size: 14px; font-style: normal; font-weight: normal; line-height: 17px;\" href=\"https:\/\/www.instagram.com\/maluma\/\" target=\"_blank\" rel=\"noopener\"> MALUMA<\/a> (@maluma) el <time style=\"font-family: Arial,sans-serif; font-size: 14px; line-height: 17px;\" datetime=\"2019-04-27T17:03:02+00:00\">27 Abr, 2019 a las 10:03 PDT<\/time>\n<\/div>\n<\/blockquote>\n<p><script src=\"\/\/www.instagram.com\/embed.js\" async=\"\"><\/script><\/p>\n<p id=\"p631769-m5498-3-5499\" class=\"parrafo first-parrafo \" style=\"text-align: justify;\">Adem\u00e1s en los comentarios de la publicaci\u00f3n se dice que esto mismo pas\u00f3 en los pasados premios MTV cuando Madonna conoci\u00f3 al colombiano, con quien interpret\u00f3 en la gala su nueva colaboraci\u00f3n \u00abMedell\u00edn\u00bb.<\/p>\n<blockquote class=\"instagram-media\" style=\"background: #FFF; border: 0; border-radius: 3px; box-shadow: 0 0 1px 0 rgba(0,0,0,0.5),0 1px 10px 0 rgba(0,0,0,0.15); margin: 1px; max-width: 540px; min-width: 326px; padding: 0; width: calc(100% - 2px);\" data-instgrm-captioned=\"\" data-instgrm-permalink=\"https:\/\/www.instagram.com\/p\/Bw9pNEBpRFP\/\" data-instgrm-version=\"12\">\n<div style=\"padding: 16px;\">\n<p>&nbsp;<\/p>\n<div style=\"display: flex; flex-direction: row; align-items: center;\"><\/div>\n<div style=\"padding: 19% 0;\"><\/div>\n<div style=\"display: block; height: 50px; margin: 0 auto 12px; width: 50px;\"><\/div>\n<div style=\"padding-top: 8px;\">\n<div style=\"color: #3897f0; font-family: Arial,sans-serif; font-size: 14px; font-style: normal; font-weight: 550; line-height: 18px;\">Ver esta publicaci\u00f3n en Instagram<\/div>\n<\/div>\n<div style=\"padding: 12.5% 0;\"><\/div>\n<div style=\"display: flex; flex-direction: row; margin-bottom: 14px; align-items: center;\"><\/div>\n<p>&nbsp;<\/p>\n<p style=\"margin: 8px 0 0 0; padding: 0 4px;\"><a style=\"color: #000; font-family: Arial,sans-serif; font-size: 14px; font-style: normal; font-weight: normal; line-height: 17px; text-decoration: none; word-wrap: break-word;\" href=\"https:\/\/www.instagram.com\/p\/Bw9pNEBpRFP\/\" target=\"_blank\" rel=\"noopener\">Ay ay ay, \u00bfser\u00e1 que as\u00ed como le sucedi\u00f3 con @madonna en los premios #MTV, esta vez a @maluma le pasar\u00e1 lo mismo con @taylorswift? La rubia conoci\u00f3 ayer al colombiano durante los @billboard y por lo que vimos, estuvieron charlando largo y tendido. \u00bfCanci\u00f3n a la vista? \ud83e\udd14\u2022\ud83d\udcf8:TesOne\/Cesar Pimienta<\/a><\/p>\n<p style=\"color: #c9c8cd; font-family: Arial,sans-serif; font-size: 14px; line-height: 17px; margin-bottom: 0; margin-top: 8px; overflow: hidden; padding: 8px 0 7px; text-align: center; text-overflow: ellipsis; white-space: nowrap;\">Una publicaci\u00f3n compartida de <a style=\"color: #c9c8cd; font-family: Arial,sans-serif; font-size: 14px; font-style: normal; font-weight: normal; line-height: 17px;\" href=\"https:\/\/www.instagram.com\/peopleenespanol\/\" target=\"_blank\" rel=\"noopener\"> People en Espa\u00f1ol<\/a> (@peopleenespanol) el <time style=\"font-family: Arial,sans-serif; font-size: 14px; line-height: 17px;\" datetime=\"2019-05-02T14:16:53+00:00\">2 May, 2019 a las 7:16 PDT<\/time><\/p>\n<\/div>\n<\/blockquote>\n<p><script src=\"\/\/www.instagram.com\/embed.js\" async=\"\"><\/script><\/p>\n<p>Tamb\u00eden, las especulaciones en torno a una posible colaboraci\u00f3n musical entre\u00a0<b>Maluma y Taylor Swift\u00a0<\/b>no han cesado; sin embargo, sus estilos son muy diferentes por lo que alguno de ellos tendr\u00eda que adaptarse al otro para trabajar juntos.<\/p>\n<blockquote class=\"instagram-media\" style=\"background: #FFF; border: 0; border-radius: 3px; box-shadow: 0 0 1px 0 rgba(0,0,0,0.5),0 1px 10px 0 rgba(0,0,0,0.15); margin: 1px; max-width: 540px; min-width: 326px; padding: 0; width: calc(100% - 2px);\" data-instgrm-captioned=\"\" data-instgrm-permalink=\"https:\/\/www.instagram.com\/p\/Bw8b6sODVlG\/\" data-instgrm-version=\"12\">\n<div style=\"padding: 16px;\">\n&nbsp;<\/p>\n<div style=\"display: flex; flex-direction: row; align-items: center;\"><\/div>\n<div style=\"padding: 19% 0;\"><\/div>\n<div style=\"display: block; height: 50px; margin: 0 auto 12px; width: 50px;\"><\/div>\n<div style=\"padding-top: 8px;\">\n<div style=\"color: #3897f0; font-family: Arial,sans-serif; font-size: 14px; font-style: normal; font-weight: 550; line-height: 18px;\">Ver esta publicaci\u00f3n en Instagram<\/div>\n<\/div>\n<div style=\"padding: 12.5% 0;\"><\/div>\n<div style=\"display: flex; flex-direction: row; margin-bottom: 14px; align-items: center;\"><\/div>\n<p>&nbsp;<\/p>\n<p><a style=\"color: #000; font-family: Arial,sans-serif; font-size: 14px; font-style: normal; font-weight: normal; line-height: 17px; text-decoration: none; word-wrap: break-word;\" href=\"https:\/\/www.instagram.com\/p\/Bw8b6sODVlG\/\" target=\"_blank\" rel=\"noopener\">THIS WAS THE MAXIMUM AMOUNT OF FUN POSSIBLE. And for the first time ever I\u2019m releasing the live rehearsal audio from this performance on vinyl and CD from @bbmas on my site. Thank you to every performer up there with us tonight!!! \ud83d\udc97\ud83d\udc97\ud83d\udc97\ud83d\udc97\ud83d\udc97 \ud83d\udcf8: @johnshearer<\/a><\/p>\n<p>Una publicaci\u00f3n compartida de <a style=\"color: #c9c8cd; font-family: Arial,sans-serif; font-size: 14px; font-style: normal; font-weight: normal; line-height: 17px;\" href=\"https:\/\/www.instagram.com\/taylorswift\/\" target=\"_blank\" rel=\"noopener\"> Taylor Swift<\/a> (@taylorswift) el <time style=\"font-family: Arial,sans-serif; font-size: 14px; line-height: 17px;\" datetime=\"2019-05-02T03:01:32+00:00\">1 May, 2019 a las 8:01 PDT<\/time>\n<\/div>\n<\/blockquote>\n<p><script src=\"\/\/www.instagram.com\/embed.js\" async=\"\"><\/script><\/p>\n<p id=\"p631769-m5513-6-5514\" class=\"parrafo first-parrafo \" style=\"text-align: justify;\">Por encima de todo recordemos que en los\u00a0<b>Billboard Music Awards, Taylor Swift\u00a0<\/b>fue la encargada de abrir la gala con la interpretaci\u00f3n de su nuevo sencillo \u201c\u00bbME!\u00bb, con el que retorn\u00f3 a la escena musical tras algunos meses de pausa.<\/p>\n<blockquote class=\"instagram-media\" style=\"background: #FFF; border: 0; border-radius: 3px; box-shadow: 0 0 1px 0 rgba(0,0,0,0.5),0 1px 10px 0 rgba(0,0,0,0.15); margin: 1px; max-width: 540px; min-width: 326px; padding: 0; width: calc(100% - 2px);\" data-instgrm-captioned=\"\" data-instgrm-permalink=\"https:\/\/www.instagram.com\/p\/BwtG0fiDeA_\/\" data-instgrm-version=\"12\">\n<div style=\"padding: 16px;\">\n<p>&nbsp;<\/p>\n<div style=\"display: flex; flex-direction: row; align-items: center;\"><\/div>\n<div style=\"padding: 19% 0;\"><\/div>\n<div style=\"display: block; height: 50px; margin: 0 auto 12px; width: 50px;\"><\/div>\n<div style=\"padding-top: 8px;\">\n<div style=\"color: #3897f0; font-family: Arial,sans-serif; font-size: 14px; font-style: normal; font-weight: 550; line-height: 18px;\">Ver esta publicaci\u00f3n en Instagram<\/div>\n<\/div>\n<div style=\"padding: 12.5% 0;\"><\/div>\n<div style=\"display: flex; flex-direction: row; margin-bottom: 14px; align-items: center;\"><\/div>\n<p>&nbsp;<\/p>\n<p style=\"margin: 8px 0 0 0; padding: 0 4px;\"><a style=\"color: #000; font-family: Arial,sans-serif; font-size: 14px; font-style: normal; font-weight: normal; line-height: 17px; text-decoration: none; word-wrap: break-word;\" href=\"https:\/\/www.instagram.com\/p\/BwtG0fiDeA_\/\" target=\"_blank\" rel=\"noopener\">ME! Out now! Made this song with @BrendonUrie and @iamJoelLittle. @Davemeyers and I co-directed the video. And everyone knows you can\u2019t spell awesome without DAVEBRENDONJOEL. Oh wait&#8230;<\/a><\/p>\n<p style=\"color: #c9c8cd; font-family: Arial,sans-serif; font-size: 14px; line-height: 17px; margin-bottom: 0; margin-top: 8px; overflow: hidden; padding: 8px 0 7px; text-align: center; text-overflow: ellipsis; white-space: nowrap;\">Una publicaci\u00f3n compartida de <a style=\"color: #c9c8cd; font-family: Arial,sans-serif; font-size: 14px; font-style: normal; font-weight: normal; line-height: 17px;\" href=\"https:\/\/www.instagram.com\/taylorswift\/\" target=\"_blank\" rel=\"noopener\"> Taylor Swift<\/a> (@taylorswift) el <time style=\"font-family: Arial,sans-serif; font-size: 14px; line-height: 17px;\" datetime=\"2019-04-26T04:08:35+00:00\">25 Abr, 2019 a las 9:08 PDT<\/time><\/p>\n<\/div>\n<\/blockquote>\n<p><script src=\"\/\/www.instagram.com\/embed.js\" async=\"\"><\/script><\/p>\n<p>Finalmente por su parte,\u00a0<b>Maluma\u00a0<\/b>interpret\u00f3 \u00abMedell\u00edn\u00bb, su nueva colaboraci\u00f3n con Madonna, durante la ceremonia que se llev\u00f3 a cabo en el MGM Grand Garden Arena en Las Vegas.<\/p>\n<blockquote class=\"instagram-media\" style=\"background: #FFF; border: 0; border-radius: 3px; box-shadow: 0 0 1px 0 rgba(0,0,0,0.5),0 1px 10px 0 rgba(0,0,0,0.15); margin: 1px; max-width: 540px; min-width: 326px; padding: 0; width: calc(100% - 2px);\" data-instgrm-captioned=\"\" data-instgrm-permalink=\"https:\/\/www.instagram.com\/p\/Bw8e06EBceZ\/\" data-instgrm-version=\"12\">\n<div style=\"padding: 16px;\">\n&nbsp;<\/p>\n<div style=\"display: flex; flex-direction: row; align-items: center;\"><\/div>\n<div style=\"padding: 19% 0;\"><\/div>\n<div style=\"display: block; height: 50px; margin: 0 auto 12px; width: 50px;\"><\/div>\n<div style=\"padding-top: 8px;\">\n<div style=\"color: #3897f0; font-family: Arial,sans-serif; font-size: 14px; font-style: normal; font-weight: 550; line-height: 18px;\">Ver esta publicaci\u00f3n en Instagram<\/div>\n<\/div>\n<div style=\"padding: 12.5% 0;\"><\/div>\n<div style=\"display: flex; flex-direction: row; margin-bottom: 14px; align-items: center;\"><\/div>\n<p>&nbsp;<\/p>\n<p><a style=\"color: #000; font-family: Arial,sans-serif; font-size: 14px; font-style: normal; font-weight: normal; line-height: 17px; text-decoration: none; word-wrap: break-word;\" href=\"https:\/\/www.instagram.com\/p\/Bw8e06EBceZ\/\" target=\"_blank\" rel=\"noopener\">Madame \u274c on stage performing with her favourite Papi&#8230;&#8230;&#8230; thank you @maluma \ud83d\udc83\ud83c\udffb\ud83d\udd25\ud83d\udd7a\ud83c\udffd#BBMAs #medellin \ud83c\udde8\ud83c\uddf4<\/a><\/p>\n<p>Una publicaci\u00f3n compartida de <a style=\"color: #c9c8cd; font-family: Arial,sans-serif; font-size: 14px; font-style: normal; font-weight: normal; line-height: 17px;\" href=\"https:\/\/www.instagram.com\/madonna\/\" target=\"_blank\" rel=\"noopener\"> Madonna<\/a> (@madonna) el <time style=\"font-family: Arial,sans-serif; font-size: 14px; line-height: 17px;\" datetime=\"2019-05-02T03:26:58+00:00\">1 May, 2019 a las 8:26 PDT<\/time>\n<\/div>\n<\/blockquote>\n<p><script src=\"\/\/www.instagram.com\/embed.js\" async=\"\"><\/script><\/p>\n<blockquote class=\"instagram-media\" style=\"background: #FFF; border: 0; border-radius: 3px; box-shadow: 0 0 1px 0 rgba(0,0,0,0.5),0 1px 10px 0 rgba(0,0,0,0.15); margin: 1px; max-width: 540px; min-width: 326px; padding: 0; width: calc(100% - 2px);\" data-instgrm-captioned=\"\" data-instgrm-permalink=\"https:\/\/www.instagram.com\/p\/Bw-049-DpAf\/\" data-instgrm-version=\"12\">\n<div style=\"padding: 16px;\">\n<p>&nbsp;<\/p>\n<div style=\"display: flex; flex-direction: row; align-items: center;\"><\/div>\n<div style=\"padding: 19% 0;\"><\/div>\n<div style=\"display: block; height: 50px; margin: 0 auto 12px; width: 50px;\"><\/div>\n<div style=\"padding-top: 8px;\">\n<div style=\"color: #3897f0; font-family: Arial,sans-serif; font-size: 14px; font-style: normal; font-weight: 550; line-height: 18px;\">Ver esta publicaci\u00f3n en Instagram<\/div>\n<\/div>\n<div style=\"padding: 12.5% 0;\"><\/div>\n<div style=\"display: flex; flex-direction: row; margin-bottom: 14px; align-items: center;\"><\/div>\n<p>&nbsp;<\/p>\n<p style=\"margin: 8px 0 0 0; padding: 0 4px;\"><a style=\"color: #000; font-family: Arial,sans-serif; font-size: 14px; font-style: normal; font-weight: normal; line-height: 17px; text-decoration: none; word-wrap: break-word;\" href=\"https:\/\/www.instagram.com\/p\/Bw-049-DpAf\/\" target=\"_blank\" rel=\"noopener\">Madame \u274c and @maluma a magical moment from #BBMAs \ud83d\udc83\ud83c\udffb\ud83c\udde8\ud83c\uddf4\ud83d\udd7a\ud83c\udffd<\/a><\/p>\n<p style=\"color: #c9c8cd; font-family: Arial,sans-serif; font-size: 14px; line-height: 17px; margin-bottom: 0; margin-top: 8px; overflow: hidden; padding: 8px 0 7px; text-align: center; text-overflow: ellipsis; white-space: nowrap;\">Una publicaci\u00f3n compartida de <a style=\"color: #c9c8cd; font-family: Arial,sans-serif; font-size: 14px; font-style: normal; font-weight: normal; line-height: 17px;\" href=\"https:\/\/www.instagram.com\/madonna\/\" target=\"_blank\" rel=\"noopener\"> Madonna<\/a> (@madonna) el <time style=\"font-family: Arial,sans-serif; font-size: 14px; line-height: 17px;\" datetime=\"2019-05-03T01:32:04+00:00\">2 May, 2019 a las 6:32 PDT<\/time><\/p>\n<\/div>\n<\/blockquote>\n<p><script src=\"\/\/www.instagram.com\/embed.js\" async=\"\"><\/script><\/p>\n<p>&nbsp;<\/p>\n<h6>Fuente: El Comercio<\/h6>\n<div id=\"p631769-m5523-8-5524\" class=\"news-related \"><\/div>\n","protected":false},"excerpt":{"rendered":"<p>En primer lugar Maluma\u00a0y\u00a0Taylor Swift\u00a0pasaron una noche incre\u00edble en la ceremonia de los premios\u00a0Billboard Music Awards\u00a0en Las Vegas. Adem\u00e1s, un hecho que llam\u00f3 la atenci\u00f3n de sus fan\u00e1ticos es que ambos\u00a0fueron captados conversando en el\u00a0&#8216;backstage&#8217;\u00a0de la ceremonia. Tambi\u00e9n\u00a0se mostraron muy cercanos. &nbsp; Ver esta publicaci\u00f3n en Instagram &nbsp; Pa los que no cre\u00edan en mi.. [&hellip;]<\/p>\n","protected":false},"author":1,"featured_media":1701,"comment_status":"open","ping_status":"open","sticky":false,"template":"","format":"standard","meta":{"footnotes":""},"categories":[121],"tags":[961,1140,1141,1574,1771,3135,4272,4277,4622,4653,4821,4940,5080,6332,7147],"class_list":["post-1700","post","type-post","status-publish","format-standard","has-post-thumbnail","category-noticias-musicales","tag-backstage","tag-billboard-music-awards","tag-billboard-music-awards-2019","tag-ceremonia","tag-colombiano","tag-fotografias","tag-largo","tag-las-vegas","tag-madonna","tag-maluma","tag-medellin","tag-mgm-grand-garden-arena","tag-mtv","tag-redes-sociales","tag-taylor-swift"],"_links":{"self":[{"href":"https:\/\/starsworldproduction.com\/web\/wp-json\/wp\/v2\/posts\/1700","targetHints":{"allow":["GET"]}}],"collection":[{"href":"https:\/\/starsworldproduction.com\/web\/wp-json\/wp\/v2\/posts"}],"about":[{"href":"https:\/\/starsworldproduction.com\/web\/wp-json\/wp\/v2\/types\/post"}],"author":[{"embeddable":true,"href":"https:\/\/starsworldproduction.com\/web\/wp-json\/wp\/v2\/users\/1"}],"replies":[{"embeddable":true,"href":"https:\/\/starsworldproduction.com\/web\/wp-json\/wp\/v2\/comments?post=1700"}],"version-history":[{"count":0,"href":"https:\/\/starsworldproduction.com\/web\/wp-json\/wp\/v2\/posts\/1700\/revisions"}],"wp:featuredmedia":[{"embeddable":true,"href":"https:\/\/starsworldproduction.com\/web\/wp-json\/wp\/v2\/media\/1701"}],"wp:attachment":[{"href":"https:\/\/starsworldproduction.com\/web\/wp-json\/wp\/v2\/media?parent=1700"}],"wp:term":[{"taxonomy":"category","embeddable":true,"href":"https:\/\/starsworldproduction.com\/web\/wp-json\/wp\/v2\/categories?post=1700"},{"taxonomy":"post_tag","embeddable":true,"href":"https:\/\/starsworldproduction.com\/web\/wp-json\/wp\/v2\/tags?post=1700"}],"curies":[{"name":"wp","href":"https:\/\/api.w.org\/{rel}","templated":true}]}}