{"id":1715,"date":"2019-05-29T12:00:47","date_gmt":"2019-05-29T12:00:47","guid":{"rendered":"https:\/\/www.starsworldproduction.com\/?p=1715"},"modified":"2019-05-29T12:00:47","modified_gmt":"2019-05-29T12:00:47","slug":"estos-los-nominados-los-premios-mtv-miaw-2019","status":"publish","type":"post","link":"https:\/\/starsworldproduction.com\/web\/2019\/05\/29\/estos-los-nominados-los-premios-mtv-miaw-2019\/","title":{"rendered":"Estos son algunos de los nominados a los Premios MTV Miaw 2019"},"content":{"rendered":"<p style=\"text-align: justify;\">Paren todo, llegaron la lista de nominados para\u00a0los\u00a0<strong>Premios MTV Miaw 2019<\/strong>!\u00a0 Pero eso no es todo, pues esta premiaci\u00f3n es la m\u00e1s importante de\u00a0<strong>Am\u00e9rica Latina<\/strong>. As\u00ed que, \u00bfqu\u00e9 esperas para conocer los nominados? Aqu\u00ed en<strong>\u00a0Stars World Production <\/strong>te tenemos toda la informaci\u00f3n.\u00a0<em>Let&#8217;s go!<\/em><\/p>\n<p style=\"text-align: justify;\">El evento contar\u00e1 con presentaciones musicales en vivo y se podr\u00e1 disfrutar el pr\u00f3ximo\u00a0<strong>23 de Junio<\/strong>\u00a0en el\u00a0<strong>Palacio de los Deportes de la Ciudad de M\u00e9xico<\/strong>.<\/p>\n<p style=\"text-align: justify;\">Este a\u00f1o, la lista de artistas e influenciadores con m\u00e1s nominaciones est\u00e1 encabezada por\u00a0<strong>J Balvin<\/strong>\u00a0por tercer a\u00f1o consecutivo; adem\u00e1s, tambi\u00e9n figuran en la lista los colombianos\u00a0<strong>Maluma<\/strong>,\u00a0<strong>Karol G<\/strong>,\u00a0<strong>Manuel Turizo<\/strong>,\u00a0<strong>Pautips<\/strong>, entre otros.<\/p>\n<p style=\"text-align: justify;\">Las votaciones se podr\u00e1n hacer a trav\u00e9s del sitio oficial de\u00a0<strong>MVT Latinoam\u00e9rica<\/strong>\u00a0y por\u00a0<strong>Twitter<\/strong>, usando el hashtag\u00a0<strong>#PremiosMTVMIAW<\/strong>\u00a0y a\u00f1adiendo el numeral del nominado al cual se apoya.<\/p>\n<p style=\"text-align: justify;\">Adem\u00e1s, para este a\u00f1o se agreg\u00f3 una novedad, pues tambi\u00e9n se podr\u00e1n hacer votaciones a trav\u00e9s de\u00a0<strong>Instagram<\/strong>, usando el hashtag\u00a0<strong>#PremiosMTVMIAW<\/strong>exclusivamente en posteos de las cuentas de\u00a0<strong>@MTVLA<\/strong>\u00a0y\u00a0<strong>@MTVMIAW<\/strong>.<\/p>\n<p style=\"text-align: justify;\"><strong>ICONO MIAW DEL A\u00d1O:\u00a0LA CELEBRIDAD DIGITAL M\u00c1S GRANDE DEL A\u00d1O<\/strong><\/p>\n<blockquote class=\"instagram-media\" style=\"background: #FFF; border: 0; border-radius: 3px; box-shadow: 0 0 1px 0 rgba(0,0,0,0.5),0 1px 10px 0 rgba(0,0,0,0.15); margin: 1px; max-width: 540px; min-width: 326px; padding: 0; width: calc(100% - 2px);\" data-instgrm-captioned=\"\" data-instgrm-permalink=\"https:\/\/www.instagram.com\/p\/Bw7pOC4F28b\/\" data-instgrm-version=\"12\">\n<div style=\"padding: 16px;\">\n<p>&nbsp;<\/p>\n<div style=\"display: flex; flex-direction: row; align-items: center;\"><\/div>\n<div style=\"padding: 19% 0;\"><\/div>\n<div style=\"display: block; height: 50px; margin: 0 auto 12px; width: 50px;\"><\/div>\n<div style=\"padding-top: 8px;\">\n<div style=\"color: #3897f0; font-family: Arial,sans-serif; font-size: 14px; font-style: normal; font-weight: 550; line-height: 18px;\">Ver esta publicaci\u00f3n en Instagram<\/div>\n<\/div>\n<div style=\"padding: 12.5% 0;\"><\/div>\n<div style=\"display: flex; flex-direction: row; margin-bottom: 14px; align-items: center;\"><\/div>\n<p>&nbsp;<\/p>\n<p style=\"margin: 8px 0 0 0; padding: 0 4px;\"><a style=\"color: #000; font-family: Arial,sans-serif; font-size: 14px; font-style: normal; font-weight: normal; line-height: 17px; text-decoration: none; word-wrap: break-word;\" href=\"https:\/\/www.instagram.com\/p\/Bw7pOC4F28b\/\" target=\"_blank\" rel=\"noopener\">When you want to show others that you\u2019ve shaved your armpits \ud83d\ude18\ud83e\udd23- @elenacavallari_<\/a><\/p>\n<p style=\"color: #c9c8cd; font-family: Arial,sans-serif; font-size: 14px; line-height: 17px; margin-bottom: 0; margin-top: 8px; overflow: hidden; padding: 8px 0 7px; text-align: center; text-overflow: ellipsis; white-space: nowrap;\">Una publicaci\u00f3n compartida de <a style=\"color: #c9c8cd; font-family: Arial,sans-serif; font-size: 14px; font-style: normal; font-weight: normal; line-height: 17px;\" href=\"https:\/\/www.instagram.com\/lelepons\/\" target=\"_blank\" rel=\"noopener\"> Lele Pons<\/a> (@lelepons) el <time style=\"font-family: Arial,sans-serif; font-size: 14px; line-height: 17px;\" datetime=\"2019-05-01T19:38:32+00:00\">1 May, 2019 a las 12:38 PDT<\/time><\/p>\n<\/div>\n<\/blockquote>\n<p><script src=\"\/\/www.instagram.com\/embed.js\" async=\"\"><\/script><\/p>\n<ul style=\"list-style-type: square;\">\n<li>Calle y Poch\u00e9<br \/>\n Pautips<br \/>\n Lizbeth Rodr\u00edguez<br \/>\n La Divaza<br \/>\n Lele Pons<br \/>\n Luisito Comunica<br \/>\n JD Pantoja<br \/>\n Kimberly Loaiza<\/li>\n<\/ul>\n<p>&nbsp;<\/p>\n<p><strong>INSTAGRAMER GLOBAL:\u00a0LAS CELEBS GLOBALES CON EL CONTENIDO M\u00c1S JUGOSO<\/strong><\/p>\n<blockquote class=\"instagram-media\" style=\"background: #FFF; border: 0; border-radius: 3px; box-shadow: 0 0 1px 0 rgba(0,0,0,0.5),0 1px 10px 0 rgba(0,0,0,0.15); margin: 1px; max-width: 540px; min-width: 326px; padding: 0; width: calc(100% - 2px);\" data-instgrm-captioned=\"\" data-instgrm-permalink=\"https:\/\/www.instagram.com\/p\/BxGAIMolfs-\/\" data-instgrm-version=\"12\">\n<div style=\"padding: 16px;\">\n<div style=\"display: flex; flex-direction: row; align-items: center;\"><\/div>\n<div style=\"padding: 19% 0;\"><\/div>\n<div style=\"display: block; height: 50px; margin: 0 auto 12px; width: 50px;\"><\/div>\n<div style=\"padding-top: 8px;\">\n<div style=\"color: #3897f0; font-family: Arial,sans-serif; font-size: 14px; font-style: normal; font-weight: 550; line-height: 18px;\">Ver esta publicaci\u00f3n en Instagram<\/div>\n<\/div>\n<div style=\"padding: 12.5% 0;\"><\/div>\n<div style=\"display: flex; flex-direction: row; margin-bottom: 14px; align-items: center;\"><\/div>\n<p>&nbsp;<\/p>\n<p><a style=\"color: #000; font-family: Arial,sans-serif; font-size: 14px; font-style: normal; font-weight: normal; line-height: 17px; text-decoration: none; word-wrap: break-word;\" href=\"https:\/\/www.instagram.com\/p\/BxGAIMolfs-\/\" target=\"_blank\" rel=\"noopener\">so i\u2019ve been working on a \u2018thank u, next\u2019 fragrance &#8230; &amp; i can\u2019t wait for u to see \/ smell her &#8230;. she\u2019s like \u2018ari\u2019 if she went to the beach one time \ud83e\udd65\ud83d\udda4\u2709\ufe0f i\u2019ll keep u posted &#8230; i don\u2019t think i was supposed to announce this today but i\u2019m excited and it smells divine so fuck it &#8230; hi perfume team love u \ud83d\udc4b\ud83c\udffc<\/a><\/p>\n<p>Una publicaci\u00f3n compartida de <a style=\"color: #c9c8cd; font-family: Arial,sans-serif; font-size: 14px; font-style: normal; font-weight: normal; line-height: 17px;\" href=\"https:\/\/www.instagram.com\/arianagrande\/\" target=\"_blank\" rel=\"noopener\"> Ariana Grande<\/a> (@arianagrande) el <time style=\"font-family: Arial,sans-serif; font-size: 14px; line-height: 17px;\" datetime=\"2019-05-05T20:11:07+00:00\">5 May, 2019 a las 1:11 PDT<\/time>\n<\/div>\n<\/blockquote>\n<p><script src=\"\/\/www.instagram.com\/embed.js\" async=\"\"><\/script><\/p>\n<ul style=\"list-style-type: square;\">\n<li>Marshmello<br \/>\nAriana Grande<br \/>\nShawn Mendes<br \/>\nJungKook<br \/>\nBillie Eilish<br \/>\nBad Bunny<br \/>\nJuanpa Zurita<br \/>\nJ Balvin<\/li>\n<\/ul>\n<p>&nbsp;<\/p>\n<p><strong>INSTASTORIES DEL A\u00d1O: LOS MAYORES BOMBARDEROS DE \u2018STORIES\u2019<\/strong><\/p>\n<blockquote class=\"instagram-media\" style=\"background: #FFF; border: 0; border-radius: 3px; box-shadow: 0 0 1px 0 rgba(0,0,0,0.5),0 1px 10px 0 rgba(0,0,0,0.15); margin: 1px; max-width: 540px; min-width: 326px; padding: 0; width: calc(100% - 2px);\" data-instgrm-captioned=\"\" data-instgrm-permalink=\"https:\/\/www.instagram.com\/p\/Bv1mG16hlqL\/\" data-instgrm-version=\"12\">\n<div style=\"padding: 16px;\">\n<p>&nbsp;<\/p>\n<div style=\"display: flex; flex-direction: row; align-items: center;\"><\/div>\n<div style=\"padding: 19% 0;\"><\/div>\n<div style=\"display: block; height: 50px; margin: 0 auto 12px; width: 50px;\"><\/div>\n<div style=\"padding-top: 8px;\">\n<div style=\"color: #3897f0; font-family: Arial,sans-serif; font-size: 14px; font-style: normal; font-weight: 550; line-height: 18px;\">Ver esta publicaci\u00f3n en Instagram<\/div>\n<\/div>\n<div style=\"padding: 12.5% 0;\"><\/div>\n<div style=\"display: flex; flex-direction: row; margin-bottom: 14px; align-items: center;\"><\/div>\n<p>&nbsp;<\/p>\n<p style=\"margin: 8px 0 0 0; padding: 0 4px;\"><a style=\"color: #000; font-family: Arial,sans-serif; font-size: 14px; font-style: normal; font-weight: normal; line-height: 17px; text-decoration: none; word-wrap: break-word;\" href=\"https:\/\/www.instagram.com\/p\/Bv1mG16hlqL\/\" target=\"_blank\" rel=\"noopener\">Buenos d\u00edas Buenos Aires!!!! \ud83c\udde6\ud83c\uddf7\ud83c\udde6\ud83c\uddf7\ud83c\udde6\ud83c\uddf7\u2600\u2600\u2600<\/a><\/p>\n<p style=\"color: #c9c8cd; font-family: Arial,sans-serif; font-size: 14px; line-height: 17px; margin-bottom: 0; margin-top: 8px; overflow: hidden; padding: 8px 0 7px; text-align: center; text-overflow: ellipsis; white-space: nowrap;\">Una publicaci\u00f3n compartida de <a style=\"color: #c9c8cd; font-family: Arial,sans-serif; font-size: 14px; font-style: normal; font-weight: normal; line-height: 17px;\" href=\"https:\/\/www.instagram.com\/sebastianyatra\/\" target=\"_blank\" rel=\"noopener\"> Sebastian Yatra<\/a> (@sebastianyatra) el <time style=\"font-family: Arial,sans-serif; font-size: 14px; line-height: 17px;\" datetime=\"2019-04-04T14:44:30+00:00\">4 Abr, 2019 a las 7:44 PDT<\/time><\/p>\n<\/div>\n<\/blockquote>\n<p><script src=\"\/\/www.instagram.com\/embed.js\" async=\"\"><\/script><\/p>\n<ul style=\"list-style-type: square;\">\n<li>Dhasia Wezka<br \/>\n Kenia Os<br \/>\n Anitta<br \/>\n Alex Casas<br \/>\n Kimberly Loaiza<br \/>\n Sebasti\u00e1n Villalobos<br \/>\n Sebasti\u00e1n Yatra<br \/>\n La Divaza<\/li>\n<\/ul>\n<h4><\/h4>\n<p><strong>ARTISTA MIAW: EL ARTISTA LATINO QUE M\u00c1S LA ROMPI\u00d3<\/strong><\/p>\n<blockquote class=\"instagram-media\" style=\"background: #FFF; border: 0; border-radius: 3px; box-shadow: 0 0 1px 0 rgba(0,0,0,0.5),0 1px 10px 0 rgba(0,0,0,0.15); margin: 1px; max-width: 540px; min-width: 326px; padding: 0; width: calc(100% - 2px);\" data-instgrm-captioned=\"\" data-instgrm-permalink=\"https:\/\/www.instagram.com\/p\/BwuplAahaNo\/\" data-instgrm-version=\"12\">\n<div style=\"padding: 16px;\">\n<div style=\"display: flex; flex-direction: row; align-items: center;\"><\/div>\n<div style=\"padding: 19% 0;\"><\/div>\n<div style=\"display: block; height: 50px; margin: 0 auto 12px; width: 50px;\"><\/div>\n<div style=\"padding-top: 8px;\">\n<div style=\"color: #3897f0; font-family: Arial,sans-serif; font-size: 14px; font-style: normal; font-weight: 550; line-height: 18px;\">Ver esta publicaci\u00f3n en Instagram<\/div>\n<\/div>\n<div style=\"padding: 12.5% 0;\"><\/div>\n<div style=\"display: flex; flex-direction: row; margin-bottom: 14px; align-items: center;\"><\/div>\n<p>&nbsp;<\/p>\n<p><a style=\"color: #000; font-family: Arial,sans-serif; font-size: 14px; font-style: normal; font-weight: normal; line-height: 17px; text-decoration: none; word-wrap: break-word;\" href=\"https:\/\/www.instagram.com\/p\/BwuplAahaNo\/\" target=\"_blank\" rel=\"noopener\">\ud83d\udda4 ViVe Tu ViDa Yo ViVo La MiA \ud83c\udfb6 \ud83d\udc9a<\/a><\/p>\n<p>Una publicaci\u00f3n compartida de <a style=\"color: #c9c8cd; font-family: Arial,sans-serif; font-size: 14px; font-style: normal; font-weight: normal; line-height: 17px;\" href=\"https:\/\/www.instagram.com\/badbunnypr\/\" target=\"_blank\" rel=\"noopener\"> BAD | BUNNY<\/a> (@badbunnypr) el <time style=\"font-family: Arial,sans-serif; font-size: 14px; line-height: 17px;\" datetime=\"2019-04-26T18:31:33+00:00\">26 Abr, 2019 a las 11:31 PDT<\/time>\n<\/div>\n<\/blockquote>\n<p><script src=\"\/\/www.instagram.com\/embed.js\" async=\"\"><\/script><\/p>\n<ul style=\"list-style-type: square;\">\n<li style=\"text-align: justify;\">Bad Bunny<br \/>\nRosal\u00eda<br \/>\nJ Balvin<br \/>\nMaluma<br \/>\nBecky G<br \/>\nOzuna<br \/>\nReik<br \/>\nSebasti\u00e1n Yatra<\/li>\n<\/ul>\n<p>&nbsp;<\/p>\n<p class=\"text speakable\"><strong>VIDEO DEL A\u00d1O<\/strong><\/p>\n<blockquote class=\"instagram-media\" style=\"background: #FFF; border: 0; border-radius: 3px; box-shadow: 0 0 1px 0 rgba(0,0,0,0.5),0 1px 10px 0 rgba(0,0,0,0.15); margin: 1px; max-width: 540px; min-width: 326px; padding: 0; width: calc(100% - 2px);\" data-instgrm-captioned=\"\" data-instgrm-permalink=\"https:\/\/www.instagram.com\/p\/BwvOvkoBydA\/\" data-instgrm-version=\"12\">\n<div style=\"padding: 16px;\">\n<p>&nbsp;<\/p>\n<div style=\"display: flex; flex-direction: row; align-items: center;\"><\/div>\n<div style=\"padding: 19% 0;\"><\/div>\n<div style=\"display: block; height: 50px; margin: 0 auto 12px; width: 50px;\"><\/div>\n<div style=\"padding-top: 8px;\">\n<div style=\"color: #3897f0; font-family: Arial,sans-serif; font-size: 14px; font-style: normal; font-weight: 550; line-height: 18px;\">Ver esta publicaci\u00f3n en Instagram<\/div>\n<\/div>\n<div style=\"padding: 12.5% 0;\"><\/div>\n<div style=\"display: flex; flex-direction: row; margin-bottom: 14px; align-items: center;\"><\/div>\n<p>&nbsp;<\/p>\n<p style=\"margin: 8px 0 0 0; padding: 0 4px;\"><a style=\"color: #000; font-family: Arial,sans-serif; font-size: 14px; font-style: normal; font-weight: normal; line-height: 17px; text-decoration: none; word-wrap: break-word;\" href=\"https:\/\/www.instagram.com\/p\/BwvOvkoBydA\/\" target=\"_blank\" rel=\"noopener\">\u2744\u2744\u2744\u2744\u2744\ud83d\udca7\ud83d\udca7\ud83d\udca7\ud83d\udca7\ud83d\udca7\ud83e\udd76 x cierto escuchasteis \u201cMe Traicionaste\u201d????????<\/a><\/p>\n<p style=\"color: #c9c8cd; font-family: Arial,sans-serif; font-size: 14px; line-height: 17px; margin-bottom: 0; margin-top: 8px; overflow: hidden; padding: 8px 0 7px; text-align: center; text-overflow: ellipsis; white-space: nowrap;\">Una publicaci\u00f3n compartida de <a style=\"color: #c9c8cd; font-family: Arial,sans-serif; font-size: 14px; font-style: normal; font-weight: normal; line-height: 17px;\" href=\"https:\/\/www.instagram.com\/rosalia.vt\/\" target=\"_blank\" rel=\"noopener\"> ROSAL\u00cdA<\/a> (@rosalia.vt) el <time style=\"font-family: Arial,sans-serif; font-size: 14px; line-height: 17px;\" datetime=\"2019-04-26T23:56:18+00:00\">26 Abr, 2019 a las 4:56 PDT<\/time><\/p>\n<\/div>\n<\/blockquote>\n<p><script src=\"\/\/www.instagram.com\/embed.js\" async=\"\"><\/script><\/p>\n<ul style=\"list-style-type: square;\">\n<li>Babasonicos &#8211; La Pregunta<br \/>\n Javiera Mena &#8211; Espejo<br \/>\n Juanes &#8211; Pa Dentro<br \/>\n Mon Laferte &#8211; El Beso<br \/>\n Rosal\u00eda &#8211; Pienso En Tu Mir\u00e1<br \/>\n Ximena Sari\u00f1ana &#8211; Si T\u00fa Te Vas<\/li>\n<\/ul>\n<h4><\/h4>\n<p><strong>HIT DEL A\u00d1O<\/strong><\/p>\n<blockquote class=\"instagram-media\" style=\"background: #FFF; border: 0; border-radius: 3px; box-shadow: 0 0 1px 0 rgba(0,0,0,0.5),0 1px 10px 0 rgba(0,0,0,0.15); margin: 1px; max-width: 540px; min-width: 326px; padding: 0; width: calc(100% - 2px);\" data-instgrm-captioned=\"\" data-instgrm-permalink=\"https:\/\/www.instagram.com\/p\/BwxEPo6HpHR\/\" data-instgrm-version=\"12\">\n<div style=\"padding: 16px;\">\n<div style=\"display: flex; flex-direction: row; align-items: center;\"><\/div>\n<div style=\"padding: 19% 0;\"><\/div>\n<div style=\"display: block; height: 50px; margin: 0 auto 12px; width: 50px;\"><\/div>\n<div style=\"padding-top: 8px;\">\n<div style=\"color: #3897f0; font-family: Arial,sans-serif; font-size: 14px; font-style: normal; font-weight: 550; line-height: 18px;\">Ver esta publicaci\u00f3n en Instagram<\/div>\n<\/div>\n<div style=\"padding: 12.5% 0;\"><\/div>\n<div style=\"display: flex; flex-direction: row; margin-bottom: 14px; align-items: center;\"><\/div>\n<p>&nbsp;<\/p>\n<p><a style=\"color: #000; font-family: Arial,sans-serif; font-size: 14px; font-style: normal; font-weight: normal; line-height: 17px; text-decoration: none; word-wrap: break-word;\" href=\"https:\/\/www.instagram.com\/p\/BwxEPo6HpHR\/\" target=\"_blank\" rel=\"noopener\">Let\u2019s keep dreaming, it\u2019s just the beginning \u2728<\/a><\/p>\n<p>Una publicaci\u00f3n compartida de <a style=\"color: #c9c8cd; font-family: Arial,sans-serif; font-size: 14px; font-style: normal; font-weight: normal; line-height: 17px;\" href=\"https:\/\/www.instagram.com\/maluma\/\" target=\"_blank\" rel=\"noopener\"> MALUMA<\/a> (@maluma) el <time style=\"font-family: Arial,sans-serif; font-size: 14px; line-height: 17px;\" datetime=\"2019-04-27T17:03:02+00:00\">27 Abr, 2019 a las 10:03 PDT<\/time>\n<\/div>\n<\/blockquote>\n<p><script src=\"\/\/www.instagram.com\/embed.js\" async=\"\"><\/script><\/p>\n<ul style=\"list-style-type: square;\">\n<li>Anuel AA, Karol G &#8211; Secreto<br \/>\nBad Bunny feat. Drake &#8211; MIA<br \/>\nDaddy Yankee feat. Snow &#8211; Con Calma<br \/>\nMaluma &#8211; Mala M\u00eda<br \/>\nOzuna &#8211; Baila, Baila, Baila<br \/>\nPaulo Londra &#8211; Ad\u00e1n y Eva<br \/>\nPedro Cap\u00f3 y Farruko &#8211; Calma (Remix)<br \/>\nReik ft Maluma &#8211; Amigos con Derechos<\/li>\n<\/ul>\n<p>&nbsp;<\/p>\n<p class=\"text speakable\"><strong>ARTISTA VIRAL: EL ARTISTA M\u00c1S LIKEADO, COMPARTIDO Y ESCUCHADO<\/strong><\/p>\n<blockquote class=\"instagram-media\" style=\"background: #FFF; border: 0; border-radius: 3px; box-shadow: 0 0 1px 0 rgba(0,0,0,0.5),0 1px 10px 0 rgba(0,0,0,0.15); margin: 1px; max-width: 540px; min-width: 326px; padding: 0; width: calc(100% - 2px);\" data-instgrm-captioned=\"\" data-instgrm-permalink=\"https:\/\/www.instagram.com\/p\/BwpUebtAJm0\/\" data-instgrm-version=\"12\">\n<div style=\"padding: 16px;\">\n<p>&nbsp;<\/p>\n<div style=\"display: flex; flex-direction: row; align-items: center;\"><\/div>\n<div style=\"padding: 19% 0;\"><\/div>\n<div style=\"display: block; height: 50px; margin: 0 auto 12px; width: 50px;\"><\/div>\n<div style=\"padding-top: 8px;\">\n<div style=\"color: #3897f0; font-family: Arial,sans-serif; font-size: 14px; font-style: normal; font-weight: 550; line-height: 18px;\">Ver esta publicaci\u00f3n en Instagram<\/div>\n<\/div>\n<div style=\"padding: 12.5% 0;\"><\/div>\n<div style=\"display: flex; flex-direction: row; margin-bottom: 14px; align-items: center;\"><\/div>\n<p>&nbsp;<\/p>\n<p style=\"margin: 8px 0 0 0; padding: 0 4px;\"><a style=\"color: #000; font-family: Arial,sans-serif; font-size: 14px; font-style: normal; font-weight: normal; line-height: 17px; text-decoration: none; word-wrap: break-word;\" href=\"https:\/\/www.instagram.com\/p\/BwpUebtAJm0\/\" target=\"_blank\" rel=\"noopener\">\u2620\ufe0f\ud83d\udc95 trap n roll \ud83d\udc95\u2620\ufe0f<\/a><\/p>\n<p style=\"color: #c9c8cd; font-family: Arial,sans-serif; font-size: 14px; line-height: 17px; margin-bottom: 0; margin-top: 8px; overflow: hidden; padding: 8px 0 7px; text-align: center; text-overflow: ellipsis; white-space: nowrap;\">Una publicaci\u00f3n compartida de <a style=\"color: #c9c8cd; font-family: Arial,sans-serif; font-size: 14px; font-style: normal; font-weight: normal; line-height: 17px;\" href=\"https:\/\/www.instagram.com\/cazzu\/\" target=\"_blank\" rel=\"noopener\"> \u2661 \u0438i\u00f1a e \u043c o<\/a> (@cazzu) el <time style=\"font-family: Arial,sans-serif; font-size: 14px; line-height: 17px;\" datetime=\"2019-04-24T16:50:57+00:00\">24 Abr, 2019 a las 9:50 PDT<\/time><\/p>\n<\/div>\n<\/blockquote>\n<p><script src=\"\/\/www.instagram.com\/embed.js\" async=\"\"><\/script><\/p>\n<ul style=\"list-style-type: square;\">\n<li>Anitta<br \/>\n Anuel AA<br \/>\n Cazzu<br \/>\n Lele Pons<br \/>\n Mario Bautista<br \/>\n Natti Natasha<br \/>\n Paloma Mami<br \/>\n Thal\u00eda<\/li>\n<li><\/li>\n<\/ul>\n<p><strong>\u00a1ARRIBA MUJERES!:\u00a0MUJERES QUE ALZAN SU VOZ PARA UN CAMBIO SOCIAL.<\/strong><\/p>\n<blockquote class=\"instagram-media\" style=\"background: #FFF; border: 0; border-radius: 3px; box-shadow: 0 0 1px 0 rgba(0,0,0,0.5),0 1px 10px 0 rgba(0,0,0,0.15); margin: 1px; max-width: 540px; min-width: 326px; padding: 0; width: calc(100% - 2px);\" data-instgrm-captioned=\"\" data-instgrm-permalink=\"https:\/\/www.instagram.com\/p\/BwXL1Xrl_KH\/\" data-instgrm-version=\"12\">\n<div style=\"padding: 16px;\">\n<div style=\"display: flex; flex-direction: row; align-items: center;\"><\/div>\n<div style=\"padding: 19% 0;\"><\/div>\n<div style=\"display: block; height: 50px; margin: 0 auto 12px; width: 50px;\"><\/div>\n<div style=\"padding-top: 8px;\">\n<div style=\"color: #3897f0; font-family: Arial,sans-serif; font-size: 14px; font-style: normal; font-weight: 550; line-height: 18px;\">Ver esta publicaci\u00f3n en Instagram<\/div>\n<\/div>\n<div style=\"padding: 12.5% 0;\"><\/div>\n<div style=\"display: flex; flex-direction: row; margin-bottom: 14px; align-items: center;\"><\/div>\n<p>&nbsp;<\/p>\n<p><a style=\"color: #000; font-family: Arial,sans-serif; font-size: 14px; font-style: normal; font-weight: normal; line-height: 17px; text-decoration: none; word-wrap: break-word;\" href=\"https:\/\/www.instagram.com\/p\/BwXL1Xrl_KH\/\" target=\"_blank\" rel=\"noopener\">Me tomaron esta foto con mi #HuaweiP30 Pro en modo retrato y me encant\u00f3. Quedan perfectas. #ReescribeM\u00e9xico #Ad @huaweimobilemx<\/a><\/p>\n<p>Una publicaci\u00f3n compartida de <a style=\"color: #c9c8cd; font-family: Arial,sans-serif; font-size: 14px; font-style: normal; font-weight: normal; line-height: 17px;\" href=\"https:\/\/www.instagram.com\/yalitzaapariciomtz\/\" target=\"_blank\" rel=\"noopener\"> Yalitza Aparicio Mart\u00ednez<\/a> (@yalitzaapariciomtz) el <time style=\"font-family: Arial,sans-serif; font-size: 14px; line-height: 17px;\" datetime=\"2019-04-17T15:49:06+00:00\">17 Abr, 2019 a las 8:49 PDT<\/time>\n<\/div>\n<\/blockquote>\n<p><script src=\"\/\/www.instagram.com\/embed.js\" async=\"\"><\/script><\/p>\n<ul style=\"list-style-type: square;\">\n<li>Mon Laferte<br \/>\nYalitza Aparicio<br \/>\nAlexa Moreno<br \/>\nRosal\u00eda<br \/>\nYosStop<br \/>\nVico Volk\u00f3va<\/li>\n<\/ul>\n<p>&nbsp;<\/p>\n<h6>Fuente: Naci\u00f3n Rex<\/h6>\n","protected":false},"excerpt":{"rendered":"<p>Paren todo, llegaron la lista de nominados para\u00a0los\u00a0Premios MTV Miaw 2019!\u00a0 Pero eso no es todo, pues esta premiaci\u00f3n es la m\u00e1s importante de\u00a0Am\u00e9rica Latina. As\u00ed que, \u00bfqu\u00e9 esperas para conocer los nominados? Aqu\u00ed en\u00a0Stars World Production te tenemos toda la informaci\u00f3n.\u00a0Let&#8217;s go! El evento contar\u00e1 con presentaciones musicales en vivo y se podr\u00e1 disfrutar [&hellip;]<\/p>\n","protected":false},"author":1,"featured_media":1716,"comment_status":"open","ping_status":"open","sticky":false,"template":"","format":"standard","meta":{"footnotes":""},"categories":[121],"tags":[184,185,207,302,649,728,759,810,856,964,1147,1321,1680,1772,3714,3744,3828,3871,4005,4034,4074,4110,4153,4348,4441,4463,4587,4653,4684,4734,5085,5217,5359,5622,5703,5912,5942,6585,6846,7252,7510],"class_list":["post-1715","post","type-post","status-publish","format-standard","has-post-thumbnail","category-noticias-musicales","tag-mtvla","tag-mtvmiaw","tag-premiosmtvmiaw","tag-23-de-junio","tag-america-latina","tag-anitta","tag-anuel-aa","tag-ariana-grande","tag-artistas","tag-bad-bunny","tag-billie-eilish","tag-calle-y-poche","tag-ciudad-de-mexico","tag-colombianos","tag-influenciadores","tag-instagram","tag-j-balvin","tag-jd-pantoja","tag-juanpa-zurita","tag-jungkook","tag-karol-g","tag-kimberly-loaiza","tag-la-divaza","tag-lele-pons","tag-lista","tag-lizbeth-rodriguez","tag-luisito-comunica","tag-maluma","tag-manuel-turizo","tag-marshmello","tag-mtv-miaw-2019","tag-natti-natasha","tag-nominados","tag-palacio-de-los-deportes","tag-pautips","tag-posteos","tag-premios","tag-rosalia","tag-shawn-mendes","tag-thalia","tag-twitter"],"_links":{"self":[{"href":"https:\/\/starsworldproduction.com\/web\/wp-json\/wp\/v2\/posts\/1715","targetHints":{"allow":["GET"]}}],"collection":[{"href":"https:\/\/starsworldproduction.com\/web\/wp-json\/wp\/v2\/posts"}],"about":[{"href":"https:\/\/starsworldproduction.com\/web\/wp-json\/wp\/v2\/types\/post"}],"author":[{"embeddable":true,"href":"https:\/\/starsworldproduction.com\/web\/wp-json\/wp\/v2\/users\/1"}],"replies":[{"embeddable":true,"href":"https:\/\/starsworldproduction.com\/web\/wp-json\/wp\/v2\/comments?post=1715"}],"version-history":[{"count":0,"href":"https:\/\/starsworldproduction.com\/web\/wp-json\/wp\/v2\/posts\/1715\/revisions"}],"wp:featuredmedia":[{"embeddable":true,"href":"https:\/\/starsworldproduction.com\/web\/wp-json\/wp\/v2\/media\/1716"}],"wp:attachment":[{"href":"https:\/\/starsworldproduction.com\/web\/wp-json\/wp\/v2\/media?parent=1715"}],"wp:term":[{"taxonomy":"category","embeddable":true,"href":"https:\/\/starsworldproduction.com\/web\/wp-json\/wp\/v2\/categories?post=1715"},{"taxonomy":"post_tag","embeddable":true,"href":"https:\/\/starsworldproduction.com\/web\/wp-json\/wp\/v2\/tags?post=1715"}],"curies":[{"name":"wp","href":"https:\/\/api.w.org\/{rel}","templated":true}]}}