{"id":1780,"date":"2019-05-28T12:00:55","date_gmt":"2019-05-28T12:00:55","guid":{"rendered":"https:\/\/www.starsworldproduction.com\/?p=1780"},"modified":"2019-05-28T12:00:55","modified_gmt":"2019-05-28T12:00:55","slug":"daddy-yankee-produce-nueva-competencia-musical-univision","status":"publish","type":"post","link":"https:\/\/starsworldproduction.com\/web\/2019\/05\/28\/daddy-yankee-produce-nueva-competencia-musical-univision\/","title":{"rendered":"Daddy Yankee produce nueva competencia musical de Univision"},"content":{"rendered":"<p class=\"selectionShareable\" style=\"text-align: justify;\"><strong>Daddy Yankee<\/strong>\u00a0ser\u00e1 productor ejecutivo del concurso de Univision\u00a0<strong>\u201cReina de la Canci\u00f3n\u201d<\/strong>.<\/p>\n<blockquote class=\"instagram-media\" style=\"background: #FFF; border: 0; border-radius: 3px; box-shadow: 0 0 1px 0 rgba(0,0,0,0.5),0 1px 10px 0 rgba(0,0,0,0.15); margin: 1px; max-width: 540px; min-width: 326px; padding: 0; width: calc(100% - 2px);\" data-instgrm-captioned=\"\" data-instgrm-permalink=\"https:\/\/www.instagram.com\/p\/BxbA1GzFw6k\/\" data-instgrm-version=\"12\">\n<div style=\"padding: 16px;\">\n<p>&nbsp;<\/p>\n<div style=\"display: flex; flex-direction: row; align-items: center;\">\n<div style=\"background-color: #f4f4f4; border-radius: 50%; flex-grow: 0; height: 40px; margin-right: 14px; width: 40px;\"><\/div>\n<div style=\"display: flex; flex-direction: column; flex-grow: 1; justify-content: center;\">\n<div style=\"background-color: #f4f4f4; border-radius: 4px; flex-grow: 0; height: 14px; margin-bottom: 6px; width: 100px;\"><\/div>\n<div style=\"background-color: #f4f4f4; border-radius: 4px; flex-grow: 0; height: 14px; width: 60px;\"><\/div>\n<\/div>\n<\/div>\n<div style=\"padding: 19% 0;\"><\/div>\n<div style=\"display: block; height: 50px; margin: 0 auto 12px; width: 50px;\"><\/div>\n<div style=\"padding-top: 8px;\">\n<div style=\"color: #3897f0; font-family: Arial,sans-serif; font-size: 14px; font-style: normal; font-weight: 550; line-height: 18px;\">Ver esta publicaci\u00f3n en Instagram<\/div>\n<\/div>\n<div style=\"padding: 12.5% 0;\"><\/div>\n<div style=\"display: flex; flex-direction: row; margin-bottom: 14px; align-items: center;\">\n<div>\n<div style=\"background-color: #f4f4f4; border-radius: 50%; height: 12.5px; width: 12.5px; transform: translateX(0px) translateY(7px);\"><\/div>\n<div style=\"background-color: #f4f4f4; height: 12.5px; transform: rotate(-45deg) translateX(3px) translateY(1px); width: 12.5px; flex-grow: 0; margin-right: 14px; margin-left: 2px;\"><\/div>\n<div style=\"background-color: #f4f4f4; border-radius: 50%; height: 12.5px; width: 12.5px; transform: translateX(9px) translateY(-18px);\"><\/div>\n<\/div>\n<div style=\"margin-left: 8px;\">\n<div style=\"background-color: #f4f4f4; border-radius: 50%; flex-grow: 0; height: 20px; width: 20px;\"><\/div>\n<div style=\"width: 0; height: 0; border-top: 2px solid transparent; border-left: 6px solid #f4f4f4; border-bottom: 2px solid transparent; transform: translateX(16px) translateY(-4px) rotate(30deg);\"><\/div>\n<\/div>\n<div style=\"margin-left: auto;\">\n<div style=\"width: 0px; border-top: 8px solid #F4F4F4; border-right: 8px solid transparent; transform: translateY(16px);\"><\/div>\n<div style=\"background-color: #f4f4f4; flex-grow: 0; height: 12px; width: 16px; transform: translateY(-4px);\"><\/div>\n<div style=\"width: 0; height: 0; border-top: 8px solid #F4F4F4; border-left: 8px solid transparent; transform: translateY(-4px) translateX(8px);\"><\/div>\n<\/div>\n<\/div>\n<p>&nbsp;<\/p>\n<p style=\"margin: 8px 0 0 0; padding: 0 4px;\"><a style=\"color: #000; font-family: Arial,sans-serif; font-size: 14px; font-style: normal; font-weight: normal; line-height: 17px; text-decoration: none; word-wrap: break-word;\" href=\"https:\/\/www.instagram.com\/p\/BxbA1GzFw6k\/\" target=\"_blank\" rel=\"noopener\">Prep\u00e1rense porque muy pronto veremos nacer la pr\u00f3xima estrella de la m\u00fasica latina y junto a @univision y grandes de la m\u00fasica seremos parte de esta nueva competencia @reinadlacancion \ud83c\udfa4\ud83d\ude0e\ud83d\ude4c\ud83c\udffc #reinadelacancion<\/a><\/p>\n<p style=\"color: #c9c8cd; font-family: Arial,sans-serif; font-size: 14px; line-height: 17px; margin-bottom: 0; margin-top: 8px; overflow: hidden; padding: 8px 0 7px; text-align: center; text-overflow: ellipsis; white-space: nowrap;\">Una publicaci\u00f3n compartida de <a style=\"color: #c9c8cd; font-family: Arial,sans-serif; font-size: 14px; font-style: normal; font-weight: normal; line-height: 17px;\" href=\"https:\/\/www.instagram.com\/daddyyankee\/\" target=\"_blank\" rel=\"noopener\"> Daddy Yankee<\/a> (@daddyyankee) el <time style=\"font-family: Arial,sans-serif; font-size: 14px; line-height: 17px;\" datetime=\"2019-05-14T00:01:18+00:00\">13 May, 2019 a las 5:01 PDT<\/time><\/p>\n<\/div>\n<\/blockquote>\n<p><script async src=\"\/\/www.instagram.com\/embed.js\"><\/script><\/p>\n<p class=\"selectionShareable\" style=\"text-align: justify;\">El astro del reggaet\u00f3n Yankee ayudar\u00e1 a descubrir, motivar y desarrollar a la pr\u00f3xima reina de la m\u00fasica latina, anunci\u00f3 el lunes<strong>\u00a0Univision<\/strong>\u00a0durante la presentaci\u00f3n de sus pr\u00f3ximos estrenos para 2019.<\/p>\n<p class=\"selectionShareable\" style=\"text-align: justify;\">\u201cEstoy deseoso de encontrar a la pr\u00f3xima gran estrella\u201d, dijo Yankee en un comunicado. \u201cEntusiasmado ante el desaf\u00edo de aportar mi visi\u00f3n para producir un excelente programa\u201d, agreg\u00f3 el tambi\u00e9n due\u00f1o del sello discogr\u00e1fico\u00a0<strong>El Cartel Records<\/strong>.<\/p>\n<blockquote class=\"instagram-media\" style=\"background: #FFF; border: 0; border-radius: 3px; box-shadow: 0 0 1px 0 rgba(0,0,0,0.5),0 1px 10px 0 rgba(0,0,0,0.15); margin: 1px; max-width: 540px; min-width: 326px; padding: 0; width: calc(100% - 2px);\" data-instgrm-captioned=\"\" data-instgrm-permalink=\"https:\/\/www.instagram.com\/p\/BxbMtTpFPEt\/\" data-instgrm-version=\"12\">\n<div style=\"padding: 16px;\">\n<p>&nbsp;<\/p>\n<div style=\"display: flex; flex-direction: row; align-items: center;\">\n<div style=\"background-color: #f4f4f4; border-radius: 50%; flex-grow: 0; height: 40px; margin-right: 14px; width: 40px;\"><\/div>\n<div style=\"display: flex; flex-direction: column; flex-grow: 1; justify-content: center;\">\n<div style=\"background-color: #f4f4f4; border-radius: 4px; flex-grow: 0; height: 14px; margin-bottom: 6px; width: 100px;\"><\/div>\n<div style=\"background-color: #f4f4f4; border-radius: 4px; flex-grow: 0; height: 14px; width: 60px;\"><\/div>\n<\/div>\n<\/div>\n<div style=\"padding: 19% 0;\"><\/div>\n<div style=\"display: block; height: 50px; margin: 0 auto 12px; width: 50px;\"><\/div>\n<div style=\"padding-top: 8px;\">\n<div style=\"color: #3897f0; font-family: Arial,sans-serif; font-size: 14px; font-style: normal; font-weight: 550; line-height: 18px;\">Ver esta publicaci\u00f3n en Instagram<\/div>\n<\/div>\n<div style=\"padding: 12.5% 0;\"><\/div>\n<div style=\"display: flex; flex-direction: row; margin-bottom: 14px; align-items: center;\">\n<div>\n<div style=\"background-color: #f4f4f4; border-radius: 50%; height: 12.5px; width: 12.5px; transform: translateX(0px) translateY(7px);\"><\/div>\n<div style=\"background-color: #f4f4f4; height: 12.5px; transform: rotate(-45deg) translateX(3px) translateY(1px); width: 12.5px; flex-grow: 0; margin-right: 14px; margin-left: 2px;\"><\/div>\n<div style=\"background-color: #f4f4f4; border-radius: 50%; height: 12.5px; width: 12.5px; transform: translateX(9px) translateY(-18px);\"><\/div>\n<\/div>\n<div style=\"margin-left: 8px;\">\n<div style=\"background-color: #f4f4f4; border-radius: 50%; flex-grow: 0; height: 20px; width: 20px;\"><\/div>\n<div style=\"width: 0; height: 0; border-top: 2px solid transparent; border-left: 6px solid #f4f4f4; border-bottom: 2px solid transparent; transform: translateX(16px) translateY(-4px) rotate(30deg);\"><\/div>\n<\/div>\n<div style=\"margin-left: auto;\">\n<div style=\"width: 0px; border-top: 8px solid #F4F4F4; border-right: 8px solid transparent; transform: translateY(16px);\"><\/div>\n<div style=\"background-color: #f4f4f4; flex-grow: 0; height: 12px; width: 16px; transform: translateY(-4px);\"><\/div>\n<div style=\"width: 0; height: 0; border-top: 8px solid #F4F4F4; border-left: 8px solid transparent; transform: translateY(-4px) translateX(8px);\"><\/div>\n<\/div>\n<\/div>\n<p>&nbsp;<\/p>\n<p style=\"margin: 8px 0 0 0; padding: 0 4px;\"><a style=\"color: #000; font-family: Arial,sans-serif; font-size: 14px; font-style: normal; font-weight: normal; line-height: 17px; text-decoration: none; word-wrap: break-word;\" href=\"https:\/\/www.instagram.com\/p\/BxbMtTpFPEt\/\" target=\"_blank\" rel=\"noopener\">\ud83d\udd25 Man On Fire \ud83d\udd25 #ConCalma #ConCalmaRemix #NoLoTrates #BailaBailaRemix #Adictiva #SolteraRemix \ud83d\udd25\ud83d\udd25 Fueego!<\/a><\/p>\n<p style=\"color: #c9c8cd; font-family: Arial,sans-serif; font-size: 14px; line-height: 17px; margin-bottom: 0; margin-top: 8px; overflow: hidden; padding: 8px 0 7px; text-align: center; text-overflow: ellipsis; white-space: nowrap;\">Una publicaci\u00f3n compartida de <a style=\"color: #c9c8cd; font-family: Arial,sans-serif; font-size: 14px; font-style: normal; font-weight: normal; line-height: 17px;\" href=\"https:\/\/www.instagram.com\/daddyyankee\/\" target=\"_blank\" rel=\"noopener\"> Daddy Yankee<\/a> (@daddyyankee) el <time style=\"font-family: Arial,sans-serif; font-size: 14px; line-height: 17px;\" datetime=\"2019-05-14T01:45:06+00:00\">13 May, 2019 a las 6:45 PDT<\/time><\/p>\n<\/div>\n<\/blockquote>\n<p><script async src=\"\/\/www.instagram.com\/embed.js\"><\/script><\/p>\n<p class=\"selectionShareable\" style=\"text-align: justify;\">El programa debutar\u00eda en el oto\u00f1o boreal de 2019. Los castings comienzan en junio.<\/p>\n<p class=\"selectionShareable\" style=\"text-align: justify;\">Yankee, cuyo m\u00e1s reciente sencillo \u201cCon calma\u201d se encuentra en los primeros lugares de las listas de popularidad, se incorpora a un equipo estelar de jueces anunciado anteriormente para el programa, como<strong>\u00a0Natti Natasha, Joss Favela y Olga Ta\u00f1\u00f3n<\/strong>. Alejandra Espinoza ser\u00e1 la presentadora de la competencia, se anunci\u00f3 tambi\u00e9n el lunes.<\/p>\n<blockquote class=\"instagram-media\" style=\"background: #FFF; border: 0; border-radius: 3px; box-shadow: 0 0 1px 0 rgba(0,0,0,0.5),0 1px 10px 0 rgba(0,0,0,0.15); margin: 1px; max-width: 540px; min-width: 326px; padding: 0; width: calc(100% - 2px);\" data-instgrm-captioned=\"\" data-instgrm-permalink=\"https:\/\/www.instagram.com\/p\/BuK8arCl6UE\/\" data-instgrm-version=\"12\">\n<div style=\"padding: 16px;\">\n<p>&nbsp;<\/p>\n<div style=\"display: flex; flex-direction: row; align-items: center;\">\n<div style=\"background-color: #f4f4f4; border-radius: 50%; flex-grow: 0; height: 40px; margin-right: 14px; width: 40px;\"><\/div>\n<div style=\"display: flex; flex-direction: column; flex-grow: 1; justify-content: center;\">\n<div style=\"background-color: #f4f4f4; border-radius: 4px; flex-grow: 0; height: 14px; margin-bottom: 6px; width: 100px;\"><\/div>\n<div style=\"background-color: #f4f4f4; border-radius: 4px; flex-grow: 0; height: 14px; width: 60px;\"><\/div>\n<\/div>\n<\/div>\n<div style=\"padding: 19% 0;\"><\/div>\n<div style=\"display: block; height: 50px; margin: 0 auto 12px; width: 50px;\"><\/div>\n<div style=\"padding-top: 8px;\">\n<div style=\"color: #3897f0; font-family: Arial,sans-serif; font-size: 14px; font-style: normal; font-weight: 550; line-height: 18px;\">Ver esta publicaci\u00f3n en Instagram<\/div>\n<\/div>\n<div style=\"padding: 12.5% 0;\"><\/div>\n<div style=\"display: flex; flex-direction: row; margin-bottom: 14px; align-items: center;\">\n<div>\n<div style=\"background-color: #f4f4f4; border-radius: 50%; height: 12.5px; width: 12.5px; transform: translateX(0px) translateY(7px);\"><\/div>\n<div style=\"background-color: #f4f4f4; height: 12.5px; transform: rotate(-45deg) translateX(3px) translateY(1px); width: 12.5px; flex-grow: 0; margin-right: 14px; margin-left: 2px;\"><\/div>\n<div style=\"background-color: #f4f4f4; border-radius: 50%; height: 12.5px; width: 12.5px; transform: translateX(9px) translateY(-18px);\"><\/div>\n<\/div>\n<div style=\"margin-left: 8px;\">\n<div style=\"background-color: #f4f4f4; border-radius: 50%; flex-grow: 0; height: 20px; width: 20px;\"><\/div>\n<div style=\"width: 0; height: 0; border-top: 2px solid transparent; border-left: 6px solid #f4f4f4; border-bottom: 2px solid transparent; transform: translateX(16px) translateY(-4px) rotate(30deg);\"><\/div>\n<\/div>\n<div style=\"margin-left: auto;\">\n<div style=\"width: 0px; border-top: 8px solid #F4F4F4; border-right: 8px solid transparent; transform: translateY(16px);\"><\/div>\n<div style=\"background-color: #f4f4f4; flex-grow: 0; height: 12px; width: 16px; transform: translateY(-4px);\"><\/div>\n<div style=\"width: 0; height: 0; border-top: 8px solid #F4F4F4; border-left: 8px solid transparent; transform: translateY(-4px) translateX(8px);\"><\/div>\n<\/div>\n<\/div>\n<p>&nbsp;<\/p>\n<p style=\"margin: 8px 0 0 0; padding: 0 4px;\"><a style=\"color: #000; font-family: Arial,sans-serif; font-size: 14px; font-style: normal; font-weight: normal; line-height: 17px; text-decoration: none; word-wrap: break-word;\" href=\"https:\/\/www.instagram.com\/p\/BuK8arCl6UE\/\" target=\"_blank\" rel=\"noopener\">#Sikiri \u201cvaqueandome\u201d #ConCalma en @premiolonuestro #daddyyankee #dy<\/a><\/p>\n<p style=\"color: #c9c8cd; font-family: Arial,sans-serif; font-size: 14px; line-height: 17px; margin-bottom: 0; margin-top: 8px; overflow: hidden; padding: 8px 0 7px; text-align: center; text-overflow: ellipsis; white-space: nowrap;\">Una publicaci\u00f3n compartida de <a style=\"color: #c9c8cd; font-family: Arial,sans-serif; font-size: 14px; font-style: normal; font-weight: normal; line-height: 17px;\" href=\"https:\/\/www.instagram.com\/daddyyankee\/\" target=\"_blank\" rel=\"noopener\"> Daddy Yankee<\/a> (@daddyyankee) el <time style=\"font-family: Arial,sans-serif; font-size: 14px; line-height: 17px;\" datetime=\"2019-02-22T04:40:43+00:00\">21 Feb, 2019 a las 8:40 PST<\/time><\/p>\n<\/div>\n<\/blockquote>\n<p><script async src=\"\/\/www.instagram.com\/embed.js\"><\/script><\/p>\n<p class=\"selectionShareable\" style=\"text-align: justify;\">El m\u00fasico boricua fue galardonado este a\u00f1o con el\u00a0<strong>Premio Lo Nuestro<\/strong>\u00a0a la trayectoria, el cual sum\u00f3 a una larga lista de galardones que incluyen cuatro Latin Grammy as\u00ed como premios Billboard. En su experiencia previa como productor, se destaca su cinta biogr\u00e1fica<strong>\u00a0\u201cTalento de Barrio\u201d<\/strong>\u00a0de\u00a0<strong>2008<\/strong>.<\/p>\n<p class=\"selectionShareable\" style=\"text-align: justify;\">La\u00a0<strong>\u201cReina de la Canci\u00f3n\u201d<\/strong>\u00a0reunir\u00e1 a populares artistas y expertos en m\u00fasica latina para apoyar a cantantes de las que se elegir\u00e1 una estrella en potencia de la m\u00fasica latina. Contar\u00e1 con Pedro Cap\u00f3\u00a0como presentador y director art\u00edstico y con el productor\u00a0<strong>Sergio George<\/strong>\u00a0como director musical.<\/p>\n<h6>Fuente: Metro<\/h6>\n<p style=\"text-align: justify;\">\n","protected":false},"excerpt":{"rendered":"<p>Daddy Yankee\u00a0ser\u00e1 productor ejecutivo del concurso de Univision\u00a0\u201cReina de la Canci\u00f3n\u201d. &nbsp; Ver esta publicaci\u00f3n en Instagram &nbsp; Prep\u00e1rense porque muy pronto veremos nacer la pr\u00f3xima estrella de la m\u00fasica latina y junto a @univision y grandes de la m\u00fasica seremos parte de esta nueva competencia @reinadlacancion \ud83c\udfa4\ud83d\ude0e\ud83d\ude4c\ud83c\udffc #reinadelacancion Una publicaci\u00f3n compartida de Daddy Yankee [&hellip;]<\/p>\n","protected":false},"author":1,"featured_media":1781,"comment_status":"open","ping_status":"open","sticky":false,"template":"","format":"standard","meta":{"footnotes":""},"categories":[121],"tags":[555,1124,1815,1851,2063,2188,2283,2284,2496,2712,2914,3524,3975,4298,5068,5150,5161,5217,5402,5506,5711,5939,5942,5996,6066,6071,6080,6332,6344,6380,6381,6813,7124,7438,7578],"class_list":["post-1780","post","type-post","status-publish","format-standard","has-post-thumbnail","category-noticias-musicales","tag-alejandra-espinoza","tag-billboard","tag-competencia","tag-con-calma","tag-daddy-yankee","tag-descubrir","tag-director-artistico","tag-director-musical","tag-el-cartel-records","tag-entretenimiento","tag-exito","tag-hit","tag-joss-favela","tag-latin-grammy","tag-motivar","tag-musica-latina","tag-musical","tag-natti-natasha","tag-nueva-competencia","tag-olga-tanon","tag-pedro-capo","tag-premio-lo-nuestro","tag-premios","tag-presentadora","tag-produce","tag-productor-ejecutivo","tag-programa","tag-redes-sociales","tag-reggaeton","tag-reina-de-la-cancion","tag-reina-de-la-musica-latina","tag-sergio-george","tag-talento-de-barrio","tag-trayectoria","tag-univision"],"_links":{"self":[{"href":"https:\/\/starsworldproduction.com\/web\/wp-json\/wp\/v2\/posts\/1780","targetHints":{"allow":["GET"]}}],"collection":[{"href":"https:\/\/starsworldproduction.com\/web\/wp-json\/wp\/v2\/posts"}],"about":[{"href":"https:\/\/starsworldproduction.com\/web\/wp-json\/wp\/v2\/types\/post"}],"author":[{"embeddable":true,"href":"https:\/\/starsworldproduction.com\/web\/wp-json\/wp\/v2\/users\/1"}],"replies":[{"embeddable":true,"href":"https:\/\/starsworldproduction.com\/web\/wp-json\/wp\/v2\/comments?post=1780"}],"version-history":[{"count":0,"href":"https:\/\/starsworldproduction.com\/web\/wp-json\/wp\/v2\/posts\/1780\/revisions"}],"wp:featuredmedia":[{"embeddable":true,"href":"https:\/\/starsworldproduction.com\/web\/wp-json\/wp\/v2\/media\/1781"}],"wp:attachment":[{"href":"https:\/\/starsworldproduction.com\/web\/wp-json\/wp\/v2\/media?parent=1780"}],"wp:term":[{"taxonomy":"category","embeddable":true,"href":"https:\/\/starsworldproduction.com\/web\/wp-json\/wp\/v2\/categories?post=1780"},{"taxonomy":"post_tag","embeddable":true,"href":"https:\/\/starsworldproduction.com\/web\/wp-json\/wp\/v2\/tags?post=1780"}],"curies":[{"name":"wp","href":"https:\/\/api.w.org\/{rel}","templated":true}]}}