{"id":1783,"date":"2019-05-24T12:00:11","date_gmt":"2019-05-24T12:00:11","guid":{"rendered":"https:\/\/www.starsworldproduction.com\/?p=1783"},"modified":"2019-05-24T12:00:11","modified_gmt":"2019-05-24T12:00:11","slug":"fans-karol-g-cuentan-video-historia-amor-anuel-aa","status":"publish","type":"post","link":"https:\/\/starsworldproduction.com\/web\/2019\/05\/24\/fans-karol-g-cuentan-video-historia-amor-anuel-aa\/","title":{"rendered":"Fans de Karol G cuentan en video su historia de amor con Anuel AA"},"content":{"rendered":"<p style=\"text-align: justify;\">En primer lugar <strong>Karol G<\/strong><b>\u00a0y Anuel AA\u00a0<\/b>aprovechan cualquier oportunidad para mostrar cu\u00e1nto se aman.<b>\u00a0<\/b>Si bien han vivido altibajos en su vida personal, han querido mostrar c\u00f3mo la pasan ahora por medio de la m\u00fasica.<\/p>\n<blockquote class=\"instagram-media\" style=\"background: #FFF; border: 0; border-radius: 3px; box-shadow: 0 0 1px 0 rgba(0,0,0,0.5),0 1px 10px 0 rgba(0,0,0,0.15); margin: 1px; max-width: 540px; min-width: 326px; padding: 0; width: calc(100% - 2px);\" data-instgrm-captioned=\"\" data-instgrm-permalink=\"https:\/\/www.instagram.com\/p\/BvEvl9lAoCt\/\" data-instgrm-version=\"12\">\n<div style=\"padding: 16px;\">\n<p>&nbsp;<\/p>\n<div style=\"display: flex; flex-direction: row; align-items: center;\"><\/div>\n<div style=\"padding: 19% 0;\"><\/div>\n<div style=\"display: block; height: 50px; margin: 0 auto 12px; width: 50px;\"><\/div>\n<div style=\"padding-top: 8px;\">\n<div style=\"color: #3897f0; font-family: Arial,sans-serif; font-size: 14px; font-style: normal; font-weight: 550; line-height: 18px;\">Ver esta publicaci\u00f3n en Instagram<\/div>\n<\/div>\n<div style=\"padding: 12.5% 0;\"><\/div>\n<div style=\"display: flex; flex-direction: row; margin-bottom: 14px; align-items: center;\"><\/div>\n<p>&nbsp;<\/p>\n<p style=\"margin: 8px 0 0 0; padding: 0 4px;\"><a style=\"color: #000; font-family: Arial,sans-serif; font-size: 14px; font-style: normal; font-weight: normal; line-height: 17px; text-decoration: none; word-wrap: break-word;\" href=\"https:\/\/www.instagram.com\/p\/BvEvl9lAoCt\/\" target=\"_blank\" rel=\"noopener\">En mi vida hab\u00eda vivido algo igual &#8230; #CULPABLESTOUR \ud83d\udd25\u2764\ufe0f\ud83d\udcaf @anuel_2blea<\/a><\/p>\n<p style=\"color: #c9c8cd; font-family: Arial,sans-serif; font-size: 14px; line-height: 17px; margin-bottom: 0; margin-top: 8px; overflow: hidden; padding: 8px 0 7px; text-align: center; text-overflow: ellipsis; white-space: nowrap;\">Una publicaci\u00f3n compartida de <a style=\"color: #c9c8cd; font-family: Arial,sans-serif; font-size: 14px; font-style: normal; font-weight: normal; line-height: 17px;\" href=\"https:\/\/www.instagram.com\/karolg\/\" target=\"_blank\" rel=\"noopener\"> KAROL G<\/a> (@karolg) el <time style=\"font-family: Arial,sans-serif; font-size: 14px; line-height: 17px;\" datetime=\"2019-03-16T15:24:36+00:00\">16 Mar, 2019 a las 8:24 PDT<\/time><\/p>\n<\/div>\n<\/blockquote>\n<p><script src=\"\/\/www.instagram.com\/embed.js\" async=\"\"><\/script><\/p>\n<p>A trav\u00e9s de\u00a0YouTube<b>, Fans de Karol G<\/b>\u00a0sorprendieron a todos al presentar el video de tres de sus canciones: \u201cDices que te vas\u201d, \u201cNo s\u00e9 qu\u00e9 pas\u00f3\u201d y \u201cAmor no hay\u201d.<\/p>\n<blockquote class=\"instagram-media\" style=\"background: #FFF; border: 0; border-radius: 3px; box-shadow: 0 0 1px 0 rgba(0,0,0,0.5),0 1px 10px 0 rgba(0,0,0,0.15); margin: 1px; max-width: 540px; min-width: 326px; padding: 0; width: calc(100% - 2px);\" data-instgrm-captioned=\"\" data-instgrm-permalink=\"https:\/\/www.instagram.com\/p\/Bs_vLTcF1ub\/\" data-instgrm-version=\"12\">\n<div style=\"padding: 16px;\">\n&nbsp;<\/p>\n<div style=\"display: flex; flex-direction: row; align-items: center;\"><\/div>\n<div style=\"padding: 19% 0;\"><\/div>\n<div style=\"display: block; height: 50px; margin: 0 auto 12px; width: 50px;\"><\/div>\n<div style=\"padding-top: 8px;\">\n<div style=\"color: #3897f0; font-family: Arial,sans-serif; font-size: 14px; font-style: normal; font-weight: 550; line-height: 18px;\">Ver esta publicaci\u00f3n en Instagram<\/div>\n<\/div>\n<div style=\"padding: 12.5% 0;\"><\/div>\n<div style=\"display: flex; flex-direction: row; margin-bottom: 14px; align-items: center;\"><\/div>\n<p>&nbsp;<\/p>\n<p><a style=\"color: #000; font-family: Arial,sans-serif; font-size: 14px; font-style: normal; font-weight: normal; line-height: 17px; text-decoration: none; word-wrap: break-word;\" href=\"https:\/\/www.instagram.com\/p\/Bs_vLTcF1ub\/\" target=\"_blank\" rel=\"noopener\">Yo un d\u00eda le pregunt\u00e9 a Emma&#8230; \u00bf\u00bf\u00bfQue hacemos para no estar tanto tiempo separados \ud83e\udd14??? Y lo primero que se nos ocurri\u00f3 fue irnos de gira juntos!!!!!!! \ud83e\udd2a\ud83e\udd2a\ud83e\udd29 #CULPABLESTOUR \/ 2019 @anuel_2blea<\/a><\/p>\n<p>Una publicaci\u00f3n compartida de <a style=\"color: #c9c8cd; font-family: Arial,sans-serif; font-size: 14px; font-style: normal; font-weight: normal; line-height: 17px;\" href=\"https:\/\/www.instagram.com\/karolg\/\" target=\"_blank\" rel=\"noopener\"> KAROL G<\/a> (@karolg) el <time style=\"font-family: Arial,sans-serif; font-size: 14px; line-height: 17px;\" datetime=\"2019-01-23T23:41:59+00:00\">23 Ene, 2019 a las 3:41 PST<\/time>\n<\/div>\n<\/blockquote>\n<p><script src=\"\/\/www.instagram.com\/embed.js\" async=\"\"><\/script><\/p>\n<p id=\"p633750-m564-2-565\" class=\"parrafo first-parrafo\" style=\"text-align: justify;\">El primer tema, \u201cDices que te vas\u201d, es una colaboraci\u00f3n junto a\u00a0<b>Anuel AA<\/b>, donde\u00a0<b>Karol G<\/b>\u00a0relata su \u201ctemor a enamorarse\u201d y como hizo el cantante de trap para conquistar su coraz\u00f3n. El sencillo es una balada que presenta im\u00e1genes de las grabaciones de diversos videoclips.<\/p>\n<blockquote class=\"instagram-media\" style=\"background: #FFF; border: 0; border-radius: 3px; box-shadow: 0 0 1px 0 rgba(0,0,0,0.5),0 1px 10px 0 rgba(0,0,0,0.15); margin: 1px; max-width: 540px; min-width: 326px; padding: 0; width: calc(100% - 2px);\" data-instgrm-captioned=\"\" data-instgrm-permalink=\"https:\/\/www.instagram.com\/p\/BxJHoEcAKUV\/\" data-instgrm-version=\"12\">\n<div style=\"padding: 16px;\">\n<p>&nbsp;<\/p>\n<div style=\"display: flex; flex-direction: row; align-items: center;\"><\/div>\n<div style=\"padding: 19% 0;\"><\/div>\n<div style=\"display: block; height: 50px; margin: 0 auto 12px; width: 50px;\"><\/div>\n<div style=\"padding-top: 8px;\">\n<div style=\"color: #3897f0; font-family: Arial,sans-serif; font-size: 14px; font-style: normal; font-weight: 550; line-height: 18px;\">Ver esta publicaci\u00f3n en Instagram<\/div>\n<\/div>\n<div style=\"padding: 12.5% 0;\"><\/div>\n<div style=\"display: flex; flex-direction: row; margin-bottom: 14px; align-items: center;\"><\/div>\n<p>&nbsp;<\/p>\n<p style=\"margin: 8px 0 0 0; padding: 0 4px;\"><a style=\"color: #000; font-family: Arial,sans-serif; font-size: 14px; font-style: normal; font-weight: normal; line-height: 17px; text-decoration: none; word-wrap: break-word;\" href=\"https:\/\/www.instagram.com\/p\/BxJHoEcAKUV\/\" target=\"_blank\" rel=\"noopener\">As\u00ed soy yo \ud83e\udd37\ud83c\udffd\u200d\u2640\ufe0f<\/a><\/p>\n<p style=\"color: #c9c8cd; font-family: Arial,sans-serif; font-size: 14px; line-height: 17px; margin-bottom: 0; margin-top: 8px; overflow: hidden; padding: 8px 0 7px; text-align: center; text-overflow: ellipsis; white-space: nowrap;\">Una publicaci\u00f3n compartida de <a style=\"color: #c9c8cd; font-family: Arial,sans-serif; font-size: 14px; font-style: normal; font-weight: normal; line-height: 17px;\" href=\"https:\/\/www.instagram.com\/karolg\/\" target=\"_blank\" rel=\"noopener\"> KAROL G<\/a> (@karolg) el <time style=\"font-family: Arial,sans-serif; font-size: 14px; line-height: 17px;\" datetime=\"2019-05-07T01:14:22+00:00\">6 May, 2019 a las 6:14 PDT<\/time><\/p>\n<\/div>\n<\/blockquote>\n<p><script src=\"\/\/www.instagram.com\/embed.js\" async=\"\"><\/script><\/p>\n<p><iframe loading=\"lazy\" src=\"https:\/\/www.youtube.com\/embed\/rTlnCW1tcTU\" width=\"560\" height=\"315\" frameborder=\"0\" allowfullscreen=\"allowfullscreen\"><\/iframe><\/p>\n<p>El siguiente sencillo, \u201cNo s\u00e9 qu\u00e9 pas\u00f3\u201d, narra la historia de una decepci\u00f3n amorosa; sin embargo, esta canci\u00f3n no revelar\u00eda alg\u00fan problema entre los int\u00e9rpretes urbanos, sino que se tratar\u00eda de un tema lanzado en 2017 bajo el t\u00edtulo \u201cLo sabe Dios\u201d, donde\u00a0<b>Karol G\u00a0<\/b>cuenta c\u00f3mo vivi\u00f3 una pasada relaci\u00f3n.<\/p>\n<p><iframe loading=\"lazy\" src=\"https:\/\/www.youtube.com\/embed\/aaYywH0hytI\" width=\"560\" height=\"315\" frameborder=\"0\" allowfullscreen=\"allowfullscreen\"><\/iframe><\/p>\n<p>Por su parte, \u201cAmor no hay\u201d tambi\u00e9n es un tema que\u00a0<b>Karol G\u00a0<\/b>lanz\u00f3 en 2017 y que ahora cuenta con un videoclip. Lo curioso de estos clips es que pese a ser temas antiguos, las im\u00e1genes muestran diversas sesiones que realizaron juntos los int\u00e9rpretes de \u201cSecreto\u201d y \u201cCulpables\u201d.<\/p>\n<blockquote class=\"instagram-media\" style=\"background: #FFF; border: 0; border-radius: 3px; box-shadow: 0 0 1px 0 rgba(0,0,0,0.5),0 1px 10px 0 rgba(0,0,0,0.15); margin: 1px; max-width: 540px; min-width: 326px; padding: 0; width: calc(100% - 2px);\" data-instgrm-captioned=\"\" data-instgrm-permalink=\"https:\/\/www.instagram.com\/p\/BwBEnelAvMt\/\" data-instgrm-version=\"12\">\n<div style=\"padding: 16px;\">\n&nbsp;<\/p>\n<div style=\"display: flex; flex-direction: row; align-items: center;\"><\/div>\n<div style=\"padding: 19% 0;\"><\/div>\n<div style=\"display: block; height: 50px; margin: 0 auto 12px; width: 50px;\"><\/div>\n<div style=\"padding-top: 8px;\">\n<div style=\"color: #3897f0; font-family: Arial,sans-serif; font-size: 14px; font-style: normal; font-weight: 550; line-height: 18px;\">Ver esta publicaci\u00f3n en Instagram<\/div>\n<\/div>\n<div style=\"padding: 12.5% 0;\"><\/div>\n<div style=\"display: flex; flex-direction: row; margin-bottom: 14px; align-items: center;\"><\/div>\n<p>&nbsp;<\/p>\n<p><a style=\"color: #000; font-family: Arial,sans-serif; font-size: 14px; font-style: normal; font-weight: normal; line-height: 17px; text-decoration: none; word-wrap: break-word;\" href=\"https:\/\/www.instagram.com\/p\/BwBEnelAvMt\/\" target=\"_blank\" rel=\"noopener\">-&gt; En el Punto G<\/a><\/p>\n<p>Una publicaci\u00f3n compartida de <a style=\"color: #c9c8cd; font-family: Arial,sans-serif; font-size: 14px; font-style: normal; font-weight: normal; line-height: 17px;\" href=\"https:\/\/www.instagram.com\/karolg\/\" target=\"_blank\" rel=\"noopener\"> KAROL G<\/a> (@karolg) el <time style=\"font-family: Arial,sans-serif; font-size: 14px; line-height: 17px;\" datetime=\"2019-04-09T01:42:45+00:00\">8 Abr, 2019 a las 6:42 PDT<\/time>\n<\/div>\n<\/blockquote>\n<p><script src=\"\/\/www.instagram.com\/embed.js\" async=\"\"><\/script><\/p>\n<p><iframe loading=\"lazy\" src=\"https:\/\/www.youtube.com\/embed\/GsEyCuZNKFc\" width=\"560\" height=\"315\" frameborder=\"0\" allowfullscreen=\"allowfullscreen\"><\/iframe><\/p>\n<p style=\"text-align: justify;\"><b>Karol G y Anuel AA\u00a0<\/b>hicieron p\u00fablica su relaci\u00f3n en noviembre del 2018, durante una presentaci\u00f3n que realizaron en Nueva York, donde ambos se dieron un beso en medio del show frente a todos sus fan\u00e1ticos.<\/p>\n<blockquote class=\"instagram-media\" style=\"background: #FFF; border: 0; border-radius: 3px; box-shadow: 0 0 1px 0 rgba(0,0,0,0.5),0 1px 10px 0 rgba(0,0,0,0.15); margin: 1px; max-width: 540px; min-width: 326px; padding: 0; width: calc(100% - 2px);\" data-instgrm-captioned=\"\" data-instgrm-permalink=\"https:\/\/www.instagram.com\/p\/BqTuTFsnNRg\/\" data-instgrm-version=\"12\">\n<div style=\"padding: 16px;\">\n<p>&nbsp;<\/p>\n<div style=\"display: flex; flex-direction: row; align-items: center;\"><\/div>\n<div style=\"padding: 19% 0;\"><\/div>\n<div style=\"display: block; height: 50px; margin: 0 auto 12px; width: 50px;\"><\/div>\n<div style=\"padding-top: 8px;\">\n<div style=\"color: #3897f0; font-family: Arial,sans-serif; font-size: 14px; font-style: normal; font-weight: 550; line-height: 18px;\">Ver esta publicaci\u00f3n en Instagram<\/div>\n<\/div>\n<div style=\"padding: 12.5% 0;\"><\/div>\n<div style=\"display: flex; flex-direction: row; margin-bottom: 14px; align-items: center;\"><\/div>\n<p>&nbsp;<\/p>\n<p style=\"margin: 8px 0 0 0; padding: 0 4px;\"><a style=\"color: #000; font-family: Arial,sans-serif; font-size: 14px; font-style: normal; font-weight: normal; line-height: 17px; text-decoration: none; word-wrap: break-word;\" href=\"https:\/\/www.instagram.com\/p\/BqTuTFsnNRg\/\" target=\"_blank\" rel=\"noopener\">\ud83d\ude48\ud83d\ude49\ud83d\ude4a<\/a><\/p>\n<p style=\"color: #c9c8cd; font-family: Arial,sans-serif; font-size: 14px; line-height: 17px; margin-bottom: 0; margin-top: 8px; overflow: hidden; padding: 8px 0 7px; text-align: center; text-overflow: ellipsis; white-space: nowrap;\">Una publicaci\u00f3n compartida de <a style=\"color: #c9c8cd; font-family: Arial,sans-serif; font-size: 14px; font-style: normal; font-weight: normal; line-height: 17px;\" href=\"https:\/\/www.instagram.com\/karolg\/\" target=\"_blank\" rel=\"noopener\"> KAROL G<\/a> (@karolg) el <time style=\"font-family: Arial,sans-serif; font-size: 14px; line-height: 17px;\" datetime=\"2018-11-18T04:28:10+00:00\">17 Nov, 2018 a las 8:28 PST<\/time><\/p>\n<\/div>\n<\/blockquote>\n<p><script src=\"\/\/www.instagram.com\/embed.js\" async=\"\"><\/script><\/p>\n<p>&nbsp;<\/p>\n<h6>Fuente: El Comercio<\/h6>\n","protected":false},"excerpt":{"rendered":"<p>En primer lugar Karol G\u00a0y Anuel AA\u00a0aprovechan cualquier oportunidad para mostrar cu\u00e1nto se aman.\u00a0Si bien han vivido altibajos en su vida personal, han querido mostrar c\u00f3mo la pasan ahora por medio de la m\u00fasica. &nbsp; Ver esta publicaci\u00f3n en Instagram &nbsp; En mi vida hab\u00eda vivido algo igual &#8230; #CULPABLESTOUR \ud83d\udd25\u2764\ufe0f\ud83d\udcaf @anuel_2blea Una publicaci\u00f3n compartida [&hellip;]<\/p>\n","protected":false},"author":1,"featured_media":1784,"comment_status":"open","ping_status":"open","sticky":false,"template":"","format":"standard","meta":{"footnotes":""},"categories":[121],"tags":[624,667,676,759,999,1103,1733,1916,2038,2245,2340,2914,2990,3314,3517,3524,4040,4074,4494,5065,5141,5331,5417,6144,6332,6391,6741,6778,6853,7221,7425,7710,7712,7718,7720,7722,7724,7907],"class_list":["post-1783","post","type-post","status-publish","format-standard","has-post-thumbnail","category-noticias-musicales","tag-aman","tag-amor","tag-amor-no-hay","tag-anuel-aa","tag-balada","tag-beso","tag-colaboracion","tag-conto","tag-culpables","tag-dices-que-te-vas","tag-diversos","tag-exito","tag-fanaticos","tag-grabaciones","tag-historia","tag-hit","tag-junto","tag-karol-g","tag-lo-sabe-dios","tag-mostrar","tag-musica","tag-no-se-que-paso","tag-nueva-york","tag-publica","tag-redes-sociales","tag-relacion","tag-secreto","tag-sencillo","tag-show","tag-temor-a-enamorarse","tag-trap","tag-vida-personal","tag-video","tag-video-oficial","tag-videoclip","tag-videoclip-oficial","tag-videoclips","tag-youtube"],"_links":{"self":[{"href":"https:\/\/starsworldproduction.com\/web\/wp-json\/wp\/v2\/posts\/1783","targetHints":{"allow":["GET"]}}],"collection":[{"href":"https:\/\/starsworldproduction.com\/web\/wp-json\/wp\/v2\/posts"}],"about":[{"href":"https:\/\/starsworldproduction.com\/web\/wp-json\/wp\/v2\/types\/post"}],"author":[{"embeddable":true,"href":"https:\/\/starsworldproduction.com\/web\/wp-json\/wp\/v2\/users\/1"}],"replies":[{"embeddable":true,"href":"https:\/\/starsworldproduction.com\/web\/wp-json\/wp\/v2\/comments?post=1783"}],"version-history":[{"count":0,"href":"https:\/\/starsworldproduction.com\/web\/wp-json\/wp\/v2\/posts\/1783\/revisions"}],"wp:featuredmedia":[{"embeddable":true,"href":"https:\/\/starsworldproduction.com\/web\/wp-json\/wp\/v2\/media\/1784"}],"wp:attachment":[{"href":"https:\/\/starsworldproduction.com\/web\/wp-json\/wp\/v2\/media?parent=1783"}],"wp:term":[{"taxonomy":"category","embeddable":true,"href":"https:\/\/starsworldproduction.com\/web\/wp-json\/wp\/v2\/categories?post=1783"},{"taxonomy":"post_tag","embeddable":true,"href":"https:\/\/starsworldproduction.com\/web\/wp-json\/wp\/v2\/tags?post=1783"}],"curies":[{"name":"wp","href":"https:\/\/api.w.org\/{rel}","templated":true}]}}