{"id":1794,"date":"2019-06-25T12:00:46","date_gmt":"2019-06-25T12:00:46","guid":{"rendered":"https:\/\/www.starsworldproduction.com\/?p=1794"},"modified":"2019-06-25T12:00:46","modified_gmt":"2019-06-25T12:00:46","slug":"carlos-rivera-nos-dice-te-esperaba-mas-reciente-produccion-musical","status":"publish","type":"post","link":"https:\/\/starsworldproduction.com\/web\/2019\/06\/25\/carlos-rivera-nos-dice-te-esperaba-mas-reciente-produccion-musical\/","title":{"rendered":"Carlos Rivera nos dice \u201cTe Esperaba\u201d en su m\u00e1s reciente producci\u00f3n musical"},"content":{"rendered":"<p style=\"text-align: justify;\">En primer lugar se trata de un tema que forma parte de su m\u00e1s reciente \u00e1lbum titulado :<\/p>\n<h3 style=\"text-align: justify;\"><strong>\u201cGuerra\u201d<\/strong><\/h3>\n<p style=\"text-align: justify;\">El cual se escucha en las principales estaciones de radio del pa\u00eds, disponible en su canal oficial de YouTube.<\/p>\n<p><script src=\"\/\/www.instagram.com\/embed.js\" async=\"\"><\/script><\/p>\n<p><b><strong>Carlos Rivera<\/strong><\/b>\u00a0en este video incluy\u00f3 im\u00e1genes del:<\/p>\n<p><strong>M<\/strong><strong style=\"font-weight: bold;\">\u00edtico estudio Abbey Road.<\/strong><\/p>\n<p>Lugar donde grab\u00f3 las sesiones ac\u00fasticas que acompa\u00f1an al disco en su edici\u00f3n f\u00edsica.<\/p>\n<p>La letra de\u00a0<b>\u201cTe Esperaba\u201d surgi\u00f3 en coautor\u00eda\u00a0con Gian Marco<\/b>, compositor peruano con m\u00e1s de 20 a\u00f1os de trayectoria, \u201cpensando que siempre todos tenemos esa certeza de que va a llegar esa persona que te va a cambiar la vida\u201d, seg\u00fan cuenta\u00a0<strong>Carlos Rivera en el documental de Guerra.<\/strong><\/p>\n<p><b>El estreno de \u201cTe Esperaba\u201d ocurre tras el regreso de Carlos a tierras mexicanas luego de su exitosa gira por Espa\u00f1a.<\/b>\u00a0En este importante mercado desde hace 8 a\u00f1os la m\u00fasica del cantante ha sido recibido como su segunda casa:<\/p>\n<p>Como ocurri\u00f3 el pasado 11 de Abril en el\u00a0<b>Wizink Center.<\/b><\/p>\n<p>Finalizando esta gira con boletos agotados en 12 ciudades del pa\u00eds ib\u00e9rico.<\/p>\n<p><script src=\"\/\/www.instagram.com\/embed.js\" async=\"\"><\/script><\/p>\n<p style=\"font-weight: 400; text-align: justify;\">Ahora\u00a0<b><strong>Carlos se encuentra enfocado en su Guerra Tour<\/strong><\/b>\u00a0con el que estar\u00e1 ofreciendo m\u00faltiples shows en el interior del pa\u00eds:<\/p>\n<ul>\n<li style=\"font-weight: 400; text-align: justify;\">Estados Unidos.<\/li>\n<li style=\"font-weight: 400; text-align: justify;\">Costa Rica.<\/li>\n<li style=\"font-weight: 400; text-align: justify;\">Chile.<\/li>\n<li style=\"font-weight: 400; text-align: justify;\">Espa\u00f1a.<\/li>\n<\/ul>\n<p><script src=\"\/\/www.instagram.com\/embed.js\" async=\"\"><\/script><\/p>\n<p><iframe loading=\"lazy\" src=\"https:\/\/www.youtube.com\/embed\/Rir_fuLX7HM\" width=\"560\" height=\"315\" frameborder=\"0\" allowfullscreen=\"allowfullscreen\"><\/iframe><\/p>\n<p>&nbsp;<\/p>\n<h6 style=\"font-weight: 400;\"><\/h6>\n","protected":false},"excerpt":{"rendered":"<p>En primer lugar se trata de un tema que forma parte de su m\u00e1s reciente \u00e1lbum titulado : \u201cGuerra\u201d El cual se escucha en las principales estaciones de radio del pa\u00eds, disponible en su canal oficial de YouTube. Carlos Rivera\u00a0en este video incluy\u00f3 im\u00e1genes del: M\u00edtico estudio Abbey Road. Lugar donde grab\u00f3 las sesiones ac\u00fasticas [&hellip;]<\/p>\n","protected":false},"author":1,"featured_media":1795,"comment_status":"open","ping_status":"open","sticky":false,"template":"","format":"standard","meta":{"footnotes":""},"categories":[121],"tags":[447,533,910,1186,1369,1403,1430,1479,1619,1827,1965,2289,2372,2462,2696,2767,2800,2813,2843,2914,2926,3263,3274,3405,3406,3524,3637,3744,4606,4928,5030,5141,5440,5611,5612,6062,6221,6293,6332,6752,6824,6953,7153,7303,7712,7720,7833,7907],"class_list":["post-1794","post","type-post","status-publish","format-standard","has-post-thumbnail","category-noticias-musicales","tag-acusticas","tag-album","tag-auditorio-nacional","tag-boletos-agotados","tag-canal-oficial","tag-cantante","tag-cantautor","tag-carlos-rivera","tag-chile","tag-compositor-peruano","tag-costa-rica","tag-disco","tag-documental-de-guerra","tag-edicion-fisica","tag-enfocado","tag-espana","tag-estaciones","tag-estados-unidos","tag-estrena","tag-exito","tag-exitosa-gira","tag-gian-marco","tag-gira","tag-guerra","tag-guerra-tour","tag-hit","tag-imagenes","tag-instagram","tag-lyric-video","tag-mexicano","tag-mitico-estudio-abbey-road","tag-musica","tag-nuevo-sencillo","tag-pais","tag-pais-iberico","tag-produccion","tag-radio","tag-reciente","tag-redes-sociales","tag-segunda-casa","tag-sesiones","tag-sold-out","tag-te-esperaba","tag-tierras-mexicanas","tag-video","tag-videoclip","tag-wizink-center","tag-youtube"],"_links":{"self":[{"href":"https:\/\/starsworldproduction.com\/web\/wp-json\/wp\/v2\/posts\/1794","targetHints":{"allow":["GET"]}}],"collection":[{"href":"https:\/\/starsworldproduction.com\/web\/wp-json\/wp\/v2\/posts"}],"about":[{"href":"https:\/\/starsworldproduction.com\/web\/wp-json\/wp\/v2\/types\/post"}],"author":[{"embeddable":true,"href":"https:\/\/starsworldproduction.com\/web\/wp-json\/wp\/v2\/users\/1"}],"replies":[{"embeddable":true,"href":"https:\/\/starsworldproduction.com\/web\/wp-json\/wp\/v2\/comments?post=1794"}],"version-history":[{"count":0,"href":"https:\/\/starsworldproduction.com\/web\/wp-json\/wp\/v2\/posts\/1794\/revisions"}],"wp:featuredmedia":[{"embeddable":true,"href":"https:\/\/starsworldproduction.com\/web\/wp-json\/wp\/v2\/media\/1795"}],"wp:attachment":[{"href":"https:\/\/starsworldproduction.com\/web\/wp-json\/wp\/v2\/media?parent=1794"}],"wp:term":[{"taxonomy":"category","embeddable":true,"href":"https:\/\/starsworldproduction.com\/web\/wp-json\/wp\/v2\/categories?post=1794"},{"taxonomy":"post_tag","embeddable":true,"href":"https:\/\/starsworldproduction.com\/web\/wp-json\/wp\/v2\/tags?post=1794"}],"curies":[{"name":"wp","href":"https:\/\/api.w.org\/{rel}","templated":true}]}}