{"id":1830,"date":"2019-05-20T13:30:18","date_gmt":"2019-05-20T13:30:18","guid":{"rendered":"https:\/\/www.starsworldproduction.com\/?p=1830"},"modified":"2019-05-20T13:30:18","modified_gmt":"2019-05-20T13:30:18","slug":"calma-daddy-yankee-katy-perry-pusieron-sabor-la-final-american-idol","status":"publish","type":"post","link":"https:\/\/starsworldproduction.com\/web\/2019\/05\/20\/calma-daddy-yankee-katy-perry-pusieron-sabor-la-final-american-idol\/","title":{"rendered":"\u201cCon calma\u201d Daddy Yankee y Katy Perry pusieron sabor en la final de American Idol"},"content":{"rendered":"<p style=\"text-align: justify;\">En primer lugar la final de la popular de competencia de talento \u201cAmerican Idol\u201d bail\u00f3 a ritmo de reguet\u00f3n, pues sobre su famoso escenario se present\u00f3 el int\u00e9rprete urbano puertorrique\u00f1o Daddy Yankee junto a la cantante estadounidense Katy Perry y cantaron por primera vez en vivo la versi\u00f3n remix del \u00e9xito \u201cCon calma\u201d.<\/p>\n<blockquote class=\"instagram-media\" style=\"background: #FFF; border: 0; border-radius: 3px; box-shadow: 0 0 1px 0 rgba(0,0,0,0.5),0 1px 10px 0 rgba(0,0,0,0.15); margin: 1px; max-width: 540px; min-width: 326px; padding: 0; width: calc(100% - 2px);\" data-instgrm-captioned=\"\" data-instgrm-permalink=\"https:\/\/www.instagram.com\/p\/Bxi3MmqFwa0\/\" data-instgrm-version=\"12\">\n<div style=\"padding: 16px;\">\n<p>&nbsp;<\/p>\n<div style=\"display: flex; flex-direction: row; align-items: center;\"><\/div>\n<div style=\"padding: 19% 0;\"><\/div>\n<div style=\"display: block; height: 50px; margin: 0 auto 12px; width: 50px;\"><\/div>\n<div style=\"padding-top: 8px;\">\n<div style=\"color: #3897f0; font-family: Arial,sans-serif; font-size: 14px; font-style: normal; font-weight: 550; line-height: 18px;\">Ver esta publicaci\u00f3n en Instagram<\/div>\n<\/div>\n<div style=\"padding: 12.5% 0;\"><\/div>\n<div style=\"display: flex; flex-direction: row; margin-bottom: 14px; align-items: center;\"><\/div>\n<p>&nbsp;<\/p>\n<p style=\"margin: 8px 0 0 0; padding: 0 4px;\"><a style=\"color: #000; font-family: Arial,sans-serif; font-size: 14px; font-style: normal; font-weight: normal; line-height: 17px; text-decoration: none; word-wrap: break-word;\" href=\"https:\/\/www.instagram.com\/p\/Bxi3MmqFwa0\/\" target=\"_blank\" rel=\"noopener\">So excited to perform with @KatyPerry at the @AmericanIdol Finale! Watch #AmericanIdol LIVE Sunday May 19th coast-to-coast, 8e|5p on ABC. #concalmaremix Are you ready?<\/a><\/p>\n<p style=\"color: #c9c8cd; font-family: Arial,sans-serif; font-size: 14px; line-height: 17px; margin-bottom: 0; margin-top: 8px; overflow: hidden; padding: 8px 0 7px; text-align: center; text-overflow: ellipsis; white-space: nowrap;\">Una publicaci\u00f3n compartida de <a style=\"color: #c9c8cd; font-family: Arial,sans-serif; font-size: 14px; font-style: normal; font-weight: normal; line-height: 17px;\" href=\"https:\/\/www.instagram.com\/daddyyankee\/\" target=\"_blank\" rel=\"noopener\"> Daddy Yankee<\/a> (@daddyyankee) el <time style=\"font-family: Arial,sans-serif; font-size: 14px; line-height: 17px;\" datetime=\"2019-05-17T01:11:32+00:00\">16 May, 2019 a las 6:11 PDT<\/time><\/p>\n<\/div>\n<\/blockquote>\n<p><script src=\"\/\/www.instagram.com\/embed.js\" async=\"\"><\/script><\/p>\n<p>La transmisi\u00f3n -de costa a costa- comenz\u00f3 a las 8:00 p.m., por la cadena ABC (localmente ABC Puerto Rico).<\/p>\n<p><iframe loading=\"lazy\" src=\"https:\/\/www.youtube.com\/embed\/pxk5bLKzCHA\" width=\"560\" height=\"315\" frameborder=\"0\" allowfullscreen=\"allowfullscreen\"><\/iframe><\/p>\n<p>Esta versi\u00f3n remix debut\u00f3 a mediados de Abril en las plataformas digitales y actualmente sobrepasa los 42 millones de reproducciones en YouTube.<\/p>\n<blockquote class=\"instagram-media\" style=\"background: #FFF; border: 0; border-radius: 3px; box-shadow: 0 0 1px 0 rgba(0,0,0,0.5),0 1px 10px 0 rgba(0,0,0,0.15); margin: 1px; max-width: 540px; min-width: 326px; padding: 0; width: calc(100% - 2px);\" data-instgrm-captioned=\"\" data-instgrm-permalink=\"https:\/\/www.instagram.com\/p\/BxqW4GvFPoq\/\" data-instgrm-version=\"12\">\n<div style=\"padding: 16px;\">\n&nbsp;<\/p>\n<div style=\"display: flex; flex-direction: row; align-items: center;\"><\/div>\n<div style=\"padding: 19% 0;\"><\/div>\n<div style=\"display: block; height: 50px; margin: 0 auto 12px; width: 50px;\"><\/div>\n<div style=\"padding-top: 8px;\">\n<div style=\"color: #3897f0; font-family: Arial,sans-serif; font-size: 14px; font-style: normal; font-weight: 550; line-height: 18px;\">Ver esta publicaci\u00f3n en Instagram<\/div>\n<\/div>\n<div style=\"padding: 12.5% 0;\"><\/div>\n<div style=\"display: flex; flex-direction: row; margin-bottom: 14px; align-items: center;\"><\/div>\n<p>&nbsp;<\/p>\n<p><a style=\"color: #000; font-family: Arial,sans-serif; font-size: 14px; font-style: normal; font-weight: normal; line-height: 17px; text-decoration: none; word-wrap: break-word;\" href=\"https:\/\/www.instagram.com\/p\/BxqW4GvFPoq\/\" target=\"_blank\" rel=\"noopener\">Fueego!! \ud83d\udd25\ud83d\udd25\ud83d\udd25 #Repost @katyperry \u30fb\u30fb\u30fb Tonight&#8217;s #AmericanIdol finale is not just WIG &#8211; it&#8217;s 76 wigs (and a little bit of fringe) \ud83d\udc85\ud83c\udffb wait for it #ConCalma<\/a><\/p>\n<p>Una publicaci\u00f3n compartida de <a style=\"color: #c9c8cd; font-family: Arial,sans-serif; font-size: 14px; font-style: normal; font-weight: normal; line-height: 17px;\" href=\"https:\/\/www.instagram.com\/daddyyankee\/\" target=\"_blank\" rel=\"noopener\"> Daddy Yankee<\/a> (@daddyyankee) el <time style=\"font-family: Arial,sans-serif; font-size: 14px; line-height: 17px;\" datetime=\"2019-05-19T23:02:34+00:00\">19 May, 2019 a las 4:02 PDT<\/time>\n<\/div>\n<\/blockquote>\n<p><script src=\"\/\/www.instagram.com\/embed.js\" async=\"\"><\/script><\/p>\n<p style=\"text-align: justify;\">Se supo que ambos artistas tuvieron oportunidad de conocerse en persona durante los ensayos para esta presentaci\u00f3n que fue una de las m\u00e1s espectaculares dentro de esa producci\u00f3n con grandes efectos proyectados en una pantalla y una silla repleta de pelucas que utiliz\u00f3 Perry. Previo a este encuentro, los int\u00e9rpretes conversaron v\u00eda Facetime para coordinar los detalles de la grabaci\u00f3n del remix.<\/p>\n<blockquote class=\"instagram-media\" style=\"background: #FFF; border: 0; border-radius: 3px; box-shadow: 0 0 1px 0 rgba(0,0,0,0.5),0 1px 10px 0 rgba(0,0,0,0.15); margin: 1px; max-width: 540px; min-width: 326px; padding: 0; width: calc(100% - 2px);\" data-instgrm-captioned=\"\" data-instgrm-permalink=\"https:\/\/www.instagram.com\/p\/Bxqrx40nEfN\/\" data-instgrm-version=\"12\">\n<div style=\"padding: 16px;\">\n<p>&nbsp;<\/p>\n<div style=\"display: flex; flex-direction: row; align-items: center;\"><\/div>\n<div style=\"padding: 19% 0;\"><\/div>\n<div style=\"display: block; height: 50px; margin: 0 auto 12px; width: 50px;\"><\/div>\n<div style=\"padding-top: 8px;\">\n<div style=\"color: #3897f0; font-family: Arial,sans-serif; font-size: 14px; font-style: normal; font-weight: 550; line-height: 18px;\">Ver esta publicaci\u00f3n en Instagram<\/div>\n<\/div>\n<div style=\"padding: 12.5% 0;\"><\/div>\n<div style=\"display: flex; flex-direction: row; margin-bottom: 14px; align-items: center;\"><\/div>\n<p>&nbsp;<\/p>\n<p style=\"margin: 8px 0 0 0; padding: 0 4px;\"><a style=\"color: #000; font-family: Arial,sans-serif; font-size: 14px; font-style: normal; font-weight: normal; line-height: 17px; text-decoration: none; word-wrap: break-word;\" href=\"https:\/\/www.instagram.com\/p\/Bxqrx40nEfN\/\" target=\"_blank\" rel=\"noopener\">Always remember ur roots \ud83d\udc81\ud83c\udffc\u200d\u2640\ufe0f<\/a><\/p>\n<p style=\"color: #c9c8cd; font-family: Arial,sans-serif; font-size: 14px; line-height: 17px; margin-bottom: 0; margin-top: 8px; overflow: hidden; padding: 8px 0 7px; text-align: center; text-overflow: ellipsis; white-space: nowrap;\">Una publicaci\u00f3n compartida de <a style=\"color: #c9c8cd; font-family: Arial,sans-serif; font-size: 14px; font-style: normal; font-weight: normal; line-height: 17px;\" href=\"https:\/\/www.instagram.com\/katyperry\/\" target=\"_blank\" rel=\"noopener\"> KATY PERRY<\/a> (@katyperry) el <time style=\"font-family: Arial,sans-serif; font-size: 14px; line-height: 17px;\" datetime=\"2019-05-20T02:05:13+00:00\">19 May, 2019 a las 7:05 PDT<\/time><\/p>\n<\/div>\n<\/blockquote>\n<p><script src=\"\/\/www.instagram.com\/embed.js\" async=\"\"><\/script><\/p>\n<p>Por raz\u00f3n que, Daddy Yankee har\u00e1 una representaci\u00f3n completa de la raza latina al cantar nuevamente en espa\u00f1ol a trav\u00e9s de la pantalla estadounidense. Previo a este show, lo hizo en el programa \u201cThe Late Late Show with James Corden\u201d, de CBS.<\/p>\n<p><iframe loading=\"lazy\" src=\"https:\/\/www.youtube.com\/embed\/lmCEZhb-z-Q\" width=\"560\" height=\"315\" frameborder=\"0\" allowfullscreen=\"allowfullscreen\"><\/iframe><\/p>\n<p>\u201cCon calma\u201d es una pista que combina reguet\u00f3n y dance uptempo, innovando as\u00ed el tema \u201cInformer\u201d que populariz\u00f3 el int\u00e9rprete de reggae canadiense Snow en 1993.<\/p>\n<blockquote class=\"instagram-media\" style=\"background: #FFF; border: 0; border-radius: 3px; box-shadow: 0 0 1px 0 rgba(0,0,0,0.5),0 1px 10px 0 rgba(0,0,0,0.15); margin: 1px; max-width: 540px; min-width: 326px; padding: 0; width: calc(100% - 2px);\" data-instgrm-captioned=\"\" data-instgrm-permalink=\"https:\/\/www.instagram.com\/p\/Bxq3ZcLFTxs\/\" data-instgrm-version=\"12\">\n<div style=\"padding: 16px;\">\n&nbsp;<\/p>\n<div style=\"display: flex; flex-direction: row; align-items: center;\"><\/div>\n<div style=\"padding: 19% 0;\"><\/div>\n<div style=\"display: block; height: 50px; margin: 0 auto 12px; width: 50px;\"><\/div>\n<div style=\"padding-top: 8px;\">\n<div style=\"color: #3897f0; font-family: Arial,sans-serif; font-size: 14px; font-style: normal; font-weight: 550; line-height: 18px;\">Ver esta publicaci\u00f3n en Instagram<\/div>\n<\/div>\n<div style=\"padding: 12.5% 0;\"><\/div>\n<div style=\"display: flex; flex-direction: row; margin-bottom: 14px; align-items: center;\"><\/div>\n<p>&nbsp;<\/p>\n<p><a style=\"color: #000; font-family: Arial,sans-serif; font-size: 14px; font-style: normal; font-weight: normal; line-height: 17px; text-decoration: none; word-wrap: break-word;\" href=\"https:\/\/www.instagram.com\/p\/Bxq3ZcLFTxs\/\" target=\"_blank\" rel=\"noopener\">Con Calma Remix fueego! #SummerAnthem \ud83d\udd25 @americanidol \ud83c\udf34 @katyperry<\/a><\/p>\n<p>Una publicaci\u00f3n compartida de <a style=\"color: #c9c8cd; font-family: Arial,sans-serif; font-size: 14px; font-style: normal; font-weight: normal; line-height: 17px;\" href=\"https:\/\/www.instagram.com\/daddyyankee\/\" target=\"_blank\" rel=\"noopener\"> Daddy Yankee<\/a> (@daddyyankee) el <time style=\"font-family: Arial,sans-serif; font-size: 14px; line-height: 17px;\" datetime=\"2019-05-20T03:46:44+00:00\">19 May, 2019 a las 8:46 PDT<\/time>\n<\/div>\n<\/blockquote>\n<p><script src=\"\/\/www.instagram.com\/embed.js\" async=\"\"><\/script><\/p>\n<p style=\"text-align: justify;\">Daddy Yankee comenzar\u00e1 una nueva gira de conciertos por Europa el 31 de mayo, teniendo a Bruselas, B\u00e9lgica, como la primera parada. Continuar\u00e1 por Espa\u00f1a, Italia, Suiza, Francia, Polonia e Inglaterra.<\/p>\n<blockquote class=\"instagram-media\" style=\"background: #FFF; border: 0; border-radius: 3px; box-shadow: 0 0 1px 0 rgba(0,0,0,0.5),0 1px 10px 0 rgba(0,0,0,0.15); margin: 1px; max-width: 540px; min-width: 326px; padding: 0; width: calc(100% - 2px);\" data-instgrm-captioned=\"\" data-instgrm-permalink=\"https:\/\/www.instagram.com\/p\/Bxn6zkHFv3K\/\" data-instgrm-version=\"12\">\n<div style=\"padding: 16px;\">\n<p>&nbsp;<\/p>\n<div style=\"display: flex; flex-direction: row; align-items: center;\"><\/div>\n<div style=\"padding: 19% 0;\"><\/div>\n<div style=\"display: block; height: 50px; margin: 0 auto 12px; width: 50px;\"><\/div>\n<div style=\"padding-top: 8px;\">\n<div style=\"color: #3897f0; font-family: Arial,sans-serif; font-size: 14px; font-style: normal; font-weight: 550; line-height: 18px;\">Ver esta publicaci\u00f3n en Instagram<\/div>\n<\/div>\n<div style=\"padding: 12.5% 0;\"><\/div>\n<div style=\"display: flex; flex-direction: row; margin-bottom: 14px; align-items: center;\"><\/div>\n<p>&nbsp;<\/p>\n<p style=\"margin: 8px 0 0 0; padding: 0 4px;\"><a style=\"color: #000; font-family: Arial,sans-serif; font-size: 14px; font-style: normal; font-weight: normal; line-height: 17px; text-decoration: none; word-wrap: break-word;\" href=\"https:\/\/www.instagram.com\/p\/Bxn6zkHFv3K\/\" target=\"_blank\" rel=\"noopener\">Llegando a los ensayos de #americanidol. No se pierdan ma\u00f1ana mi presentaci\u00f3n junto a @katyperry, cantando por primera vez #ConCalmaRemix www.daddyyankee.com\/shop \ud83d\udc48\ud83c\udffd para la ropa!<\/a><\/p>\n<p style=\"color: #c9c8cd; font-family: Arial,sans-serif; font-size: 14px; line-height: 17px; margin-bottom: 0; margin-top: 8px; overflow: hidden; padding: 8px 0 7px; text-align: center; text-overflow: ellipsis; white-space: nowrap;\">Una publicaci\u00f3n compartida de <a style=\"color: #c9c8cd; font-family: Arial,sans-serif; font-size: 14px; font-style: normal; font-weight: normal; line-height: 17px;\" href=\"https:\/\/www.instagram.com\/daddyyankee\/\" target=\"_blank\" rel=\"noopener\"> Daddy Yankee<\/a> (@daddyyankee) el <time style=\"font-family: Arial,sans-serif; font-size: 14px; line-height: 17px;\" datetime=\"2019-05-19T00:18:47+00:00\">18 May, 2019 a las 5:18 PDT<\/time><\/p>\n<\/div>\n<\/blockquote>\n<p><script src=\"\/\/www.instagram.com\/embed.js\" async=\"\"><\/script><\/p>\n<p>&nbsp;<\/p>\n<h6>Fuente: Primera Hora<\/h6>\n","protected":false},"excerpt":{"rendered":"<p>En primer lugar la final de la popular de competencia de talento \u201cAmerican Idol\u201d bail\u00f3 a ritmo de reguet\u00f3n, pues sobre su famoso escenario se present\u00f3 el int\u00e9rprete urbano puertorrique\u00f1o Daddy Yankee junto a la cantante estadounidense Katy Perry y cantaron por primera vez en vivo la versi\u00f3n remix del \u00e9xito \u201cCon calma\u201d. &nbsp; Ver [&hellip;]<\/p>\n","protected":false},"author":1,"featured_media":1831,"comment_status":"open","ping_status":"open","sticky":false,"template":"","format":"standard","meta":{"footnotes":""},"categories":[121],"tags":[395,654,856,1539,1851,2063,2777,2957,3086,3142,3311,3723,3820,4087,5141,5343,5812,5860,6162,6270,6364,6637,6853,7013,7067,7265,7663,7907],"class_list":["post-1830","post","type-post","status-publish","format-standard","has-post-thumbnail","category-noticias-musicales","tag-abc","tag-american-idol","tag-artistas","tag-cbs","tag-con-calma","tag-daddy-yankee","tag-espectaculares","tag-facetime","tag-final","tag-francia","tag-grabacion","tag-inglaterra","tag-italia","tag-katy-perry","tag-musica","tag-noche-a-ritmo","tag-plataformas-digitales","tag-polonia","tag-puertorriqueno","tag-raza-latina","tag-regueton","tag-sabor","tag-show","tag-spana","tag-suiza","tag-the-late-late-show-with-james-corden","tag-version-remix","tag-youtube"],"_links":{"self":[{"href":"https:\/\/starsworldproduction.com\/web\/wp-json\/wp\/v2\/posts\/1830","targetHints":{"allow":["GET"]}}],"collection":[{"href":"https:\/\/starsworldproduction.com\/web\/wp-json\/wp\/v2\/posts"}],"about":[{"href":"https:\/\/starsworldproduction.com\/web\/wp-json\/wp\/v2\/types\/post"}],"author":[{"embeddable":true,"href":"https:\/\/starsworldproduction.com\/web\/wp-json\/wp\/v2\/users\/1"}],"replies":[{"embeddable":true,"href":"https:\/\/starsworldproduction.com\/web\/wp-json\/wp\/v2\/comments?post=1830"}],"version-history":[{"count":0,"href":"https:\/\/starsworldproduction.com\/web\/wp-json\/wp\/v2\/posts\/1830\/revisions"}],"wp:featuredmedia":[{"embeddable":true,"href":"https:\/\/starsworldproduction.com\/web\/wp-json\/wp\/v2\/media\/1831"}],"wp:attachment":[{"href":"https:\/\/starsworldproduction.com\/web\/wp-json\/wp\/v2\/media?parent=1830"}],"wp:term":[{"taxonomy":"category","embeddable":true,"href":"https:\/\/starsworldproduction.com\/web\/wp-json\/wp\/v2\/categories?post=1830"},{"taxonomy":"post_tag","embeddable":true,"href":"https:\/\/starsworldproduction.com\/web\/wp-json\/wp\/v2\/tags?post=1830"}],"curies":[{"name":"wp","href":"https:\/\/api.w.org\/{rel}","templated":true}]}}