{"id":1938,"date":"2019-06-20T12:15:48","date_gmt":"2019-06-20T12:15:48","guid":{"rendered":"https:\/\/www.starsworldproduction.com\/?p=1938"},"modified":"2019-06-20T12:15:48","modified_gmt":"2019-06-20T12:15:48","slug":"mira-la-increible-gira-europa-daddy-yankee","status":"publish","type":"post","link":"https:\/\/starsworldproduction.com\/web\/2019\/06\/20\/mira-la-increible-gira-europa-daddy-yankee\/","title":{"rendered":"\u00a1Mira la incre\u00edble gira por Europa de Daddy Yankee!"},"content":{"rendered":"<p id=\"p635783-m525-524-526\" class=\"parrafo first-parrafo\" style=\"text-align: justify;\">En primer lugar el cantante puertorrique\u00f1o de m\u00fasica urbana\u00a0<b>Daddy Yankee <\/b>hab\u00eda<b>\u00a0<\/b>anunci\u00f3 una nueva gira de conciertos por Europa que lo llevar\u00e1 a:<\/p>\n<ul>\n<li class=\"parrafo first-parrafo\" style=\"text-align: justify;\">Suiza.<\/li>\n<li class=\"parrafo first-parrafo\" style=\"text-align: justify;\">Espa\u00f1a.<\/li>\n<li class=\"parrafo first-parrafo\" style=\"text-align: justify;\">Francia<\/li>\n<li class=\"parrafo first-parrafo\" style=\"text-align: justify;\">Inglaterra, entre otros.<\/li>\n<li class=\"parrafo first-parrafo\" style=\"text-align: justify;\"><\/li>\n<\/ul>\n<figure id=\"attachment_2214\" aria-describedby=\"caption-attachment-2214\" style=\"width: 466px\" class=\"wp-caption alignnone\"><img loading=\"lazy\" loading=\"lazy\" decoding=\"async\" class=\"wp-image-2214 size-full\" src=\"https:\/\/www.starsworldproduction.com\/wp-content\/uploads\/2019\/06\/gira-daddy-yankee-instagram-stars-world-production.png\" alt=\"gira-daddy-yankee-instagram-stars-world-production\" width=\"466\" height=\"588\" \/><figcaption id=\"caption-attachment-2214\" class=\"wp-caption-text\">Gira por Europa de Daddy Yankee. (Foto: Instagram)<\/figcaption><\/figure>\n<p class=\"parrafo first-parrafo\" style=\"text-align: justify;\">Por la raz\u00f3n que empez\u00f3 el 31 de mayo en Bruselas (B\u00e9lgica), y estar\u00e1 en cerca de 15 ciudades, entre estas:<\/p>\n<ul>\n<li class=\"parrafo first-parrafo\" style=\"text-align: justify;\">Madrid.<\/li>\n<li class=\"parrafo first-parrafo\" style=\"text-align: justify;\">Zurich.<\/li>\n<li class=\"parrafo first-parrafo\" style=\"text-align: justify;\">Par\u00eds.<\/li>\n<li class=\"parrafo first-parrafo\" style=\"text-align: justify;\">Cracovia.<\/li>\n<li class=\"parrafo first-parrafo\" style=\"text-align: justify;\">Mil\u00e1n.<\/li>\n<li class=\"parrafo first-parrafo\" style=\"text-align: justify;\">Londres.<\/li>\n<li class=\"parrafo first-parrafo\" style=\"text-align: justify;\">Ibiza.<\/li>\n<\/ul>\n<figure id=\"attachment_2215\" aria-describedby=\"caption-attachment-2215\" style=\"width: 389px\" class=\"wp-caption alignnone\"><img loading=\"lazy\" loading=\"lazy\" decoding=\"async\" class=\"wp-image-2215 \" src=\"https:\/\/www.starsworldproduction.com\/wp-content\/uploads\/2019\/06\/daddy-yankee-instagram-stars-world-production.png\" alt=\"daddy-yankee-instagram-stars-world-production\" width=\"389\" height=\"534\" \/><figcaption id=\"caption-attachment-2215\" class=\"wp-caption-text\">Daddy Yankee en concierto. (Foto: Instagram)<\/figcaption><\/figure>\n<p class=\"parrafo first-parrafo\" style=\"text-align: justify;\">Como \u00faltimo destino de esta primera etapa, decidi\u00f3 incluir a Tel Aviv, seg\u00fan un comunicado difundido por la empresa Perfect Partners.<\/p>\n<p style=\"text-align: justify;\">El \u00abKing Daddy\u00bb, destacado por CNN y Time Magazine como uno de los hispanos m\u00e1s influyentes del mundo, lo cual ha revivido con sus seguidores alrededor de una veintena de los \u00e9xitos que definen su trayectoria y que son un referente dentro del g\u00e9nero urbano, como son:<\/p>\n<ul>\n<li style=\"text-align: justify;\">\u00abGasolina\u00bb<\/li>\n<li style=\"text-align: justify;\">\u00abShaky Shaky\u00bb<\/li>\n<li style=\"text-align: justify;\">\u00abDespacito\u00bb<\/li>\n<li style=\"text-align: justify;\">\u00abDura\u00bb<\/li>\n<\/ul>\n<p style=\"text-align: justify;\">Y el m\u00e1s reciente, \u00abCon calma\u00bb,\u00a0la cual nombr\u00f3 a\u00a0su gira.<\/p>\n<p><script src=\"\/\/www.instagram.com\/embed.js\" async=\"\"><\/script><\/p>\n<p>Esta nueva pista de reguet\u00f3n\/dance, que hace una adaptaci\u00f3n del tema \u00abInformer\u00bb (1993) del int\u00e9rprete de reggae canadiense Snow, contin\u00faa arriba de la lista de los:<\/p>\n<h4>\u00abHot Latin Songs\u00bb, de Billboard.<\/h4>\n<p><script src=\"\/\/www.instagram.com\/embed.js\" async=\"\"><\/script><\/p>\n<p id=\"p635783-m555-4-556\" class=\"parrafo first-parrafo\" style=\"text-align: justify;\">Adem\u00e1s, se mantiene en el:<\/p>\n<p class=\"parrafo first-parrafo\" style=\"text-align: justify;\"><strong> 35 de los \u00abHot 100\u00bb en el plano global.<\/strong><\/p>\n<p class=\"parrafo first-parrafo\" style=\"text-align: justify;\">Cabe destacar la versi\u00f3n remix con la cantante estadounidense Katy Perry ocupa ahora la primera posici\u00f3n de la lista:<\/p>\n<p class=\"parrafo first-parrafo\" style=\"text-align: justify;\"><strong>\u00abLatin Digital Songs\u00bb, tambi\u00e9n de Billboard.<\/strong><\/p>\n<p class=\"parrafo first-parrafo\" style=\"text-align: justify;\">Adem\u00e1s, la estrella puertorrique\u00f1a ser\u00e1 el productor ejecutivo de un nuevo concurso televisivo que busca descubrir a la pr\u00f3xima \u00abreina\u00bb de la m\u00fasica latina.<\/p>\n<figure id=\"attachment_2216\" aria-describedby=\"caption-attachment-2216\" style=\"width: 529px\" class=\"wp-caption alignnone\"><img loading=\"lazy\" loading=\"lazy\" decoding=\"async\" class=\"wp-image-2216 size-full\" src=\"https:\/\/www.starsworldproduction.com\/wp-content\/uploads\/2019\/06\/reina-de-la-cancion-daddy-yankee-instagram-stars-world-production.png\" alt=\"reina-de-la-cancion-daddy-yankee-instagram-stars-world-production\" width=\"529\" height=\"533\" \/><figcaption id=\"caption-attachment-2216\" class=\"wp-caption-text\">Daddy Yankee en la \u201cReina de la Canci\u00f3n\u201d. (Foto: Instagram)<\/figcaption><\/figure>\n<p>El programa contar\u00e1 con artistas y expertos del sector para que contribuyan al desarrollo musical y asesoren a mujeres que competir\u00e1n para ser la pr\u00f3xima superestrella de la m\u00fasica latina.<\/p>\n<p><script src=\"\/\/www.instagram.com\/embed.js\" async=\"\"><\/script><\/p>\n<p id=\"p635783-m580-9-581\" class=\"parrafo first-parrafo\" style=\"text-align: justify;\">Por la raz\u00f3n que las audiciones para encontrar a los concursantes se desarrollar\u00e1n durante Junio y Julio en Miami, Chicago, Nueva York, San Antonio, Los \u00c1ngeles y Puerto Rico.<\/p>\n<p>&nbsp;<\/p>\n<h6><\/h6>\n","protected":false},"excerpt":{"rendered":"<p>En primer lugar el cantante puertorrique\u00f1o de m\u00fasica urbana\u00a0Daddy Yankee hab\u00eda\u00a0anunci\u00f3 una nueva gira de conciertos por Europa que lo llevar\u00e1 a: Suiza. Espa\u00f1a. Francia Inglaterra, entre otros. Por la raz\u00f3n que empez\u00f3 el 31 de mayo en Bruselas (B\u00e9lgica), y estar\u00e1 en cerca de 15 ciudades, entre estas: Madrid. Zurich. Par\u00eds. Cracovia. Mil\u00e1n. Londres. [&hellip;]<\/p>\n","protected":false},"author":1,"featured_media":1939,"comment_status":"open","ping_status":"open","sticky":false,"template":"","format":"standard","meta":{"footnotes":""},"categories":[121],"tags":[1079,1124,1250,1718,1851,1976,2063,2207,2435,2767,2868,2914,3088,3142,3228,3274,3524,3565,3604,3719,3723,3744,4087,4111,4295,4511,4624,4785,4995,5141,5663,5753,6080,6332,6367,6381,6841,7067,7312,7377,7943],"class_list":["post-1938","post","type-post","status-publish","format-standard","has-post-thumbnail","category-noticias-musicales","tag-belgica","tag-billboard","tag-bruselas","tag-cnn","tag-con-calma","tag-cracovia","tag-daddy-yankee","tag-despacito","tag-dura","tag-espana","tag-europa","tag-exito","tag-finales","tag-francia","tag-gasolina","tag-gira","tag-hit","tag-hot-latin-songs","tag-ibiza","tag-informer","tag-inglaterra","tag-instagram","tag-katy-perry","tag-king-daddy","tag-latin-digital-song","tag-londres","tag-madrid","tag-mayo","tag-milan","tag-musica","tag-paris","tag-perfect-partners","tag-programa","tag-redes-sociales","tag-reguetondance","tag-reina-de-la-musica-latina","tag-shaky-shaky","tag-suiza","tag-time-magazine","tag-tour","tag-zurich"],"_links":{"self":[{"href":"https:\/\/starsworldproduction.com\/web\/wp-json\/wp\/v2\/posts\/1938","targetHints":{"allow":["GET"]}}],"collection":[{"href":"https:\/\/starsworldproduction.com\/web\/wp-json\/wp\/v2\/posts"}],"about":[{"href":"https:\/\/starsworldproduction.com\/web\/wp-json\/wp\/v2\/types\/post"}],"author":[{"embeddable":true,"href":"https:\/\/starsworldproduction.com\/web\/wp-json\/wp\/v2\/users\/1"}],"replies":[{"embeddable":true,"href":"https:\/\/starsworldproduction.com\/web\/wp-json\/wp\/v2\/comments?post=1938"}],"version-history":[{"count":0,"href":"https:\/\/starsworldproduction.com\/web\/wp-json\/wp\/v2\/posts\/1938\/revisions"}],"wp:featuredmedia":[{"embeddable":true,"href":"https:\/\/starsworldproduction.com\/web\/wp-json\/wp\/v2\/media\/1939"}],"wp:attachment":[{"href":"https:\/\/starsworldproduction.com\/web\/wp-json\/wp\/v2\/media?parent=1938"}],"wp:term":[{"taxonomy":"category","embeddable":true,"href":"https:\/\/starsworldproduction.com\/web\/wp-json\/wp\/v2\/categories?post=1938"},{"taxonomy":"post_tag","embeddable":true,"href":"https:\/\/starsworldproduction.com\/web\/wp-json\/wp\/v2\/tags?post=1938"}],"curies":[{"name":"wp","href":"https:\/\/api.w.org\/{rel}","templated":true}]}}