{"id":1941,"date":"2019-06-19T12:15:00","date_gmt":"2019-06-19T12:15:00","guid":{"rendered":"https:\/\/www.starsworldproduction.com\/?p=1941"},"modified":"2019-06-19T12:15:00","modified_gmt":"2019-06-19T12:15:00","slug":"alessia-cara-juanes-se-unen-querer-mejor-nuevo-tema-del-colombiano","status":"publish","type":"post","link":"https:\/\/starsworldproduction.com\/web\/2019\/06\/19\/alessia-cara-juanes-se-unen-querer-mejor-nuevo-tema-del-colombiano\/","title":{"rendered":"Alessia Cara y Juanes se unen para \u00abQuerer mejor\u00bb, el nuevo tema del colombiano"},"content":{"rendered":"<p style=\"text-align: justify;\"><b>Colombia<\/b>\u00a0y\u00a0<b>Canad\u00e1<\/b>\u00a0se unieron musicalmente. Esta vez, por iniciativa de\u00a0<b>Juanes<\/b>, quien colabor\u00f3 con\u00a0<b>Alessia Cara<\/b>\u00a0para\u00a0<b>\u00abQuerer mejor\u00bb,<\/b>\u00a0el m\u00e1s reciente tema del int\u00e9rprete colombiano y el cual formar\u00e1 parte de su nuevo disco.<\/p>\n<p><script src=\"\/\/www.instagram.com\/embed.js\" async=\"\"><\/script><\/p>\n<p>En la canci\u00f3n, escuchamos a\u00a0Cara cantar en espa\u00f1ol por primera vez.<b>\u00a0<\/b>Tendencia que diversos artistas ajenos al habla hispana vienen siguiendo en los \u00faltimos a\u00f1os.<\/p>\n<p><script src=\"\/\/www.instagram.com\/embed.js\" async=\"\"><\/script><\/p>\n<p style=\"text-align: justify;\"><i>\u00abElla es canadiense, pero tiene ra\u00edces italianas.\u00a0<b>Por eso pronuncia el espa\u00f1ol casi a la perfecci\u00f3n, no tiene acento.<\/b>\u00a0Nos quedamos en shock. El resultado final es incre\u00edble\u00bb.<\/i><\/p>\n<figure id=\"attachment_2198\" aria-describedby=\"caption-attachment-2198\" style=\"width: 517px\" class=\"wp-caption alignnone\"><img loading=\"lazy\" loading=\"lazy\" decoding=\"async\" class=\"wp-image-2198 size-full\" src=\"https:\/\/www.starsworldproduction.com\/wp-content\/uploads\/2019\/05\/querer-mejor-instagram-stars-world-production.png\" alt=\"querer-mejor-instagram-stars-world-production\" width=\"517\" height=\"331\" \/><figcaption id=\"caption-attachment-2198\" class=\"wp-caption-text\">\u00abQuerer mejor\u00bb. (Foto: Instagram)<\/figcaption><\/figure>\n<p style=\"text-align: justify;\">Explic\u00f3\u00a0<b>Juanes<\/b>\u00a0en una entrevista con:<\/p>\n<p style=\"text-align: justify;\">\u00a0<b>Entertainment Tonight.<\/b><\/p>\n<p>\u00abQuerer mejor\u00bb se trata de una balada fusi\u00f3n con pop\/R&amp;B en la que adem\u00e1s de Juanes y Alessia Cara,\u00a0<b>cuenta con:<\/b><\/p>\n<p><b>Mau y Ricky Montaner\u00a0y Camilo Echeverry <\/b>en la composici\u00f3n.<\/p>\n<p><iframe loading=\"lazy\" src=\"https:\/\/www.youtube.com\/embed\/mQ4o4Wcda_s\" width=\"560\" height=\"315\" frameborder=\"0\" allowfullscreen=\"allowfullscreen\"><\/iframe><\/p>\n<p style=\"text-align: justify;\">Aunque el hecho de cantar en espa\u00f1ol \u2014camino al que artistas como\u00a0<b>Justin Bieber,\u00a0Becky G,\u00a0Alicia Keys\u00a0y\u00a0Katy Perry\u00a0<\/b>se han sumado recientemente\u2014 puede parecer una novedad, lo cierto es que este es una moda de la que otros artistas ya hab\u00edan participado en los a\u00f1os noventa.<\/p>\n<h4 style=\"text-align: justify;\"><strong>Despacito &#8211; Remix:<\/strong><\/h4>\n<p><iframe loading=\"lazy\" src=\"https:\/\/www.youtube.com\/embed\/72UO0v5ESUo\" width=\"560\" height=\"315\" frameborder=\"0\" allowfullscreen=\"allowfullscreen\"><\/iframe><\/p>\n<h4><strong>Con Calma &#8211; Remix:<\/strong><\/h4>\n<p><iframe loading=\"lazy\" src=\"https:\/\/www.youtube.com\/embed\/lmCEZhb-z-Q\" width=\"560\" height=\"315\" frameborder=\"0\" allowfullscreen=\"allowfullscreen\"><\/iframe><\/p>\n<p style=\"text-align: justify;\">Mucho antes de los fen\u00f3menos de las\u00a0<b><i>&#8216;boybands&#8217;<\/i>\u00a0como Backstreet Boys y N&#8217;SYNC,<\/b>\u00a0a fines de los a\u00f1os noventa para ser precisos, ya otros artistas como\u00a0<b>Robbie Williams<\/b>\u00a0y\u00a0<b>Christina Aguilera<\/b>\u00a0hab\u00edan cantado en espa\u00f1ol. Williams con la nueva versi\u00f3n de\u00a0<b>\u00ab\u00c1ngel\u00bb<\/b>\u00a0y Aguilera en 1999 con:<\/p>\n<h4>\u00a0<b>Genio atrapado:<\/b><\/h4>\n<p><iframe loading=\"lazy\" src=\"https:\/\/www.youtube.com\/embed\/WsYg48vuOTo\" width=\"560\" height=\"315\" frameborder=\"0\" allowfullscreen=\"allowfullscreen\"><\/iframe><\/p>\n<p style=\"text-align: justify;\">Si bien, en el pasado, muchos artistas pueden haber optado por cantar en espa\u00f1ol por el simple hecho de conquistar nuevos mercados, hoy son los m\u00fasicos latinos los que marcan la pauta.\u00a0Sobre todo en los ritmos urbanos respecta, pues la m\u00fasica de\u00a0<b>J Balvin,<\/b>\u00a0por ejemplo, lo ha llevado a presentarse en festivales como<b>\u00a0Coachella,<\/b>\u00a0algo que nunca antes hab\u00eda ocurrido.<\/p>\n<p>&nbsp;<\/p>\n","protected":false},"excerpt":{"rendered":"<p>Colombia\u00a0y\u00a0Canad\u00e1\u00a0se unieron musicalmente. Esta vez, por iniciativa de\u00a0Juanes, quien colabor\u00f3 con\u00a0Alessia Cara\u00a0para\u00a0\u00abQuerer mejor\u00bb,\u00a0el m\u00e1s reciente tema del int\u00e9rprete colombiano y el cual formar\u00e1 parte de su nuevo disco. En la canci\u00f3n, escuchamos a\u00a0Cara cantar en espa\u00f1ol por primera vez.\u00a0Tendencia que diversos artistas ajenos al habla hispana vienen siguiendo en los \u00faltimos a\u00f1os. \u00abElla es canadiense, [&hellip;]<\/p>\n","protected":false},"author":1,"featured_media":1942,"comment_status":"open","ping_status":"open","sticky":false,"template":"","format":"standard","meta":{"footnotes":""},"categories":[121],"tags":[567,597,1000,1072,1352,1363,1373,1771,2706,2768,2914,3515,3524,3744,3779,4004,4046,4087,4774,5141,5426,6194,6332,7204],"class_list":["post-1941","post","type-post","status-publish","format-standard","has-post-thumbnail","category-noticias-musicales","tag-alessia-cara","tag-alicia-keys","tag-balada-fusionada","tag-becky-g","tag-camilo-echeverry","tag-canada","tag-cancion","tag-colombiano","tag-entertainment-tonight","tag-espanol","tag-exito","tag-hispana","tag-hit","tag-instagram","tag-interprete-colombiano","tag-juanes","tag-justin-bieber","tag-katy-perry","tag-mau-y-ricky-montaner","tag-musica","tag-nuevo-disco","tag-querer-mejor","tag-redes-sociales","tag-tema"],"_links":{"self":[{"href":"https:\/\/starsworldproduction.com\/web\/wp-json\/wp\/v2\/posts\/1941","targetHints":{"allow":["GET"]}}],"collection":[{"href":"https:\/\/starsworldproduction.com\/web\/wp-json\/wp\/v2\/posts"}],"about":[{"href":"https:\/\/starsworldproduction.com\/web\/wp-json\/wp\/v2\/types\/post"}],"author":[{"embeddable":true,"href":"https:\/\/starsworldproduction.com\/web\/wp-json\/wp\/v2\/users\/1"}],"replies":[{"embeddable":true,"href":"https:\/\/starsworldproduction.com\/web\/wp-json\/wp\/v2\/comments?post=1941"}],"version-history":[{"count":0,"href":"https:\/\/starsworldproduction.com\/web\/wp-json\/wp\/v2\/posts\/1941\/revisions"}],"wp:featuredmedia":[{"embeddable":true,"href":"https:\/\/starsworldproduction.com\/web\/wp-json\/wp\/v2\/media\/1942"}],"wp:attachment":[{"href":"https:\/\/starsworldproduction.com\/web\/wp-json\/wp\/v2\/media?parent=1941"}],"wp:term":[{"taxonomy":"category","embeddable":true,"href":"https:\/\/starsworldproduction.com\/web\/wp-json\/wp\/v2\/categories?post=1941"},{"taxonomy":"post_tag","embeddable":true,"href":"https:\/\/starsworldproduction.com\/web\/wp-json\/wp\/v2\/tags?post=1941"}],"curies":[{"name":"wp","href":"https:\/\/api.w.org\/{rel}","templated":true}]}}