{"id":2102,"date":"2019-07-11T12:15:04","date_gmt":"2019-07-11T12:15:04","guid":{"rendered":"https:\/\/www.starsworldproduction.com\/?p=2102"},"modified":"2019-07-11T12:15:04","modified_gmt":"2019-07-11T12:15:04","slug":"llego-mona-lisa-lo-nuevo-nacho-nicky-jam-te-sorprendera","status":"publish","type":"post","link":"https:\/\/starsworldproduction.com\/web\/2019\/07\/11\/llego-mona-lisa-lo-nuevo-nacho-nicky-jam-te-sorprendera\/","title":{"rendered":"Lleg\u00f3 \u00abMona Lisa\u00bb lo nuevo de Nacho y Nicky Jam que te sorprender\u00e1"},"content":{"rendered":"<p id=\"p641794-m521-520-522\" class=\"parrafo first-parrafo\" style=\"text-align: justify;\">En primer lugar el cantautor venezolano\u00a0<b>Nacho\u00a0<\/b>con el artista ganador de dos Latin Grammy\u00a0<b>Nicky Jam<\/b>\u00a0lanz\u00f3 su nuevo sencillo \u201cMona Lisa\u201d en\u00a0<b>YouTube\u00a0<\/b>y todas las plataformas de streaming.<\/p>\n<figure id=\"attachment_22296\" aria-describedby=\"caption-attachment-22296\" style=\"width: 566px\" class=\"wp-caption alignnone\"><img loading=\"lazy\" loading=\"lazy\" decoding=\"async\" class=\"wp-image-22296\" src=\"https:\/\/www.latinmaps.tv\/wp-content\/uploads\/2019\/06\/Captura-de-pantalla-2019-06-06-a-las-10.23.45.png\" alt=\"\" width=\"566\" height=\"365\" \/><figcaption id=\"caption-attachment-22296\" class=\"wp-caption-text\">Un proyecto enorme. Disponible en todos lados. (Foto: Instagram)<\/figcaption><\/figure>\n<p id=\"p641794-m531-1-532\" class=\"parrafo first-parrafo\" style=\"text-align: justify;\">Su nuevo tema tiene como ritmo el g\u00e9nero urbano y cuenta con algunas mezclas t\u00edpicas de ambos artistas.<\/p>\n<figure id=\"attachment_22297\" aria-describedby=\"caption-attachment-22297\" style=\"width: 445px\" class=\"wp-caption alignnone\"><img loading=\"lazy\" loading=\"lazy\" decoding=\"async\" class=\"wp-image-22297 \" src=\"https:\/\/www.latinmaps.tv\/wp-content\/uploads\/2019\/06\/Captura-de-pantalla-2019-06-06-a-las-10.25.22.png\" alt=\"\" width=\"445\" height=\"530\" \/><figcaption id=\"caption-attachment-22297\" class=\"wp-caption-text\">PROBLEM. (Foto: Instagram)<\/figcaption><\/figure>\n<p id=\"p641794-m536-2-537\" class=\"parrafo first-parrafo\" style=\"text-align: justify;\">Asimismo, en el videoclip de \u201cMona Lisa\u201d, el cual est\u00e1 ambientado en un detr\u00e1s de c\u00e1maras, se observa a\u00a0<b>Nacho<\/b>\u00a0y a\u00a0<b>Nicky Jam\u00a0<\/b>coqueteando cada uno con una chica, para posteriormente entonar el coro:<\/p>\n<p class=\"parrafo first-parrafo\" style=\"text-align: justify;\"><strong><i>Por encima de todo \u00abYo soy Leonardo, y tu Mona Lisa\u00bb.<\/i><\/strong><\/p>\n<h3><strong>Mira el video:\u00a0<\/strong><\/h3>\n<p><iframe loading=\"lazy\" src=\"https:\/\/www.youtube.com\/embed\/HVZm3Fle664\" width=\"560\" height=\"315\" frameborder=\"0\" allowfullscreen=\"allowfullscreen\"><\/iframe><\/p>\n<p id=\"p641794-m541-3-542\" class=\"parrafo first-parrafo\" style=\"text-align: justify;\"><i>Por la raz\u00f3n que \u201cEs muy interesante hacer esta colaboraci\u00f3n con Nicky, porque yo soy compositor desde el inicio de mi carrera y esta vez deje toda la responsabilidad de la canci\u00f3n en la pluma de Nicky<\/i>\u201d Adem\u00e1s se\u00f1al\u00f3\u00a0<b>Nacho<\/b>.<\/p>\n<p id=\"p641794-m546-4-547\" class=\"parrafo first-parrafo\" style=\"text-align: justify;\">Cabe se\u00f1alar que el nuevo tema de los cantantes en cuatro d\u00edas ha logrado m\u00e1s de 3 millones de reproducciones en\u00a0<b>YouTube.<\/b><\/p>\n<p class=\"parrafo first-parrafo\" style=\"text-align: justify;\"><b>\u00a0<\/b>Asimismo,\u00a0<b>Nacho\u00a0<\/b>recientemente estren\u00f3 su nuevo disco <strong>\u201cNacho en Vivo\u201d<\/strong>.<\/p>\n<p>&nbsp;<\/p>\n<h3><strong>\u00a1Esc\u00fachalo!<\/strong><\/h3>\n","protected":false},"excerpt":{"rendered":"<p>En primer lugar el cantautor venezolano\u00a0Nacho\u00a0con el artista ganador de dos Latin Grammy\u00a0Nicky Jam\u00a0lanz\u00f3 su nuevo sencillo \u201cMona Lisa\u201d en\u00a0YouTube\u00a0y todas las plataformas de streaming. Su nuevo tema tiene como ritmo el g\u00e9nero urbano y cuenta con algunas mezclas t\u00edpicas de ambos artistas. Asimismo, en el videoclip de \u201cMona Lisa\u201d, el cual est\u00e1 ambientado en [&hellip;]<\/p>\n","protected":false},"author":1,"featured_media":2103,"comment_status":"open","ping_status":"open","sticky":false,"template":"","format":"standard","meta":{"footnotes":""},"categories":[121],"tags":[643,831,845,3221,3241,4298,5052,5141,5182,5183,5276,5277,5421,5426,5440,5444,5809,5811,6778,6993,7040,7720,7907],"class_list":["post-2102","post","type-post","status-publish","format-standard","has-post-thumbnail","category-noticias-musicales","tag-ambos-artistas","tag-artista","tag-artista-ganador","tag-ganador","tag-genero-urbano","tag-latin-grammy","tag-mona-lisa","tag-musica","tag-nacho","tag-nacho-en-vivo","tag-nicky","tag-nicky-jam","tag-nuevo","tag-nuevo-disco","tag-nuevo-sencillo","tag-nuevo-tema","tag-plataformas","tag-plataformas-de-streaming","tag-sencillo","tag-sorprendera","tag-streaming","tag-videoclip","tag-youtube"],"_links":{"self":[{"href":"https:\/\/starsworldproduction.com\/web\/wp-json\/wp\/v2\/posts\/2102","targetHints":{"allow":["GET"]}}],"collection":[{"href":"https:\/\/starsworldproduction.com\/web\/wp-json\/wp\/v2\/posts"}],"about":[{"href":"https:\/\/starsworldproduction.com\/web\/wp-json\/wp\/v2\/types\/post"}],"author":[{"embeddable":true,"href":"https:\/\/starsworldproduction.com\/web\/wp-json\/wp\/v2\/users\/1"}],"replies":[{"embeddable":true,"href":"https:\/\/starsworldproduction.com\/web\/wp-json\/wp\/v2\/comments?post=2102"}],"version-history":[{"count":0,"href":"https:\/\/starsworldproduction.com\/web\/wp-json\/wp\/v2\/posts\/2102\/revisions"}],"wp:featuredmedia":[{"embeddable":true,"href":"https:\/\/starsworldproduction.com\/web\/wp-json\/wp\/v2\/media\/2103"}],"wp:attachment":[{"href":"https:\/\/starsworldproduction.com\/web\/wp-json\/wp\/v2\/media?parent=2102"}],"wp:term":[{"taxonomy":"category","embeddable":true,"href":"https:\/\/starsworldproduction.com\/web\/wp-json\/wp\/v2\/categories?post=2102"},{"taxonomy":"post_tag","embeddable":true,"href":"https:\/\/starsworldproduction.com\/web\/wp-json\/wp\/v2\/tags?post=2102"}],"curies":[{"name":"wp","href":"https:\/\/api.w.org\/{rel}","templated":true}]}}