{"id":2168,"date":"2019-07-25T12:15:56","date_gmt":"2019-07-25T12:15:56","guid":{"rendered":"https:\/\/www.starsworldproduction.com\/?p=2168"},"modified":"2019-07-25T12:15:56","modified_gmt":"2019-07-25T12:15:56","slug":"pesar-los-comentarios-fin-j-balvin-lanza-videoclip-junto-chris-brown-tyga","status":"publish","type":"post","link":"https:\/\/starsworldproduction.com\/web\/2019\/07\/25\/pesar-los-comentarios-fin-j-balvin-lanza-videoclip-junto-chris-brown-tyga\/","title":{"rendered":"A pesar de los comentarios por fin J Balvin lanza videoclip junto a Chris Brown y Tyga"},"content":{"rendered":"<p><span style=\"text-align: justify;\">Gran revuelo caus\u00f3 la noticia de que el reguetonero colombiano\u00a0<\/span><strong style=\"text-align: justify;\">J Balvin<\/strong><span style=\"text-align: justify;\">\u00a0preparaba una colaboraci\u00f3n con el cantante estadounidense\u00a0<\/span><strong style=\"text-align: justify;\">Chris Brown<\/strong><span style=\"text-align: justify;\">, quien lleva a\u00f1os en el ojo del hurac\u00e1n por violencia de g\u00e9nero.<\/span><\/p>\n<figure id=\"attachment_22326\" aria-describedby=\"caption-attachment-22326\" style=\"width: 557px\" class=\"wp-caption alignnone\"><img loading=\"lazy\" loading=\"lazy\" decoding=\"async\" class=\"wp-image-22326\" src=\"https:\/\/www.latinmaps.tv\/wp-content\/uploads\/2019\/06\/j-balvin-nuevo-tema-instagram-stars-world-production.png\" alt=\"\" width=\"557\" height=\"360\" \/><figcaption id=\"caption-attachment-22326\" class=\"wp-caption-text\">J Balvin y su nuevo tema con Chris Brown. (Foto: Instagram)<\/figcaption><\/figure>\n<div class=\"amp-instagram-converted\">\n<div class=\"amp-hidden\">\n<p style=\"text-align: justify;\">La noticia\u00a0le vali\u00f3 al paisa fuertes cr\u00edticas de sus seguidores\u00a0y muchos le pidieron que no lo hiciera. No obstante, en aquel momento Balvin dej\u00f3 claro que no mezclaba la vida personal de los artistas con el talento.<\/p>\n<p style=\"text-align: justify;\">Adem\u00e1s \u00abNo soy nadie para juzgar su vida personal, no soy adivino para conocer qu\u00e9 pas\u00f3. NO acepto ninguna violencia contra nadie pero SI aprecio el talento\u00bb, escribi\u00f3 en Twitter en aquel momento, lo que dio paso a pensar que la colaboraci\u00f3n saldr\u00eda de cualquier manera.<\/p>\n<h3><strong>Mira el video:<\/strong><\/h3>\n<p><iframe loading=\"lazy\" src=\"https:\/\/www.youtube.com\/embed\/0dAXyrDDQ58\" width=\"560\" height=\"315\" frameborder=\"0\" allowfullscreen=\"allowfullscreen\"><\/iframe><\/p>\n<p style=\"text-align: justify;\">Y aqu\u00ed est\u00e1\u00a0<strong><em>Haute<\/em><\/strong>, que se ha estrenado con videoclip en todas las plataformas, y como era de esperar las cr\u00edticas no han tardado.<\/p>\n<h4><strong>Algunos comentaros que est\u00e1n bombardeando el post de Instagram:<\/strong><\/h4>\n<ul style=\"list-style-type: square;\">\n<li>\u00abChris Brown es un cuasi FEMICIDA!!!<\/li>\n<li>Cu\u00e1l es tu problema??<\/li>\n<li>D\u00f3nde est\u00e1n tus neuronas? Tu humanidad? Tu empat\u00eda??\u00bb,<\/li>\n<li>\u00abGran tema con el golpeador de mujeres\u00bb<\/li>\n<li>\u00abQu\u00e9 les pasa a las personas que est\u00e1n apoyando esto?<\/li>\n<li>Qu\u00e9 les pasa realmente? No han visto las im\u00e1genes de Chris Brown ahorcando a su ex el A\u00d1O PASADO? O el rostro destrozado de Rihanna a\u00f1os atr\u00e1s?\u00bb<\/li>\n<\/ul>\n<p>&nbsp;<\/p>\n<\/div>\n<\/div>\n","protected":false},"excerpt":{"rendered":"<p>Gran revuelo caus\u00f3 la noticia de que el reguetonero colombiano\u00a0J Balvin\u00a0preparaba una colaboraci\u00f3n con el cantante estadounidense\u00a0Chris Brown, quien lleva a\u00f1os en el ojo del hurac\u00e1n por violencia de g\u00e9nero. La noticia\u00a0le vali\u00f3 al paisa fuertes cr\u00edticas de sus seguidores\u00a0y muchos le pidieron que no lo hiciera. No obstante, en aquel momento Balvin dej\u00f3 claro [&hellip;]<\/p>\n","protected":false},"author":1,"featured_media":2169,"comment_status":"open","ping_status":"open","sticky":false,"template":"","format":"standard","meta":{"footnotes":""},"categories":[121],"tags":[1403,1640,1733,1771,1785,2816,3469,3588,3744,3828,4040,4256,4648,4649,5141,5252,5399,5444,6332,6371,7123,7510,7513,7710,7720,7749],"class_list":["post-2168","post","type-post","status-publish","format-standard","has-post-thumbnail","category-noticias-musicales","tag-cantante","tag-chris-brown","tag-colaboracion","tag-colombiano","tag-comentarios","tag-estadounidense","tag-haute","tag-huracan","tag-instagram","tag-j-balvin","tag-junto","tag-lanza","tag-malos","tag-malos-comentarios","tag-musica","tag-new-single","tag-nueva-cancion","tag-nuevo-tema","tag-redes-sociales","tag-reguetonero","tag-talento","tag-twitter","tag-tyga","tag-vida-personal","tag-videoclip","tag-violencia-de-genero"],"_links":{"self":[{"href":"https:\/\/starsworldproduction.com\/web\/wp-json\/wp\/v2\/posts\/2168","targetHints":{"allow":["GET"]}}],"collection":[{"href":"https:\/\/starsworldproduction.com\/web\/wp-json\/wp\/v2\/posts"}],"about":[{"href":"https:\/\/starsworldproduction.com\/web\/wp-json\/wp\/v2\/types\/post"}],"author":[{"embeddable":true,"href":"https:\/\/starsworldproduction.com\/web\/wp-json\/wp\/v2\/users\/1"}],"replies":[{"embeddable":true,"href":"https:\/\/starsworldproduction.com\/web\/wp-json\/wp\/v2\/comments?post=2168"}],"version-history":[{"count":0,"href":"https:\/\/starsworldproduction.com\/web\/wp-json\/wp\/v2\/posts\/2168\/revisions"}],"wp:featuredmedia":[{"embeddable":true,"href":"https:\/\/starsworldproduction.com\/web\/wp-json\/wp\/v2\/media\/2169"}],"wp:attachment":[{"href":"https:\/\/starsworldproduction.com\/web\/wp-json\/wp\/v2\/media?parent=2168"}],"wp:term":[{"taxonomy":"category","embeddable":true,"href":"https:\/\/starsworldproduction.com\/web\/wp-json\/wp\/v2\/categories?post=2168"},{"taxonomy":"post_tag","embeddable":true,"href":"https:\/\/starsworldproduction.com\/web\/wp-json\/wp\/v2\/tags?post=2168"}],"curies":[{"name":"wp","href":"https:\/\/api.w.org\/{rel}","templated":true}]}}