{"id":2185,"date":"2019-07-12T12:15:30","date_gmt":"2019-07-12T12:15:30","guid":{"rendered":"https:\/\/www.starsworldproduction.com\/?p=2185"},"modified":"2019-07-12T12:15:30","modified_gmt":"2019-07-12T12:15:30","slug":"increible-alejandra-guzman-nueva-version-enfermedad-calamaro","status":"publish","type":"post","link":"https:\/\/starsworldproduction.com\/web\/2019\/07\/12\/increible-alejandra-guzman-nueva-version-enfermedad-calamaro\/","title":{"rendered":"Incre\u00edble Alejandra Guzm\u00e1n con nueva versi\u00f3n de \u00abMi enfermedad\u00bb de Calamaro"},"content":{"rendered":"<p id=\"p643101-m67-66-68\" class=\"parrafo first-parrafo\" style=\"text-align: justify;\">En primer lugar<b> Alejandra Guzm\u00e1n<\/b>\u00a0lanz\u00f3 este viernes al mercado el sencillo \u00abMi Enfermedad\u00bb. Adem\u00e1s una versi\u00f3n del tema de\u00a0<b>Andr\u00e9s Calamaro\u00a0<\/b>que sirve de adelanto del \u00e1lbum \u00abLive At The Roxy\u00bb, un tributo al rock de los a\u00f1os 1990.<\/p>\n<p id=\"p643101-m77-1-78\" class=\"parrafo first-parrafo\" style=\"text-align: justify;\"><b>Guzm\u00e1n\u00a0<\/b>confes\u00f3 en una entrevista con EFE que \u00abMi Enfermedad\u00bb se ha convertido en una de sus canciones favoritas del \u00e1lbum, grabado en directo en el ic\u00f3nico club Teatro Roxy de Los \u00c1ngeles (EE.UU.) y que ver\u00e1 la luz en septiembre.<\/p>\n<p id=\"p643101-m82-2-83\" class=\"parrafo first-parrafo\" style=\"text-align: justify;\"><b>Andr\u00e9s Calamaro\u00a0<\/b>escribi\u00f3:<\/p>\n<p class=\"parrafo first-parrafo\" style=\"text-align: justify;\">\u00abMi Enfermedad\u00bb en 1991 para el \u00e1lbum \u00abBuena Suerte\u00bb, el primero de estudio del grupo de rock hispano-argentino Los Rodr\u00edguez.<\/p>\n<p id=\"p643101-m87-3-88\" class=\"parrafo first-parrafo\" style=\"text-align: justify;\">Casi treinta a\u00f1os despu\u00e9s, el reconocido productor Sebastian Krys ha sido el encargado de darle un nuevo aire y producir este primer sencillo para\u00a0<b>Guzm\u00e1n<\/b>, lo que la artista mexicana describe como \u00abuna garant\u00eda de \u00e9xito\u00bb.<\/p>\n<figure id=\"attachment_22459\" aria-describedby=\"caption-attachment-22459\" style=\"width: 439px\" class=\"wp-caption alignnone\"><img loading=\"lazy\" loading=\"lazy\" decoding=\"async\" class=\"wp-image-22459\" src=\"https:\/\/www.latinmaps.tv\/wp-content\/uploads\/2019\/06\/alejandra-guzman-intagram-stars-world-production.png\" alt=\"\" width=\"439\" height=\"559\" \/><figcaption id=\"caption-attachment-22459\" class=\"wp-caption-text\">Alejandra Guzm\u00e1n. (Foto: Instagram)<\/figcaption><\/figure>\n<p id=\"p643101-m97-5-98\" class=\"parrafo first-parrafo\" style=\"text-align: justify;\"><i>\u00abLo adoro. Es muy exigente y profesional, bajo esa seriedad hay un gran ser, y el resultado es inmejorable\u00bb,<\/i>\u00a0dijo.<\/p>\n<p id=\"p643101-m102-6-103\" class=\"parrafo first-parrafo\" style=\"text-align: justify;\"><b>Guzm\u00e1n\u00a0<\/b>explic\u00f3 que otro de sus temas favoritos en \u00abLive At The Roxy\u00bb es \u00abAunque la vida sigue\u00bb, una de los dos canciones in\u00e9ditas del \u00e1lbum:<\/p>\n<p class=\"parrafo first-parrafo\" style=\"text-align: justify;\">\u00a0<i>\u00abTuve la oportunidad de escribirla (&#8230;) y me encanta la letra\u00bb<\/i><b>,<\/b>\u00a0subray\u00f3.<\/p>\n<p id=\"p643101-m107-7-108\" class=\"parrafo first-parrafo\" style=\"text-align: justify;\">La idea detr\u00e1s de \u00abLive At The Roxy\u00bb, explic\u00f3, es hacer un tributo a los grandes temas del rock de los a\u00f1os noventa que inspiraron a\u00a0<b>Guzm\u00e1n<\/b>:<\/p>\n<p class=\"parrafo first-parrafo\" style=\"text-align: justify;\">\u00abEs algo que siempre cant\u00e9, pero ahora en grande\u00bb.<\/p>\n<p id=\"p643101-m112-8-113\" class=\"parrafo first-parrafo\" style=\"text-align: justify;\">Otro gran triunfo que se ha anotado la artista mexicana con este \u00e1lbum producido por la compa\u00f1\u00eda discogr\u00e1fica Universal Music ha sido grabar en el Roxy de Los \u00c1ngeles, donde han actuado grandes figuras de la m\u00fasica estadounidense.<\/p>\n<figure id=\"attachment_22460\" aria-describedby=\"caption-attachment-22460\" style=\"width: 413px\" class=\"wp-caption alignnone\"><img loading=\"lazy\" loading=\"lazy\" decoding=\"async\" class=\"wp-image-22460\" src=\"https:\/\/www.latinmaps.tv\/wp-content\/uploads\/2019\/06\/tema-alejandra-guzman-intagram-stars-world-production.png\" alt=\"\" width=\"413\" height=\"535\" \/><figcaption id=\"caption-attachment-22460\" class=\"wp-caption-text\">Nuevo tema Alejandra Guzm\u00e1n. (Foto: Instagram)<\/figcaption><\/figure>\n<p id=\"p643101-m117-9-118\" class=\"parrafo first-parrafo\" style=\"text-align: justify;\"><i>\u00abFant\u00e1stico. Como todos saben es un lugar muy especial para el rock y de las dos opciones que ten\u00edamos se logr\u00f3 la mejor\u00bb,<\/i>\u00a0dijo.<\/p>\n<p id=\"p643101-m122-10-123\" class=\"parrafo first-parrafo\" style=\"text-align: justify;\">Guzm\u00e1n estrenar\u00e1 el \u00e1lbum el pr\u00f3ximo:<\/p>\n<p class=\"parrafo first-parrafo\" style=\"text-align: justify;\"><strong>7 de septiembre en Ciudad de M\u00e9xico<\/strong><\/p>\n<p class=\"parrafo first-parrafo\" style=\"text-align: justify;\">Lanzamiento en Estados Unidos ser\u00e1 el 15 de septiembre en Las Vegas (Nevada).<\/p>\n<p id=\"p643101-m127-11-128\" class=\"parrafo first-parrafo\" style=\"text-align: justify;\">Por el momento, el tema:<\/p>\n<p class=\"parrafo first-parrafo\" style=\"text-align: justify;\">\u00abMi Enfermedad\u00bb est\u00e1 disponible en todas las plataformas digitales.<\/p>\n<h3><strong>Mira el video del tema:\u00a0<\/strong><\/h3>\n<p><iframe loading=\"lazy\" src=\"https:\/\/www.youtube.com\/embed\/Rzs98422hZY\" width=\"560\" height=\"315\" frameborder=\"0\" allowfullscreen=\"allowfullscreen\"><\/iframe><\/p>\n<p>&nbsp;<\/p>\n","protected":false},"excerpt":{"rendered":"<p>En primer lugar Alejandra Guzm\u00e1n\u00a0lanz\u00f3 este viernes al mercado el sencillo \u00abMi Enfermedad\u00bb. Adem\u00e1s una versi\u00f3n del tema de\u00a0Andr\u00e9s Calamaro\u00a0que sirve de adelanto del \u00e1lbum \u00abLive At The Roxy\u00bb, un tributo al rock de los a\u00f1os 1990. Guzm\u00e1n\u00a0confes\u00f3 en una entrevista con EFE que \u00abMi Enfermedad\u00bb se ha convertido en una de sus canciones favoritas [&hellip;]<\/p>\n","protected":false},"author":1,"featured_media":2186,"comment_status":"open","ping_status":"open","sticky":false,"template":"","format":"standard","meta":{"footnotes":""},"categories":[121],"tags":[365,556,695,1265,1305,1373,1680,1714,2813,4277,4455,4522,4924,4947,5141,5245,5396,5399,5444,6546,6548,6734,7204,7456,7654],"class_list":["post-2185","post","type-post","status-publish","format-standard","has-post-thumbnail","category-noticias-musicales","tag-365","tag-alejandra-guzman","tag-andres-calamaro","tag-buena-suerte","tag-calamaro","tag-cancion","tag-ciudad-de-mexico","tag-club-teatro-roxy","tag-estados-unidos","tag-las-vegas","tag-live-at-the-roxy","tag-los-angeles","tag-mexicana","tag-mi-enfermedad","tag-musica","tag-nevada","tag-nueva","tag-nueva-cancion","tag-nuevo-tema","tag-rock","tag-rock-hispano-argentino","tag-sebastian-krys","tag-tema","tag-tributo","tag-version"],"_links":{"self":[{"href":"https:\/\/starsworldproduction.com\/web\/wp-json\/wp\/v2\/posts\/2185","targetHints":{"allow":["GET"]}}],"collection":[{"href":"https:\/\/starsworldproduction.com\/web\/wp-json\/wp\/v2\/posts"}],"about":[{"href":"https:\/\/starsworldproduction.com\/web\/wp-json\/wp\/v2\/types\/post"}],"author":[{"embeddable":true,"href":"https:\/\/starsworldproduction.com\/web\/wp-json\/wp\/v2\/users\/1"}],"replies":[{"embeddable":true,"href":"https:\/\/starsworldproduction.com\/web\/wp-json\/wp\/v2\/comments?post=2185"}],"version-history":[{"count":0,"href":"https:\/\/starsworldproduction.com\/web\/wp-json\/wp\/v2\/posts\/2185\/revisions"}],"wp:featuredmedia":[{"embeddable":true,"href":"https:\/\/starsworldproduction.com\/web\/wp-json\/wp\/v2\/media\/2186"}],"wp:attachment":[{"href":"https:\/\/starsworldproduction.com\/web\/wp-json\/wp\/v2\/media?parent=2185"}],"wp:term":[{"taxonomy":"category","embeddable":true,"href":"https:\/\/starsworldproduction.com\/web\/wp-json\/wp\/v2\/categories?post=2185"},{"taxonomy":"post_tag","embeddable":true,"href":"https:\/\/starsworldproduction.com\/web\/wp-json\/wp\/v2\/tags?post=2185"}],"curies":[{"name":"wp","href":"https:\/\/api.w.org\/{rel}","templated":true}]}}