{"id":2197,"date":"2019-07-15T12:15:50","date_gmt":"2019-07-15T12:15:50","guid":{"rendered":"https:\/\/www.starsworldproduction.com\/?p=2197"},"modified":"2019-07-15T12:15:50","modified_gmt":"2019-07-15T12:15:50","slug":"alejandro-sanz-desea-dar-gran-concierto-la-habana","status":"publish","type":"post","link":"https:\/\/starsworldproduction.com\/web\/2019\/07\/15\/alejandro-sanz-desea-dar-gran-concierto-la-habana\/","title":{"rendered":"\u00bfAlejandro Sanz desea dar un gran concierto en La Habana?"},"content":{"rendered":"<p style=\"text-align: justify;\">En primer lugar uno de los sue\u00f1os del cantante espa\u00f1ol\u00a0<strong>Alejandro Sanz<\/strong>\u00a0es poder ofrecer un gran concierto en Cuba, un pa\u00eds al que siempre ha dicho que le tiene especial cari\u00f1o por el calor de su gente y la riqueza de su m\u00fasica y su cultura.<\/p>\n<p style=\"text-align: justify;\">Por la raz\u00f3n que ha compartido el cantautor cubano\u00a0<strong>Carlos Varela<\/strong>, quien tuvo la oportunidad de ver\u00a0su incre\u00edble espect\u00e1culo en Sevilla ante m\u00e1s de 60 mil personas, donde el espa\u00f1ol present\u00f3 su nuevo \u00e1lbum:<\/p>\n<h5 style=\"text-align: justify;\"><strong> #ElDisco y dio inicio as\u00ed a su gira promocional.<\/strong><\/h5>\n<p style=\"text-align: justify;\">El int\u00e9rprete de\u00a0<em>Como los peces<\/em>\u00a0asegur\u00f3 que siempre que se topa con Sanz, este le reitera las tremendas ganas que tiene de poder ofrecer un gran show en:<\/p>\n<p style=\"text-align: justify;\">La Habana para el p\u00fablico que sabe que lo sigue desde all\u00e1.<\/p>\n<p style=\"text-align: justify;\">\u00abAnoche lo vi enamorar a 60 mil almas en Sevilla, el primer show de\u00a0#LaGira.\u00a0Siempre me dice que su sue\u00f1o es poder hacer este gran concierto en La Habana! Quiera Dios que ese bendito sue\u00f1o alg\u00fan d\u00eda\u00a0se pueda volver real!\u00bb<\/p>\n<p style=\"text-align: justify;\">Escribi\u00f3 Varela en su cuenta de Facebook junto a una foto de ambos.<\/p>\n<ul style=\"list-style-type: square;\">\n<li style=\"text-align: justify;\">\u00abNosotros esperando, sentados sobre una piedra en la calle Soledad, que alg\u00fan d\u00eda ese concierto se haga realidad\u00bb<\/li>\n<li style=\"text-align: justify;\">\u00abEsperanzas quedan siempre.Ojal\u00e1 y alg\u00fan d\u00eda nos llegara esa dicha\u00bb<\/li>\n<li style=\"text-align: justify;\">\u00abEl mejor\u00bb<\/li>\n<li style=\"text-align: justify;\">\u00abPlanifica, organiza, proponle un Gran Concierto en el Festival Internacional de Cine en Gibara\u00bb<\/li>\n<li style=\"text-align: justify;\">\u00abGraben un tema juntos please!!!\u00bb<\/li>\n<li><\/li>\n<li><\/li>\n<\/ul>\n<figure id=\"attachment_22497\" aria-describedby=\"caption-attachment-22497\" style=\"width: 487px\" class=\"wp-caption alignnone\"><img loading=\"lazy\" loading=\"lazy\" decoding=\"async\" class=\"wp-image-22497 size-full\" src=\"https:\/\/www.latinmaps.tv\/wp-content\/uploads\/2019\/06\/alejandro-sanz-carlos-varela-instagram-stars-world-production.png\" alt=\"\" width=\"487\" height=\"418\" \/><figcaption id=\"caption-attachment-22497\" class=\"wp-caption-text\">Carlos Varela y Alejandro Sanz. (Foto: Instagram)<\/figcaption><\/figure>\n<p style=\"text-align: justify;\">Sin embargo, otros consideran que mientras siga rigiendo el Gobierno cubano actual\u00a0es poco probable que permitan actuar a Sanz, quien se ha manifestado alto y claro en contra de ese tipo de reg\u00edmenes,\u00a0fue promotor del concierto ofrecido en C\u00facuta y apoya al presidente interino de Venezuela, Juan Guaid\u00f3.<\/p>\n","protected":false},"excerpt":{"rendered":"<p>En primer lugar uno de los sue\u00f1os del cantante espa\u00f1ol\u00a0Alejandro Sanz\u00a0es poder ofrecer un gran concierto en Cuba, un pa\u00eds al que siempre ha dicho que le tiene especial cari\u00f1o por el calor de su gente y la riqueza de su m\u00fasica y su cultura. Por la raz\u00f3n que ha compartido el cantautor cubano\u00a0Carlos Varela, [&hellip;]<\/p>\n","protected":false},"author":1,"featured_media":2219,"comment_status":"open","ping_status":"open","sticky":false,"template":"","format":"standard","meta":{"footnotes":""},"categories":[121],"tags":[191,563,1430,1483,1855,2021,2914,2956,3130,3274,3341,3524,3744,3993,4169,5141,5423,6099,6332,6828,7639,16],"class_list":["post-2197","post","type-post","status-publish","format-standard","has-post-thumbnail","category-noticias-musicales","tag-eldisco","tag-alejandro-sanz","tag-cantautor","tag-carlos-varela","tag-concierto","tag-cubano","tag-exito","tag-facebook","tag-foto","tag-gira","tag-gran","tag-hit","tag-instagram","tag-juan-guaido","tag-la-habana","tag-musica","tag-nuevo-album","tag-promocional","tag-redes-sociales","tag-sevilla","tag-venezuela","tag-viral"],"_links":{"self":[{"href":"https:\/\/starsworldproduction.com\/web\/wp-json\/wp\/v2\/posts\/2197","targetHints":{"allow":["GET"]}}],"collection":[{"href":"https:\/\/starsworldproduction.com\/web\/wp-json\/wp\/v2\/posts"}],"about":[{"href":"https:\/\/starsworldproduction.com\/web\/wp-json\/wp\/v2\/types\/post"}],"author":[{"embeddable":true,"href":"https:\/\/starsworldproduction.com\/web\/wp-json\/wp\/v2\/users\/1"}],"replies":[{"embeddable":true,"href":"https:\/\/starsworldproduction.com\/web\/wp-json\/wp\/v2\/comments?post=2197"}],"version-history":[{"count":0,"href":"https:\/\/starsworldproduction.com\/web\/wp-json\/wp\/v2\/posts\/2197\/revisions"}],"wp:featuredmedia":[{"embeddable":true,"href":"https:\/\/starsworldproduction.com\/web\/wp-json\/wp\/v2\/media\/2219"}],"wp:attachment":[{"href":"https:\/\/starsworldproduction.com\/web\/wp-json\/wp\/v2\/media?parent=2197"}],"wp:term":[{"taxonomy":"category","embeddable":true,"href":"https:\/\/starsworldproduction.com\/web\/wp-json\/wp\/v2\/categories?post=2197"},{"taxonomy":"post_tag","embeddable":true,"href":"https:\/\/starsworldproduction.com\/web\/wp-json\/wp\/v2\/tags?post=2197"}],"curies":[{"name":"wp","href":"https:\/\/api.w.org\/{rel}","templated":true}]}}