{"id":2327,"date":"2019-09-16T12:15:29","date_gmt":"2019-09-16T12:15:29","guid":{"rendered":"https:\/\/www.starsworldproduction.com\/?p=2327"},"modified":"2019-09-16T12:15:29","modified_gmt":"2019-09-16T12:15:29","slug":"fin-alejandro-sanz-estara-paseo-la-fama-hollywood","status":"publish","type":"post","link":"https:\/\/starsworldproduction.com\/web\/2019\/09\/16\/fin-alejandro-sanz-estara-paseo-la-fama-hollywood\/","title":{"rendered":"\u00a1Por fin! Alejandro Sanz estar\u00e1 en el Paseo de la Fama de Hollywood"},"content":{"rendered":"<p style=\"text-align: justify;\"><strong>Alejandro Sanz<\/strong>\u00a0est\u00e1 en un momento muy dulce a nivel profesional despu\u00e9s de haber lanzado su \u00faltimo \u00e1lbum\u00a0<em>El Disco<\/em>\u00a0y estar recorriendo Espa\u00f1a con la gira correspondiente.<\/p>\n<p style=\"text-align: justify;\">A toda la felicidad que est\u00e1 viviendo se suma que el cantante espa\u00f1ol tendr\u00e1 su propia estrella con su nombre en el Paseo de la Fama de Hollywood en Los \u00c1ngeles.<\/p>\n<p style=\"text-align: justify;\">Tambi\u00e9n junto a la distinci\u00f3n de Alejandro ser\u00e1n reconocidos otros personajes de renombre como:<\/p>\n<p style=\"text-align: justify;\">\u00a0<strong>Alicia Keys.<\/strong><\/p>\n<p style=\"text-align: justify;\">\u00a0<strong>Chris Hemsworth.<\/strong><\/p>\n<p style=\"text-align: justify;\">\u00a0<strong>Julia Roberts<\/strong>.<\/p>\n<p style=\"text-align: justify;\"><strong>Cindy Crawford.<\/strong><\/p>\n<p style=\"text-align: justify;\">Seg\u00fan lo informado por la C\u00e1mara de Comercio de Hollywood, la organizaci\u00f3n que gestiona el Paseo de la Fama.<\/p>\n<p style=\"text-align: justify;\">El int\u00e9rprete de<em>\u00a0<strong>Back in the City<\/strong><\/em>\u00a0forma parte de\u00a0los artistas que componen la\u00a0promoci\u00f3n 2020. Adem\u00e1s el cantante est\u00e1 viajando por las diferentes ciudades espa\u00f1olas para acercar su m\u00fasica a sus incondicionales fan\u00e1ticos, a los que est\u00e1 dando m\u00e1s de una sorpresa a su paso.<\/p>\n<h4 style=\"text-align: justify;\"><strong>En Madrid:<\/strong><\/h4>\n<p style=\"text-align: justify;\">Sorprendi\u00f3<strong>\u00a0al salir al escenario con Camila Cabello<\/strong>\u00a0para cantar\u00a0<em><strong>Mi persona favorita<\/strong><\/em>.<\/p>\n<h4 style=\"text-align: justify;\"><strong>En Barcelona:<\/strong><\/h4>\n<p style=\"text-align: justify;\">Hizo lo propio con\u00a0<strong>Shakira<\/strong>, con quien interpret\u00f3\u00a0su tan exitoso<strong>\u00a0<em>La Tortura<\/em><\/strong>.<\/p>\n<p>&nbsp;<\/p>\n","protected":false},"excerpt":{"rendered":"<p>Alejandro Sanz\u00a0est\u00e1 en un momento muy dulce a nivel profesional despu\u00e9s de haber lanzado su \u00faltimo \u00e1lbum\u00a0El Disco\u00a0y estar recorriendo Espa\u00f1a con la gira correspondiente. A toda la felicidad que est\u00e1 viviendo se suma que el cantante espa\u00f1ol tendr\u00e1 su propia estrella con su nombre en el Paseo de la Fama de Hollywood en Los [&hellip;]<\/p>\n","protected":false},"author":1,"featured_media":2328,"comment_status":"open","ping_status":"open","sticky":false,"template":"","format":"standard","meta":{"footnotes":""},"categories":[121],"tags":[280,563,597,667,831,959,1003,1043,1346,1403,1642,1664,2767,2768,2818,2835,2868,2966,2978,2990,3274,3535,3552,4026,4217,4624,4955,5141,5685,5686,5876,5991,6095,6309,6565,6839,6853,7377],"class_list":["post-2327","post","type-post","status-publish","format-standard","has-post-thumbnail","category-noticias-musicales","tag-280","tag-alejandro-sanz","tag-alicia-keys","tag-amor","tag-artista","tag-back-in-the-city","tag-baladas","tag-barcelona","tag-camila-cabello","tag-cantante","tag-chris-hemsworth","tag-cindy-crawford","tag-espana","tag-espanol","tag-estara","tag-estrella","tag-europa","tag-fama","tag-famoso","tag-fanaticos","tag-gira","tag-hollywood","tag-honor","tag-julia-roberts","tag-la-tortura","tag-madrid","tag-mi-persona-favorita","tag-musica","tag-paseo","tag-paseo-de-la-fama-de-hollywood","tag-popular","tag-presentacion","tag-promocion","tag-reconocimiento","tag-romanticas","tag-shakira","tag-show","tag-tour"],"_links":{"self":[{"href":"https:\/\/starsworldproduction.com\/web\/wp-json\/wp\/v2\/posts\/2327","targetHints":{"allow":["GET"]}}],"collection":[{"href":"https:\/\/starsworldproduction.com\/web\/wp-json\/wp\/v2\/posts"}],"about":[{"href":"https:\/\/starsworldproduction.com\/web\/wp-json\/wp\/v2\/types\/post"}],"author":[{"embeddable":true,"href":"https:\/\/starsworldproduction.com\/web\/wp-json\/wp\/v2\/users\/1"}],"replies":[{"embeddable":true,"href":"https:\/\/starsworldproduction.com\/web\/wp-json\/wp\/v2\/comments?post=2327"}],"version-history":[{"count":0,"href":"https:\/\/starsworldproduction.com\/web\/wp-json\/wp\/v2\/posts\/2327\/revisions"}],"wp:featuredmedia":[{"embeddable":true,"href":"https:\/\/starsworldproduction.com\/web\/wp-json\/wp\/v2\/media\/2328"}],"wp:attachment":[{"href":"https:\/\/starsworldproduction.com\/web\/wp-json\/wp\/v2\/media?parent=2327"}],"wp:term":[{"taxonomy":"category","embeddable":true,"href":"https:\/\/starsworldproduction.com\/web\/wp-json\/wp\/v2\/categories?post=2327"},{"taxonomy":"post_tag","embeddable":true,"href":"https:\/\/starsworldproduction.com\/web\/wp-json\/wp\/v2\/tags?post=2327"}],"curies":[{"name":"wp","href":"https:\/\/api.w.org\/{rel}","templated":true}]}}