{"id":2504,"date":"2019-08-30T12:00:10","date_gmt":"2019-08-30T12:00:10","guid":{"rendered":"https:\/\/www.starsworldproduction.com\/?p=2504"},"modified":"2019-08-30T12:00:10","modified_gmt":"2019-08-30T12:00:10","slug":"karol-g-becky-g-estan-alistan-una-pronta-colaboracion","status":"publish","type":"post","link":"https:\/\/starsworldproduction.com\/web\/2019\/08\/30\/karol-g-becky-g-estan-alistan-una-pronta-colaboracion\/","title":{"rendered":"\u00bfKarol G y Becky G est\u00e1n alistan una pronta colaboraci\u00f3n?"},"content":{"rendered":"<p class=\"\" style=\"text-align: justify;\">Karol G\u00a0y\u00a0Becky G\u00a0son dos de las cantantes m\u00e1s poderosas del g\u00e9nero urbano. Ambas disfrutan del gran \u00e9xito que tienen en sus carreras y de la fama que poseen en\u00a0<b>redes sociales<\/b>.<\/p>\n<p class=\"\" style=\"text-align: justify;\">A pesar de tener nombres art\u00edsticos parecidos y rumores de una supuesta enemistad, todo parece indicar que las artistas mantienen una bonita amistad.<\/p>\n<figure id=\"attachment_23103\" aria-describedby=\"caption-attachment-23103\" style=\"width: 418px\" class=\"wp-caption alignnone\"><img loading=\"lazy\" loading=\"lazy\" decoding=\"async\" class=\"wp-image-23103\" src=\"https:\/\/www.latinmaps.tv\/wp-content\/uploads\/2019\/07\/becky-g-karol-g-google-stars-world-production.png\" alt=\"\" width=\"418\" height=\"506\" \/><figcaption id=\"caption-attachment-23103\" class=\"wp-caption-text\">Becky G\u00a0y\u00a0Karol G. (Foto: Google)<\/figcaption><\/figure>\n<p style=\"text-align: justify;\">A trav\u00e9s de\u00a0Instagram,\u00a0Becky G\u00a0y\u00a0Karol G\u00a0compartieron una foto donde aparece juntas. En la imagen, que ambas subieron a sus redes sociales oficiales, se les ve sonrientes y abrazadas mientras posan a la c\u00e1mara.<\/p>\n<p style=\"text-align: justify;\">El encuentro entre ambas famosas se dio luego de que las dos coincidieran en un show en\u00a0<b>\u00c1msterdam<\/b>. All\u00ed tanto\u00a0<b>Becky G\u00a0<\/b>como\u00a0<b>Karol G<\/b>\u00a0probaron que son de las famosas m\u00e1s representativas de la m\u00fasica latina.<\/p>\n<p style=\"text-align: justify;\">Como era de esperarse, la imagen caus\u00f3 revuelo entre los seguidores de\u00a0<b>Karol G<\/b>\u00a0y\u00a0<b>Becky G<\/b>, quienes celebraron la amistad de sus \u00eddolas. Adem\u00e1s, algunos fans aprovecharon para especular que dicha foto es aviso de una colaboraci\u00f3n juntas.<\/p>\n<h5 style=\"text-align: justify;\">Cabe mencionar que,\u00a0<b>Becky G<\/b>\u00a0se present\u00f3 hace poco en M\u00e1laga, Espa\u00f1a, donde ofreci\u00f3 un show donde puso a bailar al p\u00fablico con sus canciones :<\/h5>\n<p class=\"\" style=\"text-align: justify;\">\u201cSin Pijama\u201d<\/p>\n<p class=\"\" style=\"text-align: justify;\">\u201cMayores\u201d<\/p>\n<p class=\"\" style=\"text-align: justify;\">\u201cCuando te bes\u00e9\u201d<\/p>\n","protected":false},"excerpt":{"rendered":"<p>Karol G\u00a0y\u00a0Becky G\u00a0son dos de las cantantes m\u00e1s poderosas del g\u00e9nero urbano. Ambas disfrutan del gran \u00e9xito que tienen en sus carreras y de la fama que poseen en\u00a0redes sociales. A pesar de tener nombres art\u00edsticos parecidos y rumores de una supuesta enemistad, todo parece indicar que las artistas mantienen una bonita amistad. A trav\u00e9s [&hellip;]<\/p>\n","protected":false},"author":1,"featured_media":2505,"comment_status":"open","ping_status":"open","sticky":false,"template":"","format":"standard","meta":{"footnotes":""},"categories":[121],"tags":[401,566,599,1072,1333,1420,1733,1855,2007,2688,2914,3135,3136,3237,3241,3524,3618,3744,4038,4074,4318,4320,4788,5141,5150,5840,5988,5991,6102,6129,6332,6853,6904,6977,7092,7093,7589,16],"class_list":["post-2504","post","type-post","status-publish","format-standard","has-post-thumbnail","category-noticias-musicales","tag-abrazadas","tag-alemania","tag-alistan","tag-becky-g","tag-camara","tag-cantantes","tag-colaboracion","tag-concierto","tag-cuando-te-bese","tag-enemistad","tag-exito","tag-fotografias","tag-fotos","tag-genero","tag-genero-urbano","tag-hit","tag-idolas","tag-instagram","tag-juntas","tag-karol-g","tag-latina","tag-latinas","tag-mayores","tag-musica","tag-musica-latina","tag-poderosas","tag-prepara","tag-presentacion","tag-pronta","tag-proximamente","tag-redes-sociales","tag-show","tag-sin-pijama","tag-sonriente","tag-supuesta","tag-supuesta-enemistad","tag-urbano","tag-viral"],"_links":{"self":[{"href":"https:\/\/starsworldproduction.com\/web\/wp-json\/wp\/v2\/posts\/2504","targetHints":{"allow":["GET"]}}],"collection":[{"href":"https:\/\/starsworldproduction.com\/web\/wp-json\/wp\/v2\/posts"}],"about":[{"href":"https:\/\/starsworldproduction.com\/web\/wp-json\/wp\/v2\/types\/post"}],"author":[{"embeddable":true,"href":"https:\/\/starsworldproduction.com\/web\/wp-json\/wp\/v2\/users\/1"}],"replies":[{"embeddable":true,"href":"https:\/\/starsworldproduction.com\/web\/wp-json\/wp\/v2\/comments?post=2504"}],"version-history":[{"count":0,"href":"https:\/\/starsworldproduction.com\/web\/wp-json\/wp\/v2\/posts\/2504\/revisions"}],"wp:featuredmedia":[{"embeddable":true,"href":"https:\/\/starsworldproduction.com\/web\/wp-json\/wp\/v2\/media\/2505"}],"wp:attachment":[{"href":"https:\/\/starsworldproduction.com\/web\/wp-json\/wp\/v2\/media?parent=2504"}],"wp:term":[{"taxonomy":"category","embeddable":true,"href":"https:\/\/starsworldproduction.com\/web\/wp-json\/wp\/v2\/categories?post=2504"},{"taxonomy":"post_tag","embeddable":true,"href":"https:\/\/starsworldproduction.com\/web\/wp-json\/wp\/v2\/tags?post=2504"}],"curies":[{"name":"wp","href":"https:\/\/api.w.org\/{rel}","templated":true}]}}