{"id":2577,"date":"2019-09-18T12:15:57","date_gmt":"2019-09-18T12:15:57","guid":{"rendered":"https:\/\/www.starsworldproduction.com\/?p=2577"},"modified":"2019-09-18T12:15:57","modified_gmt":"2019-09-18T12:15:57","slug":"mira-becky-g-carlos-vives-nicky-jam-cantar-las-estrellas-del-barcelona","status":"publish","type":"post","link":"https:\/\/starsworldproduction.com\/web\/2019\/09\/18\/mira-becky-g-carlos-vives-nicky-jam-cantar-las-estrellas-del-barcelona\/","title":{"rendered":"Mira a Becky G, Carlos Vives, Nicky Jam cantar con las estrellas del Barcelona"},"content":{"rendered":"<p id=\"p662984-m1572-1571-1573\" class=\"parrafo first-parrafo\" style=\"text-align: justify;\">Becky G\u00a0cant\u00f3 junto a\u00a0Carlos Vives,\u00a0Nicky Jam\u00a0y varios jugadores del club de f\u00fatbol Barcelona para festejar la nueva alianza entre la discogr\u00e1fica Sony y el equipo catal\u00e1n.<\/p>\n<p id=\"p662984-m1582-1-1583\" class=\"parrafo first-parrafo\" style=\"text-align: justify;\">La cantante comparti\u00f3 en su cuenta de\u00a0Instagram\u00a0el video que muestra el divertido momento que compartieron las estrellas de la m\u00fasica latina junto a jugadores como:<\/p>\n<ul style=\"list-style-type: square;\">\n<li class=\"parrafo first-parrafo\" style=\"text-align: justify;\">Arturo Vidal.<\/li>\n<li class=\"parrafo first-parrafo\" style=\"text-align: justify;\">Ivan Rakiti\u0107.<\/li>\n<li class=\"parrafo first-parrafo\" style=\"text-align: justify;\">Antoine Griezmann.<\/li>\n<li class=\"parrafo first-parrafo\" style=\"text-align: justify;\">Jordi Alba.<\/li>\n<\/ul>\n<p class=\"parrafo first-parrafo\" style=\"text-align: justify;\">Entre otros integrantes del equipo espa\u00f1ol.<\/p>\n<p style=\"text-align: justify;\">Pero los presentes no solo se divirtieron interpretando:<\/p>\n<p style=\"text-align: justify;\">-\u201cSin pijama\u201d.<\/p>\n<p style=\"text-align: justify;\"><strong>Tambi\u00e9n entonaron:<\/strong><\/p>\n<ul style=\"list-style-type: square;\">\n<li style=\"text-align: justify;\">\u201cRobarte un beso\u201d.<\/li>\n<li style=\"text-align: justify;\">El cl\u00e1sico\u00a0\u201cLa bicicleta\u201d.<\/li>\n<\/ul>\n<h4><strong>Mira el video completo aqu\u00ed:<\/strong><\/h4>\n<p><iframe loading=\"lazy\" src=\"https:\/\/www.youtube.com\/embed\/mWF7JTmNkSY\" width=\"560\" height=\"315\" frameborder=\"0\" allowfullscreen=\"allowfullscreen\"><\/iframe><\/p>\n<p style=\"text-align: justify;\">\u00abAnoche tuvimos la oportunidad de unir dos pasiones: el f\u00fatbol y la m\u00fasica. Gracias a los jugadores del Barcelona por su nueva nota y a mis colegas de la m\u00fasica por este momento tan especial\u00bb, escribi\u00f3 el int\u00e9rprete colombiano junto al video en el que le vemos cantar \u201cLa Bicicleta\u201d.<\/p>\n<p id=\"p662984-m1612-7-1613\" class=\"parrafo first-parrafo\" style=\"text-align: justify;\">As\u00ed que el equipo de futbol\u00a0Barcelona y Sony Music\u00a0trabajaran juntos por las siguientes dos temporadas, con la alianza buscan crear atracciones \u00fanicas de entretenimiento para todas las edades.<\/p>\n<p id=\"p662984-m1617-8-1618\" class=\"parrafo first-parrafo\" style=\"text-align: justify;\">Adem\u00e1s entre los cantantes m\u00e1s destacados de la disquera que podr\u00edan actuar en los futuros eventos deportivos se encuentran\u00a0Maluma, Shakira, Ricky Martin, Becky G, Nicky Jam, entre otros.<\/p>\n<p>&nbsp;<\/p>\n<p>&nbsp;<\/p>\n","protected":false},"excerpt":{"rendered":"<p>Becky G\u00a0cant\u00f3 junto a\u00a0Carlos Vives,\u00a0Nicky Jam\u00a0y varios jugadores del club de f\u00fatbol Barcelona para festejar la nueva alianza entre la discogr\u00e1fica Sony y el equipo catal\u00e1n. La cantante comparti\u00f3 en su cuenta de\u00a0Instagram\u00a0el video que muestra el divertido momento que compartieron las estrellas de la m\u00fasica latina junto a jugadores como: Arturo Vidal. Ivan Rakiti\u0107. [&hellip;]<\/p>\n","protected":false},"author":1,"featured_media":2742,"comment_status":"open","ping_status":"open","sticky":false,"template":"","format":"standard","meta":{"footnotes":""},"categories":[121],"tags":[662,666,751,868,1043,1072,1398,1403,1420,1484,2301,2345,2346,2726,2841,2914,3028,3188,3524,3744,3755,3823,3947,4021,4042,4136,4331,5048,5141,5277,6332,6456,6536,6904,6978,7564,7712,16,7907],"class_list":["post-2577","post","type-post","status-publish","format-standard","has-post-thumbnail","category-noticias-musicales","tag-amigos","tag-amistad","tag-antoine-griezmann","tag-arturo-vidal","tag-barcelona","tag-becky-g","tag-cantando","tag-cantante","tag-cantantes","tag-carlos-vives","tag-discografica","tag-divertido","tag-divertido-momento","tag-equipo","tag-estrellas","tag-exito","tag-feliz","tag-futbol","tag-hit","tag-instagram","tag-integrantes","tag-ivan-rakitic","tag-jordi-alba","tag-jugadores","tag-juntos","tag-la-bicicleta","tag-latinos","tag-momento","tag-musica","tag-nicky-jam","tag-redes-sociales","tag-reunion","tag-robarte-un-beso","tag-sin-pijama","tag-sony","tag-unidos","tag-video","tag-viral","tag-youtube"],"_links":{"self":[{"href":"https:\/\/starsworldproduction.com\/web\/wp-json\/wp\/v2\/posts\/2577","targetHints":{"allow":["GET"]}}],"collection":[{"href":"https:\/\/starsworldproduction.com\/web\/wp-json\/wp\/v2\/posts"}],"about":[{"href":"https:\/\/starsworldproduction.com\/web\/wp-json\/wp\/v2\/types\/post"}],"author":[{"embeddable":true,"href":"https:\/\/starsworldproduction.com\/web\/wp-json\/wp\/v2\/users\/1"}],"replies":[{"embeddable":true,"href":"https:\/\/starsworldproduction.com\/web\/wp-json\/wp\/v2\/comments?post=2577"}],"version-history":[{"count":0,"href":"https:\/\/starsworldproduction.com\/web\/wp-json\/wp\/v2\/posts\/2577\/revisions"}],"wp:featuredmedia":[{"embeddable":true,"href":"https:\/\/starsworldproduction.com\/web\/wp-json\/wp\/v2\/media\/2742"}],"wp:attachment":[{"href":"https:\/\/starsworldproduction.com\/web\/wp-json\/wp\/v2\/media?parent=2577"}],"wp:term":[{"taxonomy":"category","embeddable":true,"href":"https:\/\/starsworldproduction.com\/web\/wp-json\/wp\/v2\/categories?post=2577"},{"taxonomy":"post_tag","embeddable":true,"href":"https:\/\/starsworldproduction.com\/web\/wp-json\/wp\/v2\/tags?post=2577"}],"curies":[{"name":"wp","href":"https:\/\/api.w.org\/{rel}","templated":true}]}}