{"id":2838,"date":"2019-09-11T14:04:00","date_gmt":"2019-09-11T14:04:00","guid":{"rendered":"https:\/\/www.starsworldproduction.com\/?p=2838"},"modified":"2019-09-11T14:04:00","modified_gmt":"2019-09-11T14:04:00","slug":"mira-j-balvin-emocionado-la-ovacion-fans-pleno-concierto","status":"publish","type":"post","link":"https:\/\/starsworldproduction.com\/web\/2019\/09\/11\/mira-j-balvin-emocionado-la-ovacion-fans-pleno-concierto\/","title":{"rendered":"Mira a J Balvin emocionado por la ovaci\u00f3n de sus fans en pleno concierto"},"content":{"rendered":"<p style=\"text-align: justify;\">J Balvin\u00a0se mantiene como uno de los artistas de reggaet\u00f3n m\u00e1s requeridos de la actualidad, lo cual qued\u00f3 comprobado el fin de semana \u00faltimo tras su concierto en el Palacio de los Deportes de Rep\u00fablica Domincana.<\/p>\n<p id=\"p671531-m430-1-431\" class=\"parrafo first-parrafo \" style=\"text-align: justify;\">El int\u00e9rprete de \u201cAy vamos\u201d ofreci\u00f3 el segundo concierto de su gira mundial \u201cArco\u00edris Tour\u201d, inspirada en su \u00faltimo \u00e1lbum colaborativo \u201cOasis\u201d, junto con el trappero del momento Bad Bunny.<\/p>\n<h5 id=\"p671531-m435-2-436\" class=\"parrafo first-parrafo \" style=\"text-align: justify;\"><b>J Balvin hizo gala de su talento e inicio su concierto con la canci\u00f3n:<\/b><\/h5>\n<ul style=\"list-style-type: square;\">\n<li class=\"parrafo first-parrafo \" style=\"text-align: justify;\">\u201cReguet\u00f3n\u201d.<\/li>\n<li class=\"parrafo first-parrafo \" style=\"text-align: justify;\">\u201cX\u201d.<\/li>\n<li class=\"parrafo first-parrafo \" style=\"text-align: justify;\">\u201cGinza\u201d.<\/li>\n<li class=\"parrafo first-parrafo \" style=\"text-align: justify;\">\u201cMojaita\u201d.<\/li>\n<li class=\"parrafo first-parrafo \" style=\"text-align: justify;\">\u201cCuidao\u2019 por ah\u00ed\u201d.<\/li>\n<li class=\"parrafo first-parrafo \" style=\"text-align: justify;\">\u201cYo le llego\u201d.<\/li>\n<li class=\"parrafo first-parrafo \" style=\"text-align: justify;\">\u201cQu\u00e9 pretendes\u201d.<\/li>\n<li class=\"parrafo first-parrafo \" style=\"text-align: justify;\">Y \u201cLa canci\u00f3n\u201d, perteneciendo estas \u00faltimas a su \u00faltimo \u00e1lbum entre otros \u00e9xitos.<\/li>\n<\/ul>\n<p id=\"p671531-m440-3-441\" class=\"parrafo first-parrafo \" style=\"text-align: justify;\">Como era de esperarse, sus seguidores cantaron y celebraron cada \u00e9xito del m\u00fasico; sin embargo, un detalle peculiar cautiv\u00f3 a\u00a0<b>J Balvin\u00a0<\/b>y es que sus fan\u00e1ticos \u2013al final de \u201cMi gente\u201d- lo aplaudieron sin parar durante m\u00e1s de tres minutos. El hecho qued\u00f3 registrado en un video compartido por el cantante.<\/p>\n<p id=\"p671531-m450-5-451\" class=\"parrafo first-parrafo \" style=\"text-align: justify;\"><i>\u201cGracias Rep\u00fablica Dominicana. \u00a1Los amo!\u201d.<\/i>\u00a0escribi\u00f3 el cantante como leyenda de su publicaci\u00f3n en Instagram. En menos de 24 horas, el clip ha superado el mill\u00f3n de visualizaciones en la red social.<\/p>\n<p id=\"p671531-m455-6-456\" class=\"parrafo first-parrafo \" style=\"text-align: justify;\">Cabe precisar que\u00a0<b>J Balvin\u00a0<\/b>ofreci\u00f3 un show de una hora y media que estuvo repleto de colores y magia, elementos comunes en sus conciertos por la creatividad de sus escenograf\u00edas.<\/p>\n<p><iframe loading=\"lazy\" src=\"https:\/\/www.youtube.com\/embed\/6QNMNlpmjRI\" width=\"560\" height=\"315\" frameborder=\"0\" allowfullscreen=\"allowfullscreen\"><\/iframe><\/p>\n","protected":false},"excerpt":{"rendered":"<p>J Balvin\u00a0se mantiene como uno de los artistas de reggaet\u00f3n m\u00e1s requeridos de la actualidad, lo cual qued\u00f3 comprobado el fin de semana \u00faltimo tras su concierto en el Palacio de los Deportes de Rep\u00fablica Domincana. El int\u00e9rprete de \u201cAy vamos\u201d ofreci\u00f3 el segundo concierto de su gira mundial \u201cArco\u00edris Tour\u201d, inspirada en su \u00faltimo [&hellip;]<\/p>\n","protected":false},"author":1,"featured_media":2841,"comment_status":"open","ping_status":"open","sticky":false,"template":"","format":"standard","meta":{"footnotes":""},"categories":[121],"tags":[553,1403,1767,1771,1855,2035,2877,2914,3272,3274,3524,3828,4140,5046,5141,5161,5579,5621,6186,6309,6364,6427,7377,16,7847,7887],"class_list":["post-2838","post","type-post","status-publish","format-standard","has-post-thumbnail","category-noticias-musicales","tag-alegria","tag-cantante","tag-colombia","tag-colombiano","tag-concierto","tag-cuidao-por-ahi","tag-evento","tag-exito","tag-ginza","tag-gira","tag-hit","tag-j-balvin","tag-la-cancion","tag-mojaita","tag-musica","tag-musical","tag-ovacion","tag-palacio-de-deportes","tag-que-pretendes","tag-reconocimiento","tag-regueton","tag-republica-dominicana","tag-tour","tag-viral","tag-x","tag-yo-le-llego"],"_links":{"self":[{"href":"https:\/\/starsworldproduction.com\/web\/wp-json\/wp\/v2\/posts\/2838","targetHints":{"allow":["GET"]}}],"collection":[{"href":"https:\/\/starsworldproduction.com\/web\/wp-json\/wp\/v2\/posts"}],"about":[{"href":"https:\/\/starsworldproduction.com\/web\/wp-json\/wp\/v2\/types\/post"}],"author":[{"embeddable":true,"href":"https:\/\/starsworldproduction.com\/web\/wp-json\/wp\/v2\/users\/1"}],"replies":[{"embeddable":true,"href":"https:\/\/starsworldproduction.com\/web\/wp-json\/wp\/v2\/comments?post=2838"}],"version-history":[{"count":0,"href":"https:\/\/starsworldproduction.com\/web\/wp-json\/wp\/v2\/posts\/2838\/revisions"}],"wp:featuredmedia":[{"embeddable":true,"href":"https:\/\/starsworldproduction.com\/web\/wp-json\/wp\/v2\/media\/2841"}],"wp:attachment":[{"href":"https:\/\/starsworldproduction.com\/web\/wp-json\/wp\/v2\/media?parent=2838"}],"wp:term":[{"taxonomy":"category","embeddable":true,"href":"https:\/\/starsworldproduction.com\/web\/wp-json\/wp\/v2\/categories?post=2838"},{"taxonomy":"post_tag","embeddable":true,"href":"https:\/\/starsworldproduction.com\/web\/wp-json\/wp\/v2\/tags?post=2838"}],"curies":[{"name":"wp","href":"https:\/\/api.w.org\/{rel}","templated":true}]}}