{"id":2999,"date":"2019-10-02T13:28:05","date_gmt":"2019-10-02T13:28:05","guid":{"rendered":"https:\/\/www.starsworldproduction.com\/?p=2999"},"modified":"2019-10-02T13:28:05","modified_gmt":"2019-10-02T13:28:05","slug":"marc-anthony-se-junta-bad-bunny-proyecto-solidario","status":"publish","type":"post","link":"https:\/\/starsworldproduction.com\/web\/2019\/10\/02\/marc-anthony-se-junta-bad-bunny-proyecto-solidario\/","title":{"rendered":"\u00a1Marc Anthony se junta con Bad Bunny para un proyecto solidario!"},"content":{"rendered":"<p style=\"text-align: justify;\">El v\u00ednculo entre\u00a0Marc Anthony\u00a0y\u00a0Bad Bunny\u00a0va mucho m\u00e1s all\u00e1 de la m\u00fasica. Un a\u00f1o despu\u00e9s de lanzar el tema\u00a0Est\u00e1 Rico\u00a0junto a Will Smith, los dos artistas han decidido aliarse para algo que tiene que ver algo m\u00e1s de la m\u00fasica:<\/p>\n<p style=\"text-align: justify;\">Se trata de un programa solidario.<\/p>\n<p style=\"text-align: justify;\">Los dos artistas han unido fuerzas para ayudar en el programa:<\/p>\n<p style=\"text-align: justify;\">-&#8216;Play Ball Again&#8217;.<\/p>\n<p style=\"text-align: justify;\">Cabe destacar que pretenden reparar algunos campos deportivos de Puerto Rico que sufrieron el paso del Hurac\u00e1n Mar\u00eda en 2017.<\/p>\n<figure id=\"attachment_24856\" aria-describedby=\"caption-attachment-24856\" style=\"width: 528px\" class=\"wp-caption alignnone\"><img loading=\"lazy\" loading=\"lazy\" decoding=\"async\" class=\"wp-image-24856 size-full\" src=\"https:\/\/www.latinmaps.tv\/wp-content\/uploads\/2019\/11\/bad-bunny-instagram-stars-world-production.png\" alt=\"\" width=\"528\" height=\"670\" \/><figcaption id=\"caption-attachment-24856\" class=\"wp-caption-text\">Bad Bunny. (Foto: Instagram)<\/figcaption><\/figure>\n<p style=\"text-align: justify;\">Y lo han hecho mediante sus respectivas fundaciones:\u00a0el salsero, con Maestro Cares y el trapero, con la Fundaci\u00f3n Good Bunny.<\/p>\n<p>Este proyecto solidario pretende devolver los espacios destruidos a m\u00e1s de 17.500 j\u00f3venes.<\/p>\n<p style=\"text-align: justify;\">Marc Anthony ha demostrado en varias ocasiones su faceta solidaria y\u00a0su implicaci\u00f3n en las causas sociales\u00a0que promueve con su fundaci\u00f3n.<\/p>\n<figure id=\"attachment_24858\" aria-describedby=\"caption-attachment-24858\" style=\"width: 513px\" class=\"wp-caption alignnone\"><img loading=\"lazy\" loading=\"lazy\" decoding=\"async\" class=\"wp-image-24858 size-full\" src=\"https:\/\/www.latinmaps.tv\/wp-content\/uploads\/2019\/11\/marc-anthony-instagram-stars-world-production.png\" alt=\"\" width=\"513\" height=\"363\" \/><figcaption id=\"caption-attachment-24858\" class=\"wp-caption-text\">Marc Anthony. (Foto: Instagram)<\/figcaption><\/figure>\n<p style=\"text-align: justify;\">Por su parte, Benito Mart\u00ednez Ocasio, nombre real del\u00a0Conejo Malo\u00a0ha participado en m\u00e1s de una ocasi\u00f3n en actividades solidarias.<\/p>\n<p style=\"text-align: justify;\">Sin duda en las Navidades del a\u00f1o pasado don\u00f3, bajo la organizaci\u00f3n de su fundaci\u00f3n,\u00a0regalos a 30 mil ni\u00f1os de\u00a0Puerto Rico.<\/p>\n<p style=\"text-align: justify;\">Este, sin embargo, es el primer proyecto de car\u00e1cter solidario en el que participan\u00a0los dos int\u00e9rpretes y amigos.<\/p>\n<p><strong>As\u00ed que mira el video del tema aqu\u00ed:<\/strong><\/p>\n<p><iframe loading=\"lazy\" src=\"https:\/\/www.youtube.com\/embed\/--BHuKeveg4\" width=\"560\" height=\"315\" frameborder=\"0\" allowfullscreen=\"allowfullscreen\"><\/iframe><\/p>\n<p>&nbsp;<\/p>\n<h4><strong>Finalmente \u00bfQu\u00e9 te parece esta alianza?<\/strong><\/h4>\n<div class=\"article-ads-1 visible-lg visible-md dfp-text\"><\/div>\n","protected":false},"excerpt":{"rendered":"<p>El v\u00ednculo entre\u00a0Marc Anthony\u00a0y\u00a0Bad Bunny\u00a0va mucho m\u00e1s all\u00e1 de la m\u00fasica. Un a\u00f1o despu\u00e9s de lanzar el tema\u00a0Est\u00e1 Rico\u00a0junto a Will Smith, los dos artistas han decidido aliarse para algo que tiene que ver algo m\u00e1s de la m\u00fasica: Se trata de un programa solidario. Los dos artistas han unido fuerzas para ayudar en el [&hellip;]<\/p>\n","protected":false},"author":1,"featured_media":3000,"comment_status":"open","ping_status":"open","sticky":false,"template":"","format":"standard","meta":{"footnotes":""},"categories":[121],"tags":[941,964,1096,1420,2797,2914,3178,3179,3524,3744,4042,4331,4692,5141,6136,6933,6956,7566,16,7818],"class_list":["post-2999","post","type-post","status-publish","format-standard","has-post-thumbnail","category-noticias-musicales","tag-ayuda","tag-bad-bunny","tag-benito-martinez-ocasio","tag-cantantes","tag-esta-rico","tag-exito","tag-fundacion","tag-fundacion-good-bunny","tag-hit","tag-instagram","tag-juntos","tag-latinos","tag-marc-anthony","tag-musica","tag-proyecto","tag-social","tag-solidario","tag-union","tag-viral","tag-will-smith"],"_links":{"self":[{"href":"https:\/\/starsworldproduction.com\/web\/wp-json\/wp\/v2\/posts\/2999","targetHints":{"allow":["GET"]}}],"collection":[{"href":"https:\/\/starsworldproduction.com\/web\/wp-json\/wp\/v2\/posts"}],"about":[{"href":"https:\/\/starsworldproduction.com\/web\/wp-json\/wp\/v2\/types\/post"}],"author":[{"embeddable":true,"href":"https:\/\/starsworldproduction.com\/web\/wp-json\/wp\/v2\/users\/1"}],"replies":[{"embeddable":true,"href":"https:\/\/starsworldproduction.com\/web\/wp-json\/wp\/v2\/comments?post=2999"}],"version-history":[{"count":0,"href":"https:\/\/starsworldproduction.com\/web\/wp-json\/wp\/v2\/posts\/2999\/revisions"}],"wp:featuredmedia":[{"embeddable":true,"href":"https:\/\/starsworldproduction.com\/web\/wp-json\/wp\/v2\/media\/3000"}],"wp:attachment":[{"href":"https:\/\/starsworldproduction.com\/web\/wp-json\/wp\/v2\/media?parent=2999"}],"wp:term":[{"taxonomy":"category","embeddable":true,"href":"https:\/\/starsworldproduction.com\/web\/wp-json\/wp\/v2\/categories?post=2999"},{"taxonomy":"post_tag","embeddable":true,"href":"https:\/\/starsworldproduction.com\/web\/wp-json\/wp\/v2\/tags?post=2999"}],"curies":[{"name":"wp","href":"https:\/\/api.w.org\/{rel}","templated":true}]}}