{"id":3136,"date":"2019-11-25T12:15:20","date_gmt":"2019-11-25T12:15:20","guid":{"rendered":"https:\/\/www.starsworldproduction.com\/?p=3136"},"modified":"2019-11-25T12:15:20","modified_gmt":"2019-11-25T12:15:20","slug":"mira-primer-trabajo-musical-del-hijo-alejandro-sanz","status":"publish","type":"post","link":"https:\/\/starsworldproduction.com\/web\/2019\/11\/25\/mira-primer-trabajo-musical-del-hijo-alejandro-sanz\/","title":{"rendered":"Mira el primer trabajo musical del hijo de Alejandro Sanz"},"content":{"rendered":"<p style=\"text-align: justify;\">Alexander, hijo de\u00a0<strong>Alejandro Sanz<\/strong>, est\u00e1 siguiendo los pasos de su padre\u00a0en el mundo de la m\u00fasica y este martes 15 de octubre estren\u00f3 su primer\u00a0<em>EP<\/em>.<\/p>\n<p style=\"text-align: justify;\">A sus 16 a\u00f1os el\u00a0trabajo discogr\u00e1fico de la joven promesa del\u00a0<strong>rap\u00a0<\/strong>est\u00e1 compuesto por seis canciones y la portada es una foto en blanco y negro de padre e hijo.<\/p>\n<p style=\"text-align: justify;\">Con el coraz\u00f3n hinchado de orgullo, el reconocido artista comparti\u00f3\u00a0su admiraci\u00f3n hacia su hijo por este primer trabajo en el que tiene todo su apoyo.<\/p>\n<p style=\"text-align: justify;\">Escribi\u00f3 en Instagram junto a la portada de este EP llamado\u00a0SanitY<em>:<\/em><\/p>\n<p style=\"text-align: justify;\">\u00abMi admiraci\u00f3n tiene forma de persona.<strong>\u00a0Mi hijo Alex<\/strong>: m\u00fasica en vena y disco en vuelo\u00bb.<\/p>\n<figure id=\"attachment_24975\" aria-describedby=\"caption-attachment-24975\" style=\"width: 535px\" class=\"wp-caption alignnone\"><img loading=\"lazy\" loading=\"lazy\" decoding=\"async\" class=\"wp-image-24975 size-full\" src=\"https:\/\/www.latinmaps.tv\/wp-content\/uploads\/2019\/10\/alexander-hijo-alejandro-sanz-instagram-stars-world-production.png\" alt=\"\" width=\"535\" height=\"610\" \/><figcaption id=\"caption-attachment-24975\" class=\"wp-caption-text\">Alexander, hijo de\u00a0Alejandro Sanz. (Foto: Instagram)<\/figcaption><\/figure>\n<h4 style=\"text-align: justify;\"><strong>Mira el video aqu\u00ed:<\/strong><\/h4>\n<blockquote class=\"instagram-media\" style=\"background: #FFF; border: 0; border-radius: 3px; box-shadow: 0 0 1px 0 rgba(0,0,0,0.5),0 1px 10px 0 rgba(0,0,0,0.15); margin: 1px; max-width: 540px; min-width: 326px; padding: 0; width: calc(100% - 2px);\" data-instgrm-captioned=\"\" data-instgrm-permalink=\"https:\/\/www.instagram.com\/p\/B3LTT5on7Uv\/?utm_source=ig_embed&amp;utm_campaign=loading\" data-instgrm-version=\"12\">\n<div style=\"padding: 16px;\">\n<p>&nbsp;<\/p>\n<div style=\"display: flex; flex-direction: row; align-items: center;\">\n<div style=\"background-color: #f4f4f4; border-radius: 50%; flex-grow: 0; height: 40px; margin-right: 14px; width: 40px;\"><\/div>\n<div style=\"display: flex; flex-direction: column; flex-grow: 1; justify-content: center;\">\n<div style=\"background-color: #f4f4f4; border-radius: 4px; flex-grow: 0; height: 14px; margin-bottom: 6px; width: 100px;\"><\/div>\n<div style=\"background-color: #f4f4f4; border-radius: 4px; flex-grow: 0; height: 14px; width: 60px;\"><\/div>\n<\/div>\n<\/div>\n<div style=\"padding: 19% 0;\"><\/div>\n<div style=\"display: block; height: 50px; margin: 0 auto 12px; width: 50px;\"><\/div>\n<div style=\"padding-top: 8px;\">\n<div style=\"color: #3897f0; font-family: Arial,sans-serif; font-size: 14px; font-style: normal; font-weight: 550; line-height: 18px;\">Ver esta publicaci\u00f3n en Instagram<\/div>\n<\/div>\n<div style=\"padding: 12.5% 0;\"><\/div>\n<div style=\"display: flex; flex-direction: row; margin-bottom: 14px; align-items: center;\">\n<div>\n<div style=\"background-color: #f4f4f4; border-radius: 50%; height: 12.5px; width: 12.5px; transform: translateX(0px) translateY(7px);\"><\/div>\n<div style=\"background-color: #f4f4f4; height: 12.5px; transform: rotate(-45deg) translateX(3px) translateY(1px); width: 12.5px; flex-grow: 0; margin-right: 14px; margin-left: 2px;\"><\/div>\n<div style=\"background-color: #f4f4f4; border-radius: 50%; height: 12.5px; width: 12.5px; transform: translateX(9px) translateY(-18px);\"><\/div>\n<\/div>\n<div style=\"margin-left: 8px;\">\n<div style=\"background-color: #f4f4f4; border-radius: 50%; flex-grow: 0; height: 20px; width: 20px;\"><\/div>\n<div style=\"width: 0; height: 0; border-top: 2px solid transparent; border-left: 6px solid #f4f4f4; border-bottom: 2px solid transparent; transform: translateX(16px) translateY(-4px) rotate(30deg);\"><\/div>\n<\/div>\n<div style=\"margin-left: auto;\">\n<div style=\"width: 0px; border-top: 8px solid #F4F4F4; border-right: 8px solid transparent; transform: translateY(16px);\"><\/div>\n<div style=\"background-color: #f4f4f4; flex-grow: 0; height: 12px; width: 16px; transform: translateY(-4px);\"><\/div>\n<div style=\"width: 0; height: 0; border-top: 8px solid #F4F4F4; border-left: 8px solid transparent; transform: translateY(-4px) translateX(8px);\"><\/div>\n<\/div>\n<\/div>\n<p>&nbsp;<\/p>\n<p style=\"margin: 8px 0 0 0; padding: 0 4px;\"><a style=\"color: #000; font-family: Arial,sans-serif; font-size: 14px; font-style: normal; font-weight: normal; line-height: 17px; text-decoration: none; word-wrap: break-word;\" href=\"https:\/\/www.instagram.com\/p\/B3LTT5on7Uv\/?utm_source=ig_embed&amp;utm_campaign=loading\" target=\"_blank\" rel=\"noopener\">\u201cSanitY ep\u201d is done&#8230; dropping October 15\ud83e\udd70\ud83d\ude80\ud83e\uddea(Out now link in bio)<\/a><\/p>\n<p style=\"color: #c9c8cd; font-family: Arial,sans-serif; font-size: 14px; line-height: 17px; margin-bottom: 0; margin-top: 8px; overflow: hidden; padding: 8px 0 7px; text-align: center; text-overflow: ellipsis; white-space: nowrap;\">Una publicaci\u00f3n compartida de <a style=\"color: #c9c8cd; font-family: Arial,sans-serif; font-size: 14px; font-style: normal; font-weight: normal; line-height: 17px;\" href=\"https:\/\/www.instagram.com\/lxlski\/?utm_source=ig_embed&amp;utm_campaign=loading\" target=\"_blank\" rel=\"noopener\"> FL<\/a> (@lxlski) el <time style=\"font-family: Arial,sans-serif; font-size: 14px; line-height: 17px;\" datetime=\"2019-10-04T00:43:19+00:00\">3 Oct, 2019 a las 5:43 PDT<\/time><\/p>\n<\/div>\n<\/blockquote>\n<p><script async src=\"\/\/www.instagram.com\/embed.js\"><\/script><\/p>\n<p style=\"text-align: justify;\">Su estilo se asemeja poco al de su padre, ya que su g\u00e9nero es el rap y su idioma es el ingl\u00e9s. Sin embargo\u00a0el joven -cuyo nombre art\u00edstico es lxl ski-, ha querido hacerle este precioso gui\u00f1o a su figura paterna con la portada.<\/p>\n<p style=\"text-align: justify;\">Aunque para muchos esta noticia ha venido de sorpresa, la verdad es que el int\u00e9rprete de\u00a0<em>Coraz\u00f3n Part\u00edo<\/em>\u00a0ha mencionado en alguna ocasi\u00f3n la pasi\u00f3n de su hijo por la m\u00fasica.<\/p>\n<p style=\"text-align: justify;\">\u00abTiene un grupo con unos amigos. Un d\u00eda me pidi\u00f3 el estudio para grabar alguna cosa y le dije que s\u00ed pero estaba preocupado por lo que me podr\u00eda encontrar. Pero mi sorpresa fue tal que a partir de ese momento le hice saber que ten\u00eda las puertas abiertas para cuando quisiera. Es un chaval con mucho talento\u00bb, dijo hace unos meses durante una entrevista.<\/p>\n<h5><strong>Los fans dejaron comentarios como:<\/strong><\/h5>\n<ul style=\"list-style-type: square;\">\n<li>Bello felicidades.<\/li>\n<li>Mucho \u00e9xito Alex!!!!<\/li>\n<li>Lo llevas en la sangre!!!<\/li>\n<li>Enhorabuena!! Todo te va a salir muy bien.<\/li>\n<\/ul>\n<h5 style=\"text-align: justify;\"><strong>Alex, por su parte, form\u00f3 parte de la banda de su padre en su \u00faltima gira, donde en palabras de su padre:<\/strong><\/h5>\n<p style=\"text-align: justify;\">\u00abDerroch\u00f3 talento infinito\u00bb.<\/p>\n<p style=\"text-align: justify;\">Alex naci\u00f3 en 2003, fruto de una relaci\u00f3n extramatrimonial del cantante con la dise\u00f1adora puertorrique\u00f1a\u00a0<strong>Valeria Rivera<\/strong>.<\/p>\n<p style=\"text-align: justify;\">En ese momento, Sanz estaba casado con la modelo Jaydy Michel. Y no fue hasta 2006 que se supo de la existencia de su segundo hijo.<\/p>\n<p style=\"text-align: justify;\">Pero \u00e9l no es el \u00fanico de los cuatro hijos del espa\u00f1ol que ha heredado el talento para la m\u00fasica de su padre.<\/p>\n<p style=\"text-align: justify;\">Hace unos a\u00f1os,\u00a0su primog\u00e9nita Manuela\u00a0tambi\u00e9n se subi\u00f3 al escenario con su padre.<\/p>\n<p style=\"text-align: justify;\">Por su parte, Dylan, de ocho a\u00f1os, tambi\u00e9n ha demostrado\u00a0tener dotes para la m\u00fasica.<\/p>\n<h5 style=\"text-align: justify;\">Adem\u00e1s de los mencionados:<\/h5>\n<p style=\"text-align: justify;\">-Alejandro Sanz\u00a0es pap\u00e1 de Alma.<\/p>\n<p style=\"text-align: justify;\">Quien al igual que Dylan es fruto de su matrimonio con\u00a0Raquel Perera.<\/p>\n<p style=\"text-align: justify;\">Aunque no sabemos si el resto de sus hijos incursionar\u00e1n en el mundo de la m\u00fasica como Alex, lo que es seguro es que\u00a0el cantante estar\u00e1 feliz de estar al lado de sus reto\u00f1os y apoyarles incondicionalmente\u00a0sigan el camino que sea.<\/p>\n<p style=\"text-align: justify;\">\n","protected":false},"excerpt":{"rendered":"<p>Alexander, hijo de\u00a0Alejandro Sanz, est\u00e1 siguiendo los pasos de su padre\u00a0en el mundo de la m\u00fasica y este martes 15 de octubre estren\u00f3 su primer\u00a0EP. A sus 16 a\u00f1os el\u00a0trabajo discogr\u00e1fico de la joven promesa del\u00a0rap\u00a0est\u00e1 compuesto por seis canciones y la portada es una foto en blanco y negro de padre e hijo. Con [&hellip;]<\/p>\n","protected":false},"author":1,"featured_media":3137,"comment_status":"open","ping_status":"open","sticky":false,"template":"","format":"standard","meta":{"footnotes":""},"categories":[121],"tags":[563,584,1373,2846,2914,3503,3524,3744,4256,4263,4761,5141,5161,5246,5252,5396,5399,5421,5444,6332,6914,7204,7712,7720,16,7907],"class_list":["post-3136","post","type-post","status-publish","format-standard","has-post-thumbnail","category-noticias-musicales","tag-alejandro-sanz","tag-alexander","tag-cancion","tag-estrenar","tag-exito","tag-hijo","tag-hit","tag-instagram","tag-lanza","tag-lanzar","tag-material","tag-musica","tag-musical","tag-new","tag-new-single","tag-nueva","tag-nueva-cancion","tag-nuevo","tag-nuevo-tema","tag-redes-sociales","tag-single","tag-tema","tag-video","tag-videoclip","tag-viral","tag-youtube"],"_links":{"self":[{"href":"https:\/\/starsworldproduction.com\/web\/wp-json\/wp\/v2\/posts\/3136","targetHints":{"allow":["GET"]}}],"collection":[{"href":"https:\/\/starsworldproduction.com\/web\/wp-json\/wp\/v2\/posts"}],"about":[{"href":"https:\/\/starsworldproduction.com\/web\/wp-json\/wp\/v2\/types\/post"}],"author":[{"embeddable":true,"href":"https:\/\/starsworldproduction.com\/web\/wp-json\/wp\/v2\/users\/1"}],"replies":[{"embeddable":true,"href":"https:\/\/starsworldproduction.com\/web\/wp-json\/wp\/v2\/comments?post=3136"}],"version-history":[{"count":0,"href":"https:\/\/starsworldproduction.com\/web\/wp-json\/wp\/v2\/posts\/3136\/revisions"}],"wp:featuredmedia":[{"embeddable":true,"href":"https:\/\/starsworldproduction.com\/web\/wp-json\/wp\/v2\/media\/3137"}],"wp:attachment":[{"href":"https:\/\/starsworldproduction.com\/web\/wp-json\/wp\/v2\/media?parent=3136"}],"wp:term":[{"taxonomy":"category","embeddable":true,"href":"https:\/\/starsworldproduction.com\/web\/wp-json\/wp\/v2\/categories?post=3136"},{"taxonomy":"post_tag","embeddable":true,"href":"https:\/\/starsworldproduction.com\/web\/wp-json\/wp\/v2\/tags?post=3136"}],"curies":[{"name":"wp","href":"https:\/\/api.w.org\/{rel}","templated":true}]}}