{"id":3339,"date":"2019-11-21T12:45:48","date_gmt":"2019-11-21T12:45:48","guid":{"rendered":"https:\/\/www.starsworldproduction.com\/?p=3339"},"modified":"2019-11-21T12:45:48","modified_gmt":"2019-11-21T12:45:48","slug":"las-reacciones-los-artistas-cambio-look-sebastian-yatra","status":"publish","type":"post","link":"https:\/\/starsworldproduction.com\/web\/2019\/11\/21\/las-reacciones-los-artistas-cambio-look-sebastian-yatra\/","title":{"rendered":"Las reacciones de los artistas por el cambio de look de Sebasti\u00e1n Yatra"},"content":{"rendered":"<p style=\"text-align: justify;\">Sebasti\u00e1n Yatra\u00a0le ha dicho adi\u00f3s a su frondosa melena. El cantante colombiano se atrevi\u00f3 por primera vez a cortar su pelo y su flequillo y ha dejado a sus fans at\u00f3nitos al mostrar el resultado.<\/p>\n<p style=\"text-align: justify;\">\u00abSiempre quise tener el pelo corto y por fin me arriesgu\u00e9. \u00a1Cu\u00e9ntenme que les parece!\u00bb, ha preguntado el cantante junto a una foto en la que aparece con su nuevo peinado en Las Vegas, donde se est\u00e1 preparando para la vig\u00e9sima gala de los Latin Grammy 2019.<\/p>\n<p style=\"text-align: justify;\">El peinado ha alborotado a sus seguidores en cuesti\u00f3n de segundos, quienes han conseguido viralizar la imagen.\u00a0M\u00e1s de 750 mil &#8216;corazones&#8217;\u00a0y 18 mil comentarios acumula la estampa.<\/p>\n<p style=\"text-align: justify;\">Antes de mostrar el resultado de su cambio de look, el int\u00e9rprete de\u00a0No ha parado de llover\u00a0publicaba un v\u00eddeo del momento en el que le cortaban su flequillo.<\/p>\n<figure id=\"attachment_25162\" aria-describedby=\"caption-attachment-25162\" style=\"width: 461px\" class=\"wp-caption alignnone\"><img loading=\"lazy\" loading=\"lazy\" decoding=\"async\" class=\"wp-image-25162 size-full\" src=\"https:\/\/www.latinmaps.tv\/wp-content\/uploads\/2019\/11\/sebastian-yatra-look-instagram-stars-world-production.png\" alt=\"\" width=\"461\" height=\"542\" \/><figcaption id=\"caption-attachment-25162\" class=\"wp-caption-text\">Sebasti\u00e1n Yatra cambio de look. (Foto: Instagram)<\/figcaption><\/figure>\n<p style=\"text-align: justify;\">La comentarios que ha recibido son en su mayor\u00eda positivos, aunque parece que otros como\u00a0Luis Fonsi\u00a0todav\u00eda no tienen muy claro que pensar al respecto.<\/p>\n<p style=\"text-align: justify;\">El cantante puertorrique\u00f1o comentaba la publicaci\u00f3n del reguetonero con unos emoticonos dubitativos.<\/p>\n<p style=\"text-align: justify;\">Por su parte,\u00a0Ricky Martin\u00a0parece que est\u00e1 de acuerdo con Sebasti\u00e1n Yatra en que necesitaba un cambio de look. \u00ab\u00a1Eso!\u00bb, reaccionaba a la noticia.<\/p>\n<p>&nbsp;<\/p>\n<div id=\"textolimpio\">\n<h4><strong>\u00bfY t\u00fa? \u00bfQu\u00e9 opinas de su cambio?\u00a0<\/strong><\/h4>\n<\/div>\n<div class=\"social-box static noticias\"><\/div>\n","protected":false},"excerpt":{"rendered":"<p>Sebasti\u00e1n Yatra\u00a0le ha dicho adi\u00f3s a su frondosa melena. El cantante colombiano se atrevi\u00f3 por primera vez a cortar su pelo y su flequillo y ha dejado a sus fans at\u00f3nitos al mostrar el resultado. \u00abSiempre quise tener el pelo corto y por fin me arriesgu\u00e9. \u00a1Cu\u00e9ntenme que les parece!\u00bb, ha preguntado el cantante junto [&hellip;]<\/p>\n","protected":false},"author":1,"featured_media":3340,"comment_status":"open","ping_status":"open","sticky":false,"template":"","format":"standard","meta":{"footnotes":""},"categories":[121],"tags":[771,1338,1403,1767,1771,1956,2843,2914,3130,3524,3744,4322,4513,5141,5246,5421,5990,6242,6332,6738,16],"class_list":["post-3339","post","type-post","status-publish","format-standard","has-post-thumbnail","category-noticias-musicales","tag-apariencia","tag-cambio","tag-cantante","tag-colombia","tag-colombiano","tag-corte","tag-estrena","tag-exito","tag-foto","tag-hit","tag-instagram","tag-latino","tag-look","tag-musica","tag-new","tag-nuevo","tag-presenta","tag-rapar","tag-redes-sociales","tag-sebastian-yatra","tag-viral"],"_links":{"self":[{"href":"https:\/\/starsworldproduction.com\/web\/wp-json\/wp\/v2\/posts\/3339","targetHints":{"allow":["GET"]}}],"collection":[{"href":"https:\/\/starsworldproduction.com\/web\/wp-json\/wp\/v2\/posts"}],"about":[{"href":"https:\/\/starsworldproduction.com\/web\/wp-json\/wp\/v2\/types\/post"}],"author":[{"embeddable":true,"href":"https:\/\/starsworldproduction.com\/web\/wp-json\/wp\/v2\/users\/1"}],"replies":[{"embeddable":true,"href":"https:\/\/starsworldproduction.com\/web\/wp-json\/wp\/v2\/comments?post=3339"}],"version-history":[{"count":0,"href":"https:\/\/starsworldproduction.com\/web\/wp-json\/wp\/v2\/posts\/3339\/revisions"}],"wp:featuredmedia":[{"embeddable":true,"href":"https:\/\/starsworldproduction.com\/web\/wp-json\/wp\/v2\/media\/3340"}],"wp:attachment":[{"href":"https:\/\/starsworldproduction.com\/web\/wp-json\/wp\/v2\/media?parent=3339"}],"wp:term":[{"taxonomy":"category","embeddable":true,"href":"https:\/\/starsworldproduction.com\/web\/wp-json\/wp\/v2\/categories?post=3339"},{"taxonomy":"post_tag","embeddable":true,"href":"https:\/\/starsworldproduction.com\/web\/wp-json\/wp\/v2\/tags?post=3339"}],"curies":[{"name":"wp","href":"https:\/\/api.w.org\/{rel}","templated":true}]}}