{"id":3359,"date":"2019-11-25T13:21:21","date_gmt":"2019-11-25T13:21:21","guid":{"rendered":"https:\/\/www.starsworldproduction.com\/?p=3359"},"modified":"2019-11-25T13:21:21","modified_gmt":"2019-11-25T13:21:21","slug":"yatra-anitta-fito-paez-tini-alentaron-asi-al-flamengo-river-plate-increible-show","status":"publish","type":"post","link":"https:\/\/starsworldproduction.com\/web\/2019\/11\/25\/yatra-anitta-fito-paez-tini-alentaron-asi-al-flamengo-river-plate-increible-show\/","title":{"rendered":"Yatra, Anitta, Fito P\u00e1ez y Tini alentaron as\u00ed al Flamengo y River Plate con incre\u00edble show"},"content":{"rendered":"<p style=\"text-align: justify;\">Fito P\u00e1ez, Sebasti\u00e1n Yatra, Anitta y Tini Stoessel interpretaron \u201cY dale alegr\u00eda en mi coraz\u00f3n\u201d en la final de la\u00a0Copa Libertadores 2019, partido donde el Flamengo se impuso al River Plate.<\/p>\n<p style=\"text-align: justify;\">Sebasti\u00e1n Yatra\u00a0emple\u00f3 su cuenta en Instagram para compartir un video en el que se le aprecia alentando al Flamengo y River Plate, equipos que se enfrentaron en la final de la\u00a0Copa Libertadores\u00a02019.<\/p>\n<p style=\"text-align: justify;\">En las im\u00e1genes compartidas por el int\u00e9rprete colombiano tambi\u00e9n aparecen:<\/p>\n<ul style=\"list-style-type: square;\">\n<li style=\"text-align: justify;\">Anitta.<\/li>\n<li style=\"text-align: justify;\">Fito P\u00e1ez.<\/li>\n<li style=\"text-align: justify;\">Tini.<\/li>\n<\/ul>\n<p style=\"text-align: justify;\">Cabe destacar que los argentinos Fito y Tini, adem\u00e1s de la brasile\u00f1a Anitta y el colombiano Yatra amenizaron los proleg\u00f3menos de la final de la\u00a0Copa Libertadores.<\/p>\n<h4><strong>As\u00ed que mira su presentaci\u00f3n aqu\u00ed:<\/strong><\/h4>\n<p><iframe loading=\"lazy\" src=\"https:\/\/www.youtube.com\/embed\/n9hsX-jl1FI\" width=\"560\" height=\"315\" frameborder=\"0\" allowfullscreen=\"allowfullscreen\"><\/iframe><\/p>\n<h5 style=\"text-align: justify;\"><strong>La breve actuaci\u00f3n musical:<\/strong><\/h5>\n<ul style=\"list-style-type: square;\">\n<li style=\"text-align: justify;\">Fito se sent\u00f3 frente a un piano colocado en mitad de la cancha.<\/li>\n<li style=\"text-align: justify;\">Adem\u00e1s dio paso a la coreograf\u00eda de una serie de bailarines que se movieron al ritmo de la m\u00fasica con banderas distintivas por los colores de los dos equipos.<\/li>\n<\/ul>\n<p class=\"story-content__font--secondary mb-25 title-xs line-h-md mt-20 secondary-font pr-20\" style=\"text-align: justify;\">El n\u00famero termin\u00f3 cuando:<\/p>\n<p class=\"story-content__font--secondary mb-25 title-xs line-h-md mt-20 secondary-font pr-20\" style=\"text-align: justify;\">Desplegaron sobre el c\u00e9sped del Monumental unas telas.<\/p>\n<p class=\"story-content__font--secondary mb-25 title-xs line-h-md mt-20 secondary-font pr-20\" style=\"text-align: justify;\">Con la silueta de:<\/p>\n<ul style=\"list-style-type: square;\">\n<li class=\"story-content__font--secondary mb-25 title-xs line-h-md mt-20 secondary-font pr-20\" style=\"text-align: justify;\">La Copa.<\/li>\n<li class=\"story-content__font--secondary mb-25 title-xs line-h-md mt-20 secondary-font pr-20\" style=\"text-align: justify;\">Los escudos de ambos clubes.<\/li>\n<\/ul>\n<p class=\"story-content__font--secondary mb-25 title-xs line-h-md mt-20 secondary-font pr-20\" style=\"text-align: justify;\">Fito P\u00e1ez acudi\u00f3 a presenciar la final del equipo bonaerense al aprovechar que se encontraba en la capital peruana para actuar en la noche en el festival:<\/p>\n<p class=\"story-content__font--secondary mb-25 title-xs line-h-md mt-20 secondary-font pr-20\" style=\"text-align: justify;\">-\u201cVivos x el rock\u201d.<\/p>\n<p class=\"story-content__font--secondary mb-25 title-xs line-h-md mt-20 secondary-font pr-20\" style=\"text-align: justify;\">Uno de los siete acontecimientos masivos que coinciden en Lima con la celebraci\u00f3n de la final de la m\u00e1xima competici\u00f3n continental a nivel de clubes.<\/p>\n<p class=\"story-content__font--secondary mb-25 title-xs line-h-md mt-20 secondary-font pr-20\" style=\"text-align: justify;\">Por su parte:<\/p>\n<p class=\"story-content__font--secondary mb-25 title-xs line-h-md mt-20 secondary-font pr-20\" style=\"text-align: justify;\">Yatra tambi\u00e9n estaba de paso en la capital peruana para ofrecer un concierto cerca del estadio donde se celebra la final.<\/p>\n<p class=\"story-content__font--secondary mb-25 title-xs line-h-md mt-20 secondary-font pr-20\" style=\"text-align: justify;\">El espect\u00e1culo previo al partido culmin\u00f3 cuando antes de salir los dos equipos fue presentado el trofeo.<\/p>\n<h5 class=\"story-content__font--secondary mb-25 title-xs line-h-md mt-20 secondary-font pr-20\" style=\"text-align: justify;\"><strong> Escoltado por una patrulla de:<\/strong><\/h5>\n<p class=\"story-content__font--secondary mb-25 title-xs line-h-md mt-20 secondary-font pr-20\" style=\"text-align: justify;\">-Soldados imperiales de la Guerra de las Galaxias.<\/p>\n<p class=\"story-content__font--secondary mb-25 title-xs line-h-md mt-20 secondary-font pr-20\" style=\"text-align: justify;\">\n","protected":false},"excerpt":{"rendered":"<p>Fito P\u00e1ez, Sebasti\u00e1n Yatra, Anitta y Tini Stoessel interpretaron \u201cY dale alegr\u00eda en mi coraz\u00f3n\u201d en la final de la\u00a0Copa Libertadores 2019, partido donde el Flamengo se impuso al River Plate. Sebasti\u00e1n Yatra\u00a0emple\u00f3 su cuenta en Instagram para compartir un video en el que se le aprecia alentando al Flamengo y River Plate, equipos que [&hellip;]<\/p>\n","protected":false},"author":1,"featured_media":3360,"comment_status":"open","ping_status":"open","sticky":false,"template":"","format":"standard","meta":{"footnotes":""},"categories":[121],"tags":[728,2166,2728,2877,2914,3096,3102,3136,3188,3524,3744,5141,5161,5991,6332,6528,6853,7316,7726,16,7877,7907],"class_list":["post-3359","post","type-post","status-publish","format-standard","has-post-thumbnail","category-noticias-musicales","tag-anitta","tag-deporte","tag-equipos","tag-evento","tag-exito","tag-fito-paez","tag-flamengo","tag-fotos","tag-futbol","tag-hit","tag-instagram","tag-musica","tag-musical","tag-presentacion","tag-redes-sociales","tag-river-plate","tag-show","tag-tini","tag-videos","tag-viral","tag-yatra","tag-youtube"],"_links":{"self":[{"href":"https:\/\/starsworldproduction.com\/web\/wp-json\/wp\/v2\/posts\/3359","targetHints":{"allow":["GET"]}}],"collection":[{"href":"https:\/\/starsworldproduction.com\/web\/wp-json\/wp\/v2\/posts"}],"about":[{"href":"https:\/\/starsworldproduction.com\/web\/wp-json\/wp\/v2\/types\/post"}],"author":[{"embeddable":true,"href":"https:\/\/starsworldproduction.com\/web\/wp-json\/wp\/v2\/users\/1"}],"replies":[{"embeddable":true,"href":"https:\/\/starsworldproduction.com\/web\/wp-json\/wp\/v2\/comments?post=3359"}],"version-history":[{"count":0,"href":"https:\/\/starsworldproduction.com\/web\/wp-json\/wp\/v2\/posts\/3359\/revisions"}],"wp:featuredmedia":[{"embeddable":true,"href":"https:\/\/starsworldproduction.com\/web\/wp-json\/wp\/v2\/media\/3360"}],"wp:attachment":[{"href":"https:\/\/starsworldproduction.com\/web\/wp-json\/wp\/v2\/media?parent=3359"}],"wp:term":[{"taxonomy":"category","embeddable":true,"href":"https:\/\/starsworldproduction.com\/web\/wp-json\/wp\/v2\/categories?post=3359"},{"taxonomy":"post_tag","embeddable":true,"href":"https:\/\/starsworldproduction.com\/web\/wp-json\/wp\/v2\/tags?post=3359"}],"curies":[{"name":"wp","href":"https:\/\/api.w.org\/{rel}","templated":true}]}}