{"id":3369,"date":"2019-11-26T13:18:14","date_gmt":"2019-11-26T13:18:14","guid":{"rendered":"https:\/\/www.starsworldproduction.com\/?p=3369"},"modified":"2019-11-26T13:18:14","modified_gmt":"2019-11-26T13:18:14","slug":"carlos-vives-sera-galardonado-labor-social","status":"publish","type":"post","link":"https:\/\/starsworldproduction.com\/web\/2019\/11\/26\/carlos-vives-sera-galardonado-labor-social\/","title":{"rendered":"Carlos Vives ser\u00e1 galardonado por su labor social"},"content":{"rendered":"<p style=\"text-align: justify;\">El m\u00fasico\u00a0<b>Carlos Vives<\/b>\u00a0recibir\u00e1 el pr\u00f3ximo 2 de diciembre en Nueva York el Premio de Impacto Latino por el trabajo de la fundaci\u00f3n Tras la Perla, creada por el artista para promover el desarrollo sostenible de su ciudad natal, la localidad colombiana de Santa Marta.<\/p>\n<p style=\"text-align: justify;\">Seg\u00fan anunci\u00f3 este lunes la organizaci\u00f3n de este galard\u00f3n, Vives recibir\u00e1 el reconocimiento en el marco del:<\/p>\n<p style=\"text-align: justify;\">\u201cLatino Impact Summit\u201d.<\/p>\n<p style=\"text-align: justify;\">En una reuni\u00f3n de l\u00edderes hispanos que se celebra en la sede de\u00a0<b>Naciones Unidas<\/b>.<\/p>\n<p style=\"text-align: justify;\">As\u00ed se\u00f1al\u00f3 en un comunicado Estefan\u00eda Grajales, directora de la Alianza de Impacto Latino, organizadora del evento:<\/p>\n<p class=\"story-content__font--secondary mb-25 title-xs line-h-md mt-20 secondary-font pr-20\" style=\"text-align: justify;\">\u00abEste a\u00f1o, como en las ediciones anteriores, queremos reconocer y exaltar el trabajo de l\u00edderes latinos que aportan desde diversos escenarios al crecimiento y desarrollo sostenible de las Am\u00e9ricas\u00bb.<\/p>\n<h5 class=\"story-content__font--secondary mb-25 title-xs line-h-md mt-20 secondary-font pr-20\" style=\"text-align: justify;\"><strong>Tras la Perla:<\/strong><\/h5>\n<p class=\"story-content__font--secondary mb-25 title-xs line-h-md mt-20 secondary-font pr-20\" style=\"text-align: justify;\">Es una fundaci\u00f3n creada por Vives en 2015.<\/p>\n<h5 class=\"story-content__font--secondary mb-25 title-xs line-h-md mt-20 secondary-font pr-20\" style=\"text-align: justify;\"><strong> Tiene como objetivo:<\/strong><\/h5>\n<p class=\"story-content__font--secondary mb-25 title-xs line-h-md mt-20 secondary-font pr-20\" style=\"text-align: justify;\">Promover mejoras en la calidad de vida de Santa Marta y su regi\u00f3n potenciando un desarrollo sostenible.<\/p>\n<h5 class=\"story-content__font--secondary mb-25 title-xs line-h-md mt-20 secondary-font pr-20\" style=\"text-align: justify;\"><strong>Entre sus proyectos destaca:<\/strong><\/h5>\n<p class=\"story-content__font--secondary mb-25 title-xs line-h-md mt-20 secondary-font pr-20\" style=\"text-align: justify;\">Recuperar el barrio de Pesca\u00edto, un vulnerable vecindario de \u00abla perla de Am\u00e9rica\u00bb, como se conoce a Santa Marta.<\/p>\n<h5 class=\"story-content__font--secondary mb-25 title-xs line-h-md mt-20 secondary-font pr-20\" style=\"text-align: justify;\"><strong>El evento se realizara:<\/strong><\/h5>\n<p class=\"story-content__font--secondary mb-25 title-xs line-h-md mt-20 secondary-font pr-20\" style=\"text-align: justify;\">El 2 de diciembre en Nueva York donde Vives podra recoger el premio, que se entregar\u00e1 durante la cuarta edici\u00f3n del \u00abLatino Impact Summit\u00bb.<\/p>\n<h5 class=\"story-content__font--secondary mb-25 title-xs line-h-md mt-20 secondary-font pr-20\" style=\"text-align: justify;\"><strong>Este evento, que organiza la Alianza de Impacto Latino, busca promover:<\/strong><\/h5>\n<p class=\"story-content__font--secondary mb-25 title-xs line-h-md mt-20 secondary-font pr-20\" style=\"text-align: justify;\">Alianzas para el crecimiento y el desarrollo sostenible de las Am\u00e9rica.<\/p>\n<p class=\"story-content__font--secondary mb-25 title-xs line-h-md mt-20 secondary-font pr-20\" style=\"text-align: justify;\">Adem\u00e1s que cuenta con el apoyo de Naciones nidas.<\/p>\n<p class=\"story-content__font--secondary mb-25 title-xs line-h-md mt-20 secondary-font pr-20\" style=\"text-align: justify;\">En esta ocasi\u00f3n, la reuni\u00f3n tendr\u00e1 como eje central de an\u00e1lisis y discusi\u00f3n el crecimiento econ\u00f3mico inclusivo de Am\u00e9rica Latina y a Colombia como pa\u00eds foco.<\/p>\n<p class=\"story-content__font--secondary mb-25 title-xs line-h-md mt-20 secondary-font pr-20\" style=\"text-align: justify;\">Seg\u00fan sus organizadores, la cita reunir\u00e1 a m\u00e1s de 300 l\u00edderes de la regi\u00f3n, entre acad\u00e9micos, empresarios, artistas y responsables de gobierno, entre otros, para proponer soluciones a los retos y oportunidades que plantean los Objetivos de Desarrollo Sostenible.<\/p>\n<p style=\"text-align: justify;\">\n","protected":false},"excerpt":{"rendered":"<p>El m\u00fasico\u00a0Carlos Vives\u00a0recibir\u00e1 el pr\u00f3ximo 2 de diciembre en Nueva York el Premio de Impacto Latino por el trabajo de la fundaci\u00f3n Tras la Perla, creada por el artista para promover el desarrollo sostenible de su ciudad natal, la localidad colombiana de Santa Marta. Seg\u00fan anunci\u00f3 este lunes la organizaci\u00f3n de este galard\u00f3n, Vives recibir\u00e1 [&hellip;]<\/p>\n","protected":false},"author":1,"featured_media":3371,"comment_status":"open","ping_status":"open","sticky":false,"template":"","format":"standard","meta":{"footnotes":""},"categories":[121],"tags":[941,1403,1484,1767,1771,2877,2914,3178,3524,3744,4199,5141,5927,6332,6933,16],"class_list":["post-3369","post","type-post","status-publish","format-standard","has-post-thumbnail","category-noticias-musicales","tag-ayuda","tag-cantante","tag-carlos-vives","tag-colombia","tag-colombiano","tag-evento","tag-exito","tag-fundacion","tag-hit","tag-instagram","tag-la-perla","tag-musica","tag-premio","tag-redes-sociales","tag-social","tag-viral"],"_links":{"self":[{"href":"https:\/\/starsworldproduction.com\/web\/wp-json\/wp\/v2\/posts\/3369","targetHints":{"allow":["GET"]}}],"collection":[{"href":"https:\/\/starsworldproduction.com\/web\/wp-json\/wp\/v2\/posts"}],"about":[{"href":"https:\/\/starsworldproduction.com\/web\/wp-json\/wp\/v2\/types\/post"}],"author":[{"embeddable":true,"href":"https:\/\/starsworldproduction.com\/web\/wp-json\/wp\/v2\/users\/1"}],"replies":[{"embeddable":true,"href":"https:\/\/starsworldproduction.com\/web\/wp-json\/wp\/v2\/comments?post=3369"}],"version-history":[{"count":0,"href":"https:\/\/starsworldproduction.com\/web\/wp-json\/wp\/v2\/posts\/3369\/revisions"}],"wp:featuredmedia":[{"embeddable":true,"href":"https:\/\/starsworldproduction.com\/web\/wp-json\/wp\/v2\/media\/3371"}],"wp:attachment":[{"href":"https:\/\/starsworldproduction.com\/web\/wp-json\/wp\/v2\/media?parent=3369"}],"wp:term":[{"taxonomy":"category","embeddable":true,"href":"https:\/\/starsworldproduction.com\/web\/wp-json\/wp\/v2\/categories?post=3369"},{"taxonomy":"post_tag","embeddable":true,"href":"https:\/\/starsworldproduction.com\/web\/wp-json\/wp\/v2\/tags?post=3369"}],"curies":[{"name":"wp","href":"https:\/\/api.w.org\/{rel}","templated":true}]}}