{"id":3422,"date":"2019-12-02T12:55:24","date_gmt":"2019-12-02T12:55:24","guid":{"rendered":"https:\/\/www.starsworldproduction.com\/?p=3422"},"modified":"2019-12-02T12:55:24","modified_gmt":"2019-12-02T12:55:24","slug":"exito-andres-calamaro-los-discos-mensajes-una-botella","status":"publish","type":"post","link":"https:\/\/starsworldproduction.com\/web\/2019\/12\/02\/exito-andres-calamaro-los-discos-mensajes-una-botella\/","title":{"rendered":"El \u00e9xito de Andr\u00e9s Calamaro: \u201cLos discos son mensajes en una botella\u201d"},"content":{"rendered":"<p style=\"text-align: justify;\">Fue doblemente condecorado en los Grammy Latinos, \u2018El Salm\u00f3n\u2019 que sin duda ha hecho historia en la m\u00fasica latina. Con quince discos de estudio, seis en vivo, diez recopilatorios, 66 apariciones en otros discos, dos bandas sonoras, dos presencias en el cine, dos programas de radio y una multitud de premios y nominaciones lo convierten en un sujeto altamente respetable, sin duda. En medio de la gira de presentaciones de su nuevo disco \u201cCargar la suerte\u201d,\u00a0<b>Andr\u00e9s Calamaro<\/b>\u00a0(Buenos Aires, 1961) se detiene a pensar en el Per\u00fa un pa\u00eds que lo ha tratado muy bien, a partir de ese verano de 1985 cuando vino con Los Abuelos de la Nada para la Telet\u00f3n y se qued\u00f3 una semana en casa de Miki Gonz\u00e1lez.<\/p>\n<p style=\"text-align: justify;\">\u201cAquella semana en Lima fue una delicia. \u00cdbamos en el coche de Miki a comer mejillones y a escuchar m\u00fasica en la playa. Junto a Daniel [Melingo] hicimos alguna tocada con caj\u00f3n peruano, luego ya en Buenos Aires, grabar\u00edamos las colaboraciones para su disco [\u201cPuedes ser t\u00fa\u201d]. Pero all\u00e1 nos dedicamos b\u00e1sicamente a pasarla bien. Recuerdo el Volkswagen a la playa, escuchando a Leo M. y a Patricio Rey como si fuera un sue\u00f1o\u201d.<\/p>\n<h5 class=\"story-content__font--secondary mb-25 title-xs line-h-md mt-20 secondary-font pr-20\" style=\"text-align: justify;\"><b>\u2014\u00bfY qu\u00e9 te suscita el Per\u00fa actual?<\/b><\/h5>\n<p class=\"story-content__font--secondary mb-25 title-xs line-h-md mt-20 secondary-font pr-20\" style=\"text-align: justify;\">Per\u00fa es el reducto austral de la salsa. La conocen, vieron a Lavoe en vivo. Adem\u00e1s del \u2018boom\u2019 europeo de la chicha en los 90, creo que los m\u00e1s influyentes en la cultura del siglo XXI son Gast\u00f3n [Acurio], que convirti\u00f3 su cocina en l\u00edder mundial de gastronom\u00eda, y [el torero] Andr\u00e9s Roca Rey. En condiciones normales ser\u00edan portada de la revista \u201cTime\u201d. Lo de Andr\u00e9s es muy grande, tienen que estar muy orgullosos del maestro.<\/p>\n<p class=\"story-content__font--secondary mb-25 title-xs line-h-md mt-20 secondary-font pr-20\" style=\"text-align: justify;\"><b>\u2014El arco temporal entre el candombe de Ra\u00edces hasta Cargar la Suerte \u2013pasando por B.O.V. Dombe, Ray Milland Band, Los Abuelos, Los Rodr\u00edguez, etc.\u2013 compromete seriamente la m\u00e9dula del rock en espa\u00f1ol. \u00bfC\u00f3mo asumes ese peso hist\u00f3rico?<\/b><\/p>\n<p class=\"story-content__font--secondary mb-25 title-xs line-h-md mt-20 secondary-font pr-20\" style=\"text-align: justify;\">Me enfrento al siguiente recital. Estamos promediando una gira comprometida y exigente de dos a\u00f1os. Me gustar\u00eda tener cabeza o tiempo para preparar m\u00e1s discos. Una gira genera expectativas, incluso ansiedad. Pero hacemos lo posible, disfrutamos de un recital bueno. Todos los m\u00fasicos nos asumimos y nos enfrentamos a veces con nosotros mismos. No asumo el peso hist\u00f3rico, tengo dos horas para cantar y tener buenas sensaciones en el escenario. La m\u00fasica es tiempo real. Es como pintar un cuadro y quemarlo despu\u00e9s.<\/p>\n<p class=\"story-content__font--secondary mb-25 title-xs line-h-md mt-20 secondary-font pr-20\" style=\"text-align: justify;\"><b>\u2014Dylan te extiende la mano, te dice \u201cten\u00eda muchas ganas de conocerte\u201d y t\u00fa sigues vivo. \u00bfEso es la inmortalidad?<\/b><\/p>\n<p class=\"story-content__font--secondary mb-25 title-xs line-h-md mt-20 secondary-font pr-20\" style=\"text-align: justify;\">No creo, eran las bambalinas de un teatro en Gij\u00f3n y llev\u00e1bamos un buen pedo con mi amigo Carlos. La \u2018posteridad\u2019 en la m\u00fasica son 50 a\u00f1os. Que no nos constan porque la posteridad no nos comprende. La muerte nos prefiere vivos.<\/p>\n<h5 class=\"story-content__font--secondary mb-25 title-xs line-h-md mt-20 secondary-font pr-20\" style=\"text-align: justify;\"><b>\u2014Dijiste que quer\u00edas retirarte joven y ser el m\u00e1s n\u00f3made de los sedentarios.<\/b><\/h5>\n<p class=\"story-content__font--secondary mb-25 title-xs line-h-md mt-20 secondary-font pr-20\" style=\"text-align: justify;\">Ya no puedo retirarme joven. Le doy la vida a la m\u00fasica. Soy n\u00f3made de oficio (\u201cel destino refluye en mis orillas alas color aceituna y R\u00edo de la Plata\u201d). La vida, como un toro, se divide en tres tercios. Tocar, viajar y quedarme en casa. No paso mucho tiempo en el mismo lugar; sin embargo, me considero de naturaleza sedentaria. Nacimos equivocados. De este a\u00f1o voy a recordar la levedad positiva de vivir solo y una gira muy buena.<\/p>\n<p class=\"story-content__font--secondary mb-25 title-xs line-h-md mt-20 secondary-font pr-20\" style=\"text-align: justify;\"><b>\u2014Tambi\u00e9n dijiste que te gustar\u00eda que se descubrieran tus grabaciones m\u00e1s \u2018\u00e1speras\u2019 a tiempo. \u00bfEn qu\u00e9 medida \u201cMil horas\u201d, \u201cSin documentos\u201d, \u201cFlaca\u201d o \u201cTe quiero igual\u201d son capaces de obliterar una obra de 15 discos ejemplares?<\/b><\/p>\n<p class=\"story-content__font--secondary mb-25 title-xs line-h-md mt-20 secondary-font pr-20\" style=\"text-align: justify;\">Las canciones que mencionas trascienden a la persona. No me pertenecen, las cantan en toda Am\u00e9rica, en cumplea\u00f1os y bautizos. He decidido considerar la m\u00fasica como algo que ocurre en tiempo real. Los discos son mensajes en una botella. No hay justicia para los discos y casi siempre son experimentos no siempre exitosos.<\/p>\n<p class=\"story-content__font--secondary mb-25 title-xs line-h-md mt-20 secondary-font pr-20\" style=\"text-align: justify;\"><b>\u2014Coincidiste con Cerati en The Morgan, Stress, Los Estereotipos y Proyecto Erek-to. \u00bfCu\u00e1l es su legado?<\/b><\/p>\n<p class=\"story-content__font--secondary mb-25 title-xs line-h-md mt-20 secondary-font pr-20\" style=\"text-align: justify;\">Pasi\u00f3n o deseo, quiz\u00e1 las dos cosas. Al volumen de obra y triunfos de Gustavo con Soda y en solitario no se accede solo con voluntad, talento y canciones. Gustavo es contempor\u00e1neo y popular, muy querido. En las grabaciones como en el escenario buscaba la excelencia y cantaba siempre bien.<\/p>\n<h5 class=\"story-content__font--secondary mb-25 title-xs line-h-md mt-20 secondary-font pr-20\" style=\"text-align: justify;\"><b>\u2014\u201cTodo lo que tiene sonidos negros tiene duende\u201d, dice el fara\u00f3n del cante jondo. \u00bfDe qu\u00e9 color es tu m\u00fasica?<\/b><\/h5>\n<p class=\"story-content__font--secondary mb-25 title-xs line-h-md mt-20 secondary-font pr-20\" style=\"text-align: justify;\">Los m\u00fasicos blancos vestimos de negro, honramos el luto. Sobran los motivos para llevarlo puesto. Garc\u00eda Lorca define el duende como ese esp\u00edritu inexplicable que se le aparece solo a algunos artistas en Andaluc\u00eda. Los cantantes aprendemos del blues, del flamenco y del son de Puerto Rico. R\u00edo color ne\u00f3n, Espa\u00f1a rojigualda, sangre de negros y diamantes en alm\u00edbar. Esos colores. Viva la m\u00fasica.<\/p>\n<p style=\"text-align: justify;\">\n","protected":false},"excerpt":{"rendered":"<p>Fue doblemente condecorado en los Grammy Latinos, \u2018El Salm\u00f3n\u2019 que sin duda ha hecho historia en la m\u00fasica latina. Con quince discos de estudio, seis en vivo, diez recopilatorios, 66 apariciones en otros discos, dos bandas sonoras, dos presencias en el cine, dos programas de radio y una multitud de premios y nominaciones lo convierten [&hellip;]<\/p>\n","protected":false},"author":1,"featured_media":3423,"comment_status":"open","ping_status":"open","sticky":false,"template":"","format":"standard","meta":{"footnotes":""},"categories":[121],"tags":[695,804,807,1403,2307,2914,3524,3744,4896,5141,5161,6332,6883,7438,16],"class_list":["post-3422","post","type-post","status-publish","format-standard","has-post-thumbnail","category-noticias-musicales","tag-andres-calamaro","tag-argentina","tag-argentino","tag-cantante","tag-discos","tag-exito","tag-hit","tag-instagram","tag-mensajes","tag-musica","tag-musical","tag-redes-sociales","tag-significado","tag-trayectoria","tag-viral"],"_links":{"self":[{"href":"https:\/\/starsworldproduction.com\/web\/wp-json\/wp\/v2\/posts\/3422","targetHints":{"allow":["GET"]}}],"collection":[{"href":"https:\/\/starsworldproduction.com\/web\/wp-json\/wp\/v2\/posts"}],"about":[{"href":"https:\/\/starsworldproduction.com\/web\/wp-json\/wp\/v2\/types\/post"}],"author":[{"embeddable":true,"href":"https:\/\/starsworldproduction.com\/web\/wp-json\/wp\/v2\/users\/1"}],"replies":[{"embeddable":true,"href":"https:\/\/starsworldproduction.com\/web\/wp-json\/wp\/v2\/comments?post=3422"}],"version-history":[{"count":0,"href":"https:\/\/starsworldproduction.com\/web\/wp-json\/wp\/v2\/posts\/3422\/revisions"}],"wp:featuredmedia":[{"embeddable":true,"href":"https:\/\/starsworldproduction.com\/web\/wp-json\/wp\/v2\/media\/3423"}],"wp:attachment":[{"href":"https:\/\/starsworldproduction.com\/web\/wp-json\/wp\/v2\/media?parent=3422"}],"wp:term":[{"taxonomy":"category","embeddable":true,"href":"https:\/\/starsworldproduction.com\/web\/wp-json\/wp\/v2\/categories?post=3422"},{"taxonomy":"post_tag","embeddable":true,"href":"https:\/\/starsworldproduction.com\/web\/wp-json\/wp\/v2\/tags?post=3422"}],"curies":[{"name":"wp","href":"https:\/\/api.w.org\/{rel}","templated":true}]}}