{"id":3483,"date":"2019-12-10T12:45:30","date_gmt":"2019-12-10T12:45:30","guid":{"rendered":"https:\/\/www.starsworldproduction.com\/?p=3483"},"modified":"2019-12-10T12:45:30","modified_gmt":"2019-12-10T12:45:30","slug":"escucha-nuevo-album-romance-camila-cabello","status":"publish","type":"post","link":"https:\/\/starsworldproduction.com\/web\/2019\/12\/10\/escucha-nuevo-album-romance-camila-cabello\/","title":{"rendered":"Escucha el nuevo \u00e1lbum \u201cRomance\u201d de Camila Cabello"},"content":{"rendered":"<p class=\"story-content__font--secondary mb-25 title-xs line-h-md mt-20 secondary-font pr-20\" style=\"text-align: justify;\">La cantante cubanoestadounidense\u00a0Camila Cabello public\u00f3 hoy su nuevo disco, que lleva por t\u00edtulo \u201cRomance\u201d,\u00a0en medio de una gran expectativa de sus fans.<\/p>\n<p class=\"story-content__font--secondary mb-25 title-xs line-h-md mt-20 secondary-font pr-20\" style=\"text-align: justify;\">\u201cAhora es todo vuestro. Por favor, cu\u00e9ntenme lo que piensan. Me muero por saber\u201d, dijo la artista en Instagram, donde tiene 44,2 millones de seguidores, por medio de un mensaje que acompa\u00f1\u00f3 con la portada de este nuevo \u00e1lbum.<\/p>\n<p class=\"story-content__font--secondary mb-25 title-xs line-h-md mt-20 secondary-font pr-20\" style=\"text-align: justify;\">Se trata del segundo trabajo en solitario de Camila Cabello\u00a0tras su debut \u201cCamila\u201d (2018), con el que comenz\u00f3 su carrera al margen del grupo Fifth Harmony y que inclu\u00eda el \u00e9xito \u201cHavana\u201d.<\/p>\n<h4><strong>Escucha uno de sus temas aqu\u00ed:<\/strong><\/h4>\n<p><iframe loading=\"lazy\" src=\"https:\/\/www.youtube.com\/embed\/XW0zv8Jhtnk\" width=\"560\" height=\"315\" frameborder=\"0\" allowfullscreen=\"allowfullscreen\"><\/iframe><\/p>\n<p class=\"story-content__font--secondary mb-25 title-xs line-h-md mt-20 secondary-font pr-20\" style=\"text-align: justify;\">En este caso, \u201cRomance\u201d tambi\u00e9n llega precedido de una canci\u00f3n de gran eco como:<\/p>\n<p class=\"story-content__font--secondary mb-25 title-xs line-h-md mt-20 secondary-font pr-20\" style=\"text-align: justify;\">-\u201cSe\u00f1orita\u201d, en la que uni\u00f3 su voz a la de su pareja sentimental Shawn Mendes.<\/p>\n<p class=\"story-content__font--secondary mb-25 title-xs line-h-md mt-20 secondary-font pr-20\" style=\"text-align: justify;\">Esta canci\u00f3n recibi\u00f3 una nominaci\u00f3n en la categor\u00eda de mejor actuaci\u00f3n pop de un d\u00fao o un grupo para la 62 edici\u00f3n de los Grammy, que se celebrar\u00e1 en Los \u00c1ngeles (EE.UU.) el pr\u00f3ximo 26 de enero.<\/p>\n<p class=\"story-content__font--secondary mb-25 title-xs line-h-md mt-20 secondary-font pr-20\" style=\"text-align: justify;\">Shawn Mendes no es el \u00fanico invitado en \u00abRomance\u00bb ya que la cantante latina tambi\u00e9n cont\u00f3 con el rapero estadounidense DaBaby en el tema \u00abMy Oh My\u00bb.<\/p>\n<p class=\"story-content__font--secondary mb-25 title-xs line-h-md mt-20 secondary-font pr-20\" style=\"text-align: justify;\">El nuevo \u00e1lbum de Camila Cabello est\u00e1 formado por catorce temas. Y \u00abRomance\u00bb tambi\u00e9n es el t\u00edtulo escogido por la cantante para la gira con la que recorrer\u00e1 el mundo el pr\u00f3ximo a\u00f1o.<\/p>\n<h5 class=\"story-content__font--secondary mb-25 title-xs line-h-md mt-20 secondary-font pr-20\" style=\"text-align: justify;\">\u00abThe Romance Tour\u00bb pasar\u00e1 por pa\u00edses como:<\/h5>\n<ul style=\"list-style-type: square; text-align: justify;\">\n<li class=\"story-content__font--secondary mb-25 title-xs line-h-md mt-20 secondary-font pr-20\">Espa\u00f1a.<\/li>\n<li class=\"story-content__font--secondary mb-25 title-xs line-h-md mt-20 secondary-font pr-20\">Noruega.<\/li>\n<li class=\"story-content__font--secondary mb-25 title-xs line-h-md mt-20 secondary-font pr-20\">Dinamarca.<\/li>\n<li class=\"story-content__font--secondary mb-25 title-xs line-h-md mt-20 secondary-font pr-20\">Francia.<\/li>\n<li class=\"story-content__font--secondary mb-25 title-xs line-h-md mt-20 secondary-font pr-20\">Reino Unido.<\/li>\n<li class=\"story-content__font--secondary mb-25 title-xs line-h-md mt-20 secondary-font pr-20\">Alemania.<\/li>\n<li class=\"story-content__font--secondary mb-25 title-xs line-h-md mt-20 secondary-font pr-20\">Italia.<\/li>\n<\/ul>\n<p class=\"story-content__font--secondary mb-25 title-xs line-h-md mt-20 secondary-font pr-20\" style=\"text-align: justify;\">Antes de desembarcar a finales de julio de 2020 en Norteam\u00e9rica.<\/p>\n<p class=\"story-content__font--secondary mb-25 title-xs line-h-md mt-20 secondary-font pr-20\" style=\"text-align: justify;\">Ah\u00ed, la cantante tiene confirmados conciertos en ciudades como:<\/p>\n<ul style=\"list-style-type: square; text-align: justify;\">\n<li class=\"story-content__font--secondary mb-25 title-xs line-h-md mt-20 secondary-font pr-20\">Los \u00c1ngeles.<\/li>\n<li class=\"story-content__font--secondary mb-25 title-xs line-h-md mt-20 secondary-font pr-20\">Nueva York.<\/li>\n<li class=\"story-content__font--secondary mb-25 title-xs line-h-md mt-20 secondary-font pr-20\">Ciudad de M\u00e9xico.<\/li>\n<li class=\"story-content__font--secondary mb-25 title-xs line-h-md mt-20 secondary-font pr-20\">Houston.<\/li>\n<li class=\"story-content__font--secondary mb-25 title-xs line-h-md mt-20 secondary-font pr-20\">Toronto.<\/li>\n<li class=\"story-content__font--secondary mb-25 title-xs line-h-md mt-20 secondary-font pr-20\">Miami.<\/li>\n<\/ul>\n<p class=\"story-content__font--secondary mb-25 title-xs line-h-md mt-20 secondary-font pr-20\" style=\"text-align: justify;\">Donde cerrar\u00e1 esta gira el 26 de septiembre del pr\u00f3ximo a\u00f1o.<\/p>\n<p class=\"story-content__font--secondary mb-25 title-xs line-h-md mt-20 secondary-font pr-20\" style=\"text-align: justify;\">Camila Cabello tambi\u00e9n fue recientemente protagonista de los Latin Grammy gracias a su colaboraci\u00f3n con Alejandro Sanz en \u00abMi persona favorita\u00bb, tema que se llev\u00f3 los gram\u00f3fonos dorados a grabaci\u00f3n del a\u00f1o y mejor canci\u00f3n pop.<\/p>\n<p class=\"story-content__font--secondary mb-25 title-xs line-h-md mt-20 secondary-font pr-20\" style=\"text-align: justify;\">De cara al futuro, tambi\u00e9n tiene previsto probar suerte en el cine, donde tiene planes para protagonizar una nueva mirada al cl\u00e1sico cuento de \u201cCinderella\u201d que contar\u00e1 con Kay Canon, la realizadora de la comedia \u201cBlockers\u201d (2018), como directora y guionista.<\/p>\n","protected":false},"excerpt":{"rendered":"<p>La cantante cubanoestadounidense\u00a0Camila Cabello public\u00f3 hoy su nuevo disco, que lleva por t\u00edtulo \u201cRomance\u201d,\u00a0en medio de una gran expectativa de sus fans. \u201cAhora es todo vuestro. Por favor, cu\u00e9ntenme lo que piensan. Me muero por saber\u201d, dijo la artista en Instagram, donde tiene 44,2 millones de seguidores, por medio de un mensaje que acompa\u00f1\u00f3 con [&hellip;]<\/p>\n","protected":false},"author":1,"featured_media":3484,"comment_status":"open","ping_status":"open","sticky":false,"template":"","format":"standard","meta":{"footnotes":""},"categories":[121],"tags":[533,1346,1373,1403,2019,2020,2846,2914,3524,3744,4256,4263,4320,5141,5246,5252,5396,5399,5421,5423,5444,6227,6332,6562,6914,7204,7712,7720,16,7907],"class_list":["post-3483","post","type-post","status-publish","format-standard","has-post-thumbnail","category-noticias-musicales","tag-album","tag-camila-cabello","tag-cancion","tag-cantante","tag-cuba","tag-cubana","tag-estrenar","tag-exito","tag-hit","tag-instagram","tag-lanza","tag-lanzar","tag-latinas","tag-musica","tag-new","tag-new-single","tag-nueva","tag-nueva-cancion","tag-nuevo","tag-nuevo-album","tag-nuevo-tema","tag-raices","tag-redes-sociales","tag-romance","tag-single","tag-tema","tag-video","tag-videoclip","tag-viral","tag-youtube"],"_links":{"self":[{"href":"https:\/\/starsworldproduction.com\/web\/wp-json\/wp\/v2\/posts\/3483","targetHints":{"allow":["GET"]}}],"collection":[{"href":"https:\/\/starsworldproduction.com\/web\/wp-json\/wp\/v2\/posts"}],"about":[{"href":"https:\/\/starsworldproduction.com\/web\/wp-json\/wp\/v2\/types\/post"}],"author":[{"embeddable":true,"href":"https:\/\/starsworldproduction.com\/web\/wp-json\/wp\/v2\/users\/1"}],"replies":[{"embeddable":true,"href":"https:\/\/starsworldproduction.com\/web\/wp-json\/wp\/v2\/comments?post=3483"}],"version-history":[{"count":0,"href":"https:\/\/starsworldproduction.com\/web\/wp-json\/wp\/v2\/posts\/3483\/revisions"}],"wp:featuredmedia":[{"embeddable":true,"href":"https:\/\/starsworldproduction.com\/web\/wp-json\/wp\/v2\/media\/3484"}],"wp:attachment":[{"href":"https:\/\/starsworldproduction.com\/web\/wp-json\/wp\/v2\/media?parent=3483"}],"wp:term":[{"taxonomy":"category","embeddable":true,"href":"https:\/\/starsworldproduction.com\/web\/wp-json\/wp\/v2\/categories?post=3483"},{"taxonomy":"post_tag","embeddable":true,"href":"https:\/\/starsworldproduction.com\/web\/wp-json\/wp\/v2\/tags?post=3483"}],"curies":[{"name":"wp","href":"https:\/\/api.w.org\/{rel}","templated":true}]}}