{"id":3538,"date":"2020-03-02T08:15:12","date_gmt":"2020-03-02T08:15:12","guid":{"rendered":"https:\/\/www.starsworldproduction.com\/?p=3538"},"modified":"2020-03-02T08:15:12","modified_gmt":"2020-03-02T08:15:12","slug":"ezio-oliva-se-unio-cesar-vega-andy-rivera-lanzar-salvavidas","status":"publish","type":"post","link":"https:\/\/starsworldproduction.com\/web\/2020\/03\/02\/ezio-oliva-se-unio-cesar-vega-andy-rivera-lanzar-salvavidas\/","title":{"rendered":"Ezio Oliva se uni\u00f3 a C\u00e9sar Vega y Andy Rivera para lanzar \u201cSalvavidas\u201d"},"content":{"rendered":"<p class=\"story-content__font--secondary mb-25 title-xs line-h-md mt-20 secondary-font pr-20\" style=\"text-align: justify;\">El cantante\u00a0Ezio Oliva estren\u00f3 su nueva colaboraci\u00f3n \u201cSalvavidas\u201d, en versi\u00f3n salsa, junto a los cantantes C\u00e9sar Vega y Andy Rivera. El tema lleg\u00f3 acompa\u00f1ado de un videoclip que fue grabado en \u201cLas caras de Atahualpa\u201d en la ciudad de Lima.<\/p>\n<p class=\"story-content__font--secondary mb-25 title-xs line-h-md mt-20 secondary-font pr-20\" style=\"text-align: justify;\">\u201cSalvavidas\u201d es un tema que Ezio Oliva y Andy Rivera estrenaron el pasado mes de junio y que, gracias al \u00e9xito que ha tenido, ahora cuenta con una versi\u00f3n salsa al lado de C\u00e9sar Vega.<\/p>\n<p class=\"story-content__font--secondary mb-25 title-xs line-h-md mt-20 secondary-font pr-20\" style=\"text-align: justify;\">Desde su publicaci\u00f3n, el videoclip del single cuenta con m\u00e1s de 4\u2019476,729 visualizaciones y miles de comentarios que felicitan a Ezio por su ascendente carrera musical.<\/p>\n<h5><strong>Sus fans comentaron:<\/strong><\/h5>\n<ul style=\"list-style-type: square;\">\n<li>Un \u00e9xito de verdad.<\/li>\n<li>Que linda canci\u00f3n.<\/li>\n<li>Ezio eres un crack cuando sacas nuevos temas.<\/li>\n<\/ul>\n<p class=\"story-content__font--secondary mb-25 title-xs line-h-md mt-20 secondary-font pr-20\" style=\"text-align: justify;\">Hace un par de semanas, el cantante peruano present\u00f3 su perfil en \u201cLas caras de Atahualpa\u201d en el Callao. Ahora, a modo de agradecimiento, decidi\u00f3 que la calle del distrito sea la locaci\u00f3n de su m\u00e1s reciente videoclip.<\/p>\n<p style=\"text-align: justify;\">\u201cUn Reggaetonero, un Popero, un Salsero y un barrio que nos abri\u00f3 la puerta de su casa con tanto cari\u00f1o.<\/p>\n<p>Adem\u00e1s escribi\u00f3 en Instagram la noche previa al estreno del sencillo:<\/p>\n<p style=\"text-align: justify;\">\u00a1HOY a las 12 de la noche salimos con nueva m\u00fasica familia!\u201d.<\/p>\n<p style=\"text-align: justify;\">Cabe se\u00f1alar que el videoclip de la versi\u00f3n salsa est\u00e1 de \u201cSalvavidas\u201d presenta a los tres artistas sobre el escenario, mientras comparten un grato momento con los vecinos del primer puerto. Adem\u00e1s, las im\u00e1genes est\u00e1n a blanco y negro.<\/p>\n<h4><strong>As\u00ed que mira el video completo aqu\u00ed:<\/strong><\/h4>\n<p><iframe loading=\"lazy\" src=\"https:\/\/www.youtube.com\/embed\/4_QDFqsgLUQ\" width=\"560\" height=\"315\" frameborder=\"0\" allowfullscreen=\"allowfullscreen\"><\/iframe><\/p>\n<p>&nbsp;<\/p>\n","protected":false},"excerpt":{"rendered":"<p>El cantante\u00a0Ezio Oliva estren\u00f3 su nueva colaboraci\u00f3n \u201cSalvavidas\u201d, en versi\u00f3n salsa, junto a los cantantes C\u00e9sar Vega y Andy Rivera. El tema lleg\u00f3 acompa\u00f1ado de un videoclip que fue grabado en \u201cLas caras de Atahualpa\u201d en la ciudad de Lima. \u201cSalvavidas\u201d es un tema que Ezio Oliva y Andy Rivera estrenaron el pasado mes de [&hellip;]<\/p>\n","protected":false},"author":1,"featured_media":3539,"comment_status":"open","ping_status":"open","sticky":false,"template":"","format":"standard","meta":{"footnotes":""},"categories":[121],"tags":[705,1373,1580,2846,2914,2952,3524,3744,4256,4263,5141,5246,5252,5396,5399,5421,5444,6332,6658,6914,7204,7654,7712,7720,16,7907],"class_list":["post-3538","post","type-post","status-publish","format-standard","has-post-thumbnail","category-noticias-musicales","tag-andy-rivera","tag-cancion","tag-cesar-vega","tag-estrenar","tag-exito","tag-ezio-oliva","tag-hit","tag-instagram","tag-lanza","tag-lanzar","tag-musica","tag-new","tag-new-single","tag-nueva","tag-nueva-cancion","tag-nuevo","tag-nuevo-tema","tag-redes-sociales","tag-salsa","tag-single","tag-tema","tag-version","tag-video","tag-videoclip","tag-viral","tag-youtube"],"_links":{"self":[{"href":"https:\/\/starsworldproduction.com\/web\/wp-json\/wp\/v2\/posts\/3538","targetHints":{"allow":["GET"]}}],"collection":[{"href":"https:\/\/starsworldproduction.com\/web\/wp-json\/wp\/v2\/posts"}],"about":[{"href":"https:\/\/starsworldproduction.com\/web\/wp-json\/wp\/v2\/types\/post"}],"author":[{"embeddable":true,"href":"https:\/\/starsworldproduction.com\/web\/wp-json\/wp\/v2\/users\/1"}],"replies":[{"embeddable":true,"href":"https:\/\/starsworldproduction.com\/web\/wp-json\/wp\/v2\/comments?post=3538"}],"version-history":[{"count":0,"href":"https:\/\/starsworldproduction.com\/web\/wp-json\/wp\/v2\/posts\/3538\/revisions"}],"wp:featuredmedia":[{"embeddable":true,"href":"https:\/\/starsworldproduction.com\/web\/wp-json\/wp\/v2\/media\/3539"}],"wp:attachment":[{"href":"https:\/\/starsworldproduction.com\/web\/wp-json\/wp\/v2\/media?parent=3538"}],"wp:term":[{"taxonomy":"category","embeddable":true,"href":"https:\/\/starsworldproduction.com\/web\/wp-json\/wp\/v2\/categories?post=3538"},{"taxonomy":"post_tag","embeddable":true,"href":"https:\/\/starsworldproduction.com\/web\/wp-json\/wp\/v2\/tags?post=3538"}],"curies":[{"name":"wp","href":"https:\/\/api.w.org\/{rel}","templated":true}]}}