{"id":3564,"date":"2020-03-11T08:15:31","date_gmt":"2020-03-11T08:15:31","guid":{"rendered":"https:\/\/www.starsworldproduction.com\/?p=3564"},"modified":"2020-03-11T08:15:31","modified_gmt":"2020-03-11T08:15:31","slug":"ricardo-arjona-regresa-la-industria-musical-increible-produccion","status":"publish","type":"post","link":"https:\/\/starsworldproduction.com\/web\/2020\/03\/11\/ricardo-arjona-regresa-la-industria-musical-increible-produccion\/","title":{"rendered":"Ricardo Arjona regresa a la industria musical con incre\u00edble producci\u00f3n"},"content":{"rendered":"<p class=\"story-content__font--secondary mb-25 title-xs line-h-md mt-20 secondary-font pr-20\" style=\"text-align: justify;\">El cantante guatemalteco\u00a0Ricardo Arjona\u00a0revel\u00f3 este lunes que quiere desafiar en 2020 a la industria musical, a la que ha acusado de \u201cpredecible\u201d e \u201chip\u00f3crita\u201d ante el \u00e9xito del reguet\u00f3n, con una doble producci\u00f3n denominada \u201cBlanco\u201d y \u201cNegro\u201d que fue grabada en los m\u00edticos estudios londinenses de Abbey Road.<\/p>\n<p class=\"story-content__font--secondary mb-25 title-xs line-h-md mt-20 secondary-font pr-20\" style=\"text-align: justify;\">A trav\u00e9s de un v\u00eddeo publicado en Instagram, el artista revel\u00f3 que:<\/p>\n<h5 class=\"story-content__font--secondary mb-25 title-xs line-h-md mt-20 secondary-font pr-20\" style=\"text-align: justify;\">\u201cL<i>a m\u00fasica est\u00e1 de vuelta<\/i>\u201d.<\/h5>\n<p>&nbsp;<\/p>\n<h4><strong>Mira el video del adelanto aqu\u00ed:<\/strong><\/h4>\n<p><iframe loading=\"lazy\" src=\"https:\/\/www.youtube.com\/embed\/x3to-D9utkw\" width=\"560\" height=\"315\" frameborder=\"0\" allowfullscreen=\"allowfullscreen\"><\/iframe><\/p>\n<p class=\"story-content__font--secondary mb-25 title-xs line-h-md mt-20 secondary-font pr-20\" style=\"text-align: justify;\">As\u00ed Arjona hab\u00eda recurrido a las redes sociales para emprender una campa\u00f1a de expectativa desde:<\/p>\n<p class=\"story-content__font--secondary mb-25 title-xs line-h-md mt-20 secondary-font pr-20\" style=\"text-align: justify;\">El 16 de diciembre con mensajes en esos dos colores que, como piezas de rompecabezas, iban dando datos a sus fans sobre sus nuevas canciones.<\/p>\n<p class=\"story-content__font--secondary mb-25 title-xs line-h-md mt-20 secondary-font pr-20\" style=\"text-align: justify;\">En una publicaci\u00f3n este domingo en la noche el cantante de \u201cHistoria de un taxi\u201d o \u201cSe\u00f1ora de las cuatro d\u00e9cadas\u201d dej\u00f3 claro cu\u00e1l es el esp\u00edritu detr\u00e1s de su nuevo proyecto.<\/p>\n<p class=\"story-content__font--secondary mb-25 title-xs line-h-md mt-20 secondary-font pr-20\" style=\"text-align: justify;\"><strong>Expres\u00f3 el int\u00e9rprete que:<\/strong><\/p>\n<p class=\"story-content__font--secondary mb-25 title-xs line-h-md mt-20 secondary-font pr-20\" style=\"text-align: justify;\">\u201c<i>Me aburr\u00ed de la industria. Es demasiado predecible. Todos hacen lo mismo, los mismos trucos, la misma hipocres\u00eda, los mismos caminitos. No me gusta lo que veo<\/i>\u201d.<\/p>\n<p class=\"story-content__font--secondary mb-25 title-xs line-h-md mt-20 secondary-font pr-20\" style=\"text-align: justify;\">Con las piezas de v\u00eddeo que ha compartido el artista muestra sin color im\u00e1genes de la temporada que pas\u00f3 en Londres:<\/p>\n<ul style=\"text-align: justify;\">\n<li class=\"story-content__font--secondary mb-25 title-xs line-h-md mt-20 secondary-font pr-20\">Grabando la producci\u00f3n.<\/li>\n<li class=\"story-content__font--secondary mb-25 title-xs line-h-md mt-20 secondary-font pr-20\">Fotos de los Beatles en el mismo estudio.<\/li>\n<\/ul>\n<p style=\"text-align: justify;\">Tambi\u00e9n\u00a0critic\u00f3 que:<\/p>\n<p class=\"story-content__font--secondary mb-25 title-xs line-h-md mt-20 secondary-font pr-20\" style=\"text-align: justify;\">\u201c<i>Yo no quiero sumarme a la inmensa lista de enemigos de cl\u00f3set de reguet\u00f3n, que hablan patra\u00f1as de ellos pero suplican por un dueto<\/i>\u201d.<\/p>\n<p class=\"story-content__font--secondary mb-25 title-xs line-h-md mt-20 secondary-font pr-20\" style=\"text-align: justify;\"><strong>Adem\u00e1s\u00a0 dijo:<\/strong><\/p>\n<p class=\"story-content__font--secondary mb-25 title-xs line-h-md mt-20 secondary-font pr-20\" style=\"text-align: justify;\">\u201c<i>Yo respeto los g\u00e9neros y aplaudo sus logros, pero tambi\u00e9n respeto mi dignidad<\/i>\u201d.<\/p>\n<p class=\"story-content__font--secondary mb-25 title-xs line-h-md mt-20 secondary-font pr-20\" style=\"text-align: justify;\"><strong>As\u00ed prosigui\u00f3 el artista:<\/strong><\/p>\n<p class=\"story-content__font--secondary mb-25 title-xs line-h-md mt-20 secondary-font pr-20\" style=\"text-align: justify;\">\u201c<i>Juego a mi mundo, a mi universo a hacer lo mejor que nunca lo que s\u00e9 hacer sin importarme lo que pasa. De eso se trata para m\u00ed. Nada m\u00e1s<\/i>\u201d.<\/p>\n<p class=\"story-content__font--secondary mb-25 title-xs line-h-md mt-20 secondary-font pr-20\" style=\"text-align: justify;\">Sin duda los planes son lanzar el doble disco este a\u00f1o de una forma que no se ha hecho hasta ahora en el mundo musical.<\/p>\n<p class=\"story-content__font--secondary mb-25 title-xs line-h-md mt-20 secondary-font pr-20\" style=\"text-align: justify;\">\n","protected":false},"excerpt":{"rendered":"<p>El cantante guatemalteco\u00a0Ricardo Arjona\u00a0revel\u00f3 este lunes que quiere desafiar en 2020 a la industria musical, a la que ha acusado de \u201cpredecible\u201d e \u201chip\u00f3crita\u201d ante el \u00e9xito del reguet\u00f3n, con una doble producci\u00f3n denominada \u201cBlanco\u201d y \u201cNegro\u201d que fue grabada en los m\u00edticos estudios londinenses de Abbey Road. A trav\u00e9s de un v\u00eddeo publicado en [&hellip;]<\/p>\n","protected":false},"author":1,"featured_media":3565,"comment_status":"open","ping_status":"open","sticky":false,"template":"","format":"standard","meta":{"footnotes":""},"categories":[121],"tags":[533,1159,1403,2174,2914,3524,3676,3697,3744,4322,5141,5161,6062,6332,6360,6481,7712,16,7907],"class_list":{"0":"post-3564","1":"post","2":"type-post","3":"status-publish","4":"format-standard","5":"has-post-thumbnail","7":"category-noticias-musicales","8":"tag-album","9":"tag-blanco-y-negro","10":"tag-cantante","11":"tag-desafia","12":"tag-exito","13":"tag-hit","14":"tag-increible","15":"tag-industria","16":"tag-instagram","17":"tag-latino","18":"tag-musica","19":"tag-musical","20":"tag-produccion","21":"tag-redes-sociales","22":"tag-regresa","23":"tag-ricardo-arjona","24":"tag-video","25":"tag-viral","26":"tag-youtube"},"_links":{"self":[{"href":"https:\/\/starsworldproduction.com\/web\/wp-json\/wp\/v2\/posts\/3564","targetHints":{"allow":["GET"]}}],"collection":[{"href":"https:\/\/starsworldproduction.com\/web\/wp-json\/wp\/v2\/posts"}],"about":[{"href":"https:\/\/starsworldproduction.com\/web\/wp-json\/wp\/v2\/types\/post"}],"author":[{"embeddable":true,"href":"https:\/\/starsworldproduction.com\/web\/wp-json\/wp\/v2\/users\/1"}],"replies":[{"embeddable":true,"href":"https:\/\/starsworldproduction.com\/web\/wp-json\/wp\/v2\/comments?post=3564"}],"version-history":[{"count":0,"href":"https:\/\/starsworldproduction.com\/web\/wp-json\/wp\/v2\/posts\/3564\/revisions"}],"wp:featuredmedia":[{"embeddable":true,"href":"https:\/\/starsworldproduction.com\/web\/wp-json\/wp\/v2\/media\/3565"}],"wp:attachment":[{"href":"https:\/\/starsworldproduction.com\/web\/wp-json\/wp\/v2\/media?parent=3564"}],"wp:term":[{"taxonomy":"category","embeddable":true,"href":"https:\/\/starsworldproduction.com\/web\/wp-json\/wp\/v2\/categories?post=3564"},{"taxonomy":"post_tag","embeddable":true,"href":"https:\/\/starsworldproduction.com\/web\/wp-json\/wp\/v2\/tags?post=3564"}],"curies":[{"name":"wp","href":"https:\/\/api.w.org\/{rel}","templated":true}]}}