{"id":3708,"date":"2020-02-24T08:55:38","date_gmt":"2020-02-24T08:55:38","guid":{"rendered":"https:\/\/www.starsworldproduction.com\/?p=3708"},"modified":"2020-02-24T08:55:38","modified_gmt":"2020-02-24T08:55:38","slug":"myriam-hernandez-estrenara-pronto-decimo-segundo-disco-estudio","status":"publish","type":"post","link":"https:\/\/starsworldproduction.com\/web\/2020\/02\/24\/myriam-hernandez-estrenara-pronto-decimo-segundo-disco-estudio\/","title":{"rendered":"Myriam Hern\u00e1ndez estrenara pronto su d\u00e9cimo segundo disco de estudio"},"content":{"rendered":"<p class=\"story-content__font--secondary mb-25 title-xs line-h-md mt-20 secondary-font pr-20\" style=\"text-align: justify;\">Myriam Hern\u00e1ndez\u00a0sigue con su\u00a0aclamado tour \u201cSoy Mujer\u201d. Y se presentara en Per\u00fa este 8 de marzo en el Parque de la Exposici\u00f3n, donde compartir\u00e1 escenario con grande de la m\u00fasica como Eva Ayll\u00f3n y Susan Ochoa en \u201cDiosas en Concierto\u201d.<\/p>\n<p class=\"story-content__font--secondary mb-25 title-xs line-h-md mt-20 secondary-font pr-20\" style=\"text-align: justify;\">Es importante mencionar que Hern\u00e1ndez se encuentra en plena producci\u00f3n de su d\u00e9cimo segundo disco de estudio. En esta nueva propuesta, la artista se mantendr\u00e1 fiel a su estilo rom\u00e1ntico, sumando nuevos ritmos y temas relevantes sobre la mujer.<\/p>\n<p class=\"story-content__font--secondary mb-25 title-xs line-h-md mt-20 secondary-font pr-20\" style=\"text-align: justify;\">Este \u00e1lbum, que pronto ser\u00e1 estrenado, ser\u00e1 grabado en Miami bajo la producci\u00f3n de Jacobo Calder\u00f3n y con la participaci\u00f3n de Boris Milan, connotado ingeniero de sonido con m\u00e1s de 20 a\u00f1os de trayectoria (ganador de Grammy y Latin Grammy).<\/p>\n<p class=\"story-content__font--secondary mb-25 title-xs line-h-md mt-20 secondary-font pr-20\" style=\"text-align: justify;\">Con una extensa y c\u00e9lebre trayectoria, Myriam Hern\u00e1ndez es sin duda una de las m\u00e1s grandes baladistas en espa\u00f1ol. Cuenta con m\u00faltiples reconocimientos\u00a0como:<\/p>\n<ul style=\"text-align: justify;\">\n<li class=\"story-content__font--secondary mb-25 title-xs line-h-md mt-20 secondary-font pr-20\">Premios.<\/li>\n<li class=\"story-content__font--secondary mb-25 title-xs line-h-md mt-20 secondary-font pr-20\">Millones de discos vendidos.<\/li>\n<li class=\"story-content__font--secondary mb-25 title-xs line-h-md mt-20 secondary-font pr-20\">M\u00e1s de 30 hits.<\/li>\n<\/ul>\n<p class=\"story-content__font--secondary mb-25 title-xs line-h-md mt-20 secondary-font pr-20\" style=\"text-align: justify;\">Sin duda sus temas han alcanzado los primeros lugares de los rankings internacionales.<\/p>\n<h4 class=\"story-content__font--secondary mb-25 title-xs line-h-md mt-20 secondary-font pr-20\" style=\"text-align: justify;\"><strong>As\u00ed que mira su incre\u00edble presentaci\u00f3n aqu\u00ed:<\/strong><\/h4>\n<p><iframe loading=\"lazy\" src=\"https:\/\/www.youtube.com\/embed\/MBmWcS_jgis\" width=\"560\" height=\"315\" frameborder=\"0\" allowfullscreen=\"allowfullscreen\"><\/iframe><\/p>\n<p>&nbsp;<\/p>\n","protected":false},"excerpt":{"rendered":"<p>Myriam Hern\u00e1ndez\u00a0sigue con su\u00a0aclamado tour \u201cSoy Mujer\u201d. Y se presentara en Per\u00fa este 8 de marzo en el Parque de la Exposici\u00f3n, donde compartir\u00e1 escenario con grande de la m\u00fasica como Eva Ayll\u00f3n y Susan Ochoa en \u201cDiosas en Concierto\u201d. Es importante mencionar que Hern\u00e1ndez se encuentra en plena producci\u00f3n de su d\u00e9cimo segundo disco [&hellip;]<\/p>\n","protected":false},"author":1,"featured_media":3709,"comment_status":"open","ping_status":"open","sticky":false,"template":"","format":"standard","meta":{"footnotes":""},"categories":[121],"tags":[533,1003,1373,1403,1619,1620,2846,2914,3524,3744,4263,4318,5141,5179,5246,5247,5252,5396,5399,5421,5423,5444,5988,6332,6562,6568,6914,7204,7712,7720,16,7907],"class_list":["post-3708","post","type-post","status-publish","format-standard","has-post-thumbnail","category-noticias-musicales","tag-album","tag-baladas","tag-cancion","tag-cantante","tag-chile","tag-chilena","tag-estrenar","tag-exito","tag-hit","tag-instagram","tag-lanzar","tag-latina","tag-musica","tag-myriam-hernandez","tag-new","tag-new-album","tag-new-single","tag-nueva","tag-nueva-cancion","tag-nuevo","tag-nuevo-album","tag-nuevo-tema","tag-prepara","tag-redes-sociales","tag-romance","tag-romantico","tag-single","tag-tema","tag-video","tag-videoclip","tag-viral","tag-youtube"],"_links":{"self":[{"href":"https:\/\/starsworldproduction.com\/web\/wp-json\/wp\/v2\/posts\/3708","targetHints":{"allow":["GET"]}}],"collection":[{"href":"https:\/\/starsworldproduction.com\/web\/wp-json\/wp\/v2\/posts"}],"about":[{"href":"https:\/\/starsworldproduction.com\/web\/wp-json\/wp\/v2\/types\/post"}],"author":[{"embeddable":true,"href":"https:\/\/starsworldproduction.com\/web\/wp-json\/wp\/v2\/users\/1"}],"replies":[{"embeddable":true,"href":"https:\/\/starsworldproduction.com\/web\/wp-json\/wp\/v2\/comments?post=3708"}],"version-history":[{"count":0,"href":"https:\/\/starsworldproduction.com\/web\/wp-json\/wp\/v2\/posts\/3708\/revisions"}],"wp:featuredmedia":[{"embeddable":true,"href":"https:\/\/starsworldproduction.com\/web\/wp-json\/wp\/v2\/media\/3709"}],"wp:attachment":[{"href":"https:\/\/starsworldproduction.com\/web\/wp-json\/wp\/v2\/media?parent=3708"}],"wp:term":[{"taxonomy":"category","embeddable":true,"href":"https:\/\/starsworldproduction.com\/web\/wp-json\/wp\/v2\/categories?post=3708"},{"taxonomy":"post_tag","embeddable":true,"href":"https:\/\/starsworldproduction.com\/web\/wp-json\/wp\/v2\/tags?post=3708"}],"curies":[{"name":"wp","href":"https:\/\/api.w.org\/{rel}","templated":true}]}}