{"id":3726,"date":"2020-02-28T08:50:00","date_gmt":"2020-02-28T08:50:00","guid":{"rendered":"https:\/\/www.starsworldproduction.com\/?p=3726"},"modified":"2020-02-28T08:50:00","modified_gmt":"2020-02-28T08:50:00","slug":"asi-fue-la-increible-presentacion-pimpinela-vina-del-mar","status":"publish","type":"post","link":"https:\/\/starsworldproduction.com\/web\/2020\/02\/28\/asi-fue-la-increible-presentacion-pimpinela-vina-del-mar\/","title":{"rendered":"As\u00ed fue la incre\u00edble presentaci\u00f3n de Pimpinela en Vi\u00f1a del Mar"},"content":{"rendered":"<p class=\"story-content__font--secondary mb-25 title-xs line-h-md mt-20 secondary-font pr-20\" style=\"text-align: justify;\">Las peleas quedaron en un segundo plano en el regreso de los Pimpinela al Festival de\u00a0Vi\u00f1a del Mar\u00a0tras 36 a\u00f1os de su primera y hasta hoy \u00fanica vez en el escenario de la ciudad chilena. La raz\u00f3n, los recuerdos que sobrevolaron el primer recital de los hermanos Gal\u00e1n tras la muerte de su madre.<\/p>\n<p class=\"story-content__font--secondary mb-25 title-xs line-h-md mt-20 secondary-font pr-20\" style=\"text-align: justify;\">Poco import\u00f3 que el concierto empezara al filo de las 2 de la madrugada en una fr\u00eda noche en el anfiteatro de la Quinta Vergara.<\/p>\n<p class=\"story-content__font--secondary mb-25 title-xs line-h-md mt-20 secondary-font pr-20\" style=\"text-align: justify;\">El p\u00fablico desprendi\u00f3 un fuerte calor humano para el d\u00fao argentino, ya que, adem\u00e1s de corear todas sus canciones, exigi\u00f3 que se les entregara la emblem\u00e1ticas Gaviotas de Plata y Oro.<\/p>\n<h4 class=\"story-content__font--secondary mb-25 title-xs line-h-md mt-20 secondary-font pr-20\" style=\"text-align: justify;\"><strong>As\u00ed que mira su presentaci\u00f3n aqu\u00ed:<\/strong><\/h4>\n<p><iframe loading=\"lazy\" src=\"https:\/\/www.youtube.com\/embed\/XDVCAacDe5U\" width=\"560\" height=\"315\" frameborder=\"0\" allowfullscreen=\"allowfullscreen\"><\/iframe><\/p>\n<h4 style=\"text-align: justify;\"><b>UN GRAN KARAOKE<\/b><\/h4>\n<p class=\"story-content__font--secondary mb-25 title-xs line-h-md mt-20 secondary-font pr-20\" style=\"text-align: justify;\">El arranque del repertorio fue de primer curso de \u201cPimpinolog\u00eda\u201d. Una pelea musical como las que desde hace casi 40 a\u00f1os les han hecho recorrer el mundo.<\/p>\n<p class=\"story-content__font--secondary mb-25 title-xs line-h-md mt-20 secondary-font pr-20\" style=\"text-align: justify;\">\u201cJam\u00e1s volver\u00e1s a verme aunque me lo pidas\u201d, dice \u00e9l. \u201cTe juro solo con eso ya soy feliz&#8230;\u201d, remata ella en el estribillo de \u201cMa\u00f1ana\u201d, canci\u00f3n incluida en su disco \u201cMarido y mujer\u201d, de 1988.<\/p>\n<p class=\"story-content__font--secondary mb-25 title-xs line-h-md mt-20 secondary-font pr-20\" style=\"text-align: justify;\">No fue hasta varias discusiones despu\u00e9s, tras la quinta canci\u00f3n, que Luc\u00eda, de 58 a\u00f1os, y Joaqu\u00edn, de 64, saludaron a las abarrotadas gradas del recinto -un aforo de unas 15.000 personas- para revelar su felicidad por volver a Vi\u00f1a del Mar tras tantos a\u00f1os.<\/p>\n<p class=\"story-content__font--secondary mb-25 title-xs line-h-md mt-20 secondary-font pr-20\" style=\"text-align: justify;\">La anterior y primera vez fue en 1984, cuando presentaban en Am\u00e9rica su \u201cOlv\u00eddame y pega la vuelta\u201d.<\/p>\n<p class=\"story-content__font--secondary mb-25 title-xs line-h-md mt-20 secondary-font pr-20\" style=\"text-align: justify;\">\u201cEsto tiene que ser un gran karaoke. Nosotros cantamos y ellos escuchan\u201d, dijo la cantante, que obtuvo un \u201c\u00a1siii!\u201d tajante del \u201cmonstruo\u201d, como se conoce al p\u00fablico del popular festival chileno.<\/p>\n<p class=\"story-content__font--secondary mb-25 title-xs line-h-md mt-20 secondary-font pr-20\" style=\"text-align: justify;\">Y es que dif\u00edcil es resistirse a cantar eso de \u201cA esa&#8230; \u00bfqu\u00e9 le puede costar hacerte feliz una hora por d\u00eda?\u201d o \u201cValiente.. y te tiemblan las piernas cuando una mujer te pide lo que no tienes&#8230;\u201d.<\/p>\n<p class=\"story-content__font--secondary mb-25 title-xs line-h-md mt-20 secondary-font pr-20\" style=\"text-align: justify;\">\u201c35 a\u00f1os escuchando lo mismo&#8230; no creo que se atreva esta noche en Vi\u00f1a\u201d, solt\u00f3 el integrante masculino.<\/p>\n<h4 style=\"text-align: justify;\"><b>UN HOMENAJE A SU MADRE<\/b><\/h4>\n<p class=\"story-content__font--secondary mb-25 title-xs line-h-md mt-20 secondary-font pr-20\" style=\"text-align: justify;\">Al llegar a la und\u00e9cima canci\u00f3n, la emoci\u00f3n pas\u00f3 a ser la protagonista absoluta.<\/p>\n<p class=\"story-content__font--secondary mb-25 title-xs line-h-md mt-20 secondary-font pr-20\" style=\"text-align: justify;\">\u201cEsta canci\u00f3n comenz\u00f3 dedicada a nuestro padre, que falleci\u00f3 en 1985, y desde hace un mes se la dedicamos tambi\u00e9n a nuestra madre, que fue la que nos empuj\u00f3 para que cant\u00e1ramos juntos\u201d, expres\u00f3 Luc\u00eda sobre \u201cEl amor no se puede olvidar\u201d.<\/p>\n<p class=\"story-content__font--secondary mb-25 title-xs line-h-md mt-20 secondary-font pr-20\" style=\"text-align: justify;\">Con fotos de fondo de su madre, Mar\u00eda Engracia, que muri\u00f3 el 12 de enero pasado a los 96 a\u00f1os, sin poder reprimir las l\u00e1grimas y con la voz casi quebrada la cantante fue desgranando junto a su hermano una a una de las frases de esa sentida canci\u00f3n.<\/p>\n<p class=\"story-content__font--secondary mb-25 title-xs line-h-md mt-20 secondary-font pr-20\" style=\"text-align: justify;\">Lo mismo ocurri\u00f3 con la tambi\u00e9n muy personal \u201cHermanos\u201d.<\/p>\n<p class=\"story-content__font--secondary mb-25 title-xs line-h-md mt-20 secondary-font pr-20\" style=\"text-align: justify;\">\u201cMam\u00e1 siempre estaba ah\u00ed sentadita en las filas\u201d de los conciertos, record\u00f3 Joaqu\u00edn.<\/p>\n<h4 style=\"text-align: justify;\"><b>TODA LA FAMILIA EN EL ESCENARIO<\/b><\/h4>\n<p class=\"story-content__font--secondary mb-25 title-xs line-h-md mt-20 secondary-font pr-20\" style=\"text-align: justify;\">Tras recibir de los presentadores del festival, Mar\u00eda Luisa Godoy y Mart\u00edn C\u00e1rcamo, su primera Gaviota de Plata -\u00abuna gaviota que nos va a seguir haciendo volar\u00bb, reconoci\u00f3 el d\u00fao-, la organizaci\u00f3n del festival emiti\u00f3 una vieja entrevista a la madre de los cantantes a modo de homenaje.<\/p>\n<p class=\"story-content__font--secondary mb-25 title-xs line-h-md mt-20 secondary-font pr-20\" style=\"text-align: justify;\">\u201c\u00a1Oro!\u201d, empezaron a corear los espectadores, para reclamar otra gaviota m\u00e1s de esa categor\u00eda, que finalmente recibieron los hermanos.<\/p>\n<p class=\"story-content__font--secondary mb-25 title-xs line-h-md mt-20 secondary-font pr-20\" style=\"text-align: justify;\">Roc\u00edo, la hija de Luc\u00eda, y Francisco, el de Joaqu\u00edn, aparecieron en el escenario para compartir, junto a sus padres y m\u00e1s allegados, la canci\u00f3n \u201cLa familia\u201d, con la que se cerr\u00f3 definitivamente el cap\u00edtulo emocional de la noche para sacar del caj\u00f3n su mayor hit.<\/p>\n<p class=\"story-content__font--secondary mb-25 title-xs line-h-md mt-20 secondary-font pr-20\" style=\"text-align: justify;\">\u201cPor eso vete, olvida mi nombre, mi cara, mi casa y pega la vuelta\u201d&#8230;. Al sonar el himno, la Quinta Vergara no pod\u00eda vibrar m\u00e1s ya casi a las 3 de la ma\u00f1ana.<\/p>\n<p class=\"story-content__font--secondary mb-25 title-xs line-h-md mt-20 secondary-font pr-20\" style=\"text-align: justify;\">Con \u201cUna est\u00fapida m\u00e1s\u201d, \u201cCu\u00e1nto te quiero\u201d y \u201cHay amores que matan\u201d, los Gal\u00e1n, que en 2019 recibieron el Latin Grammy a la Excelencia Musical y han editado hasta el momento m\u00e1s de 25 discos, decidieron dar por cerrada la velada.<\/p>\n<h4 class=\"story-content__font--secondary mb-25 title-xs line-h-md mt-20 secondary-font pr-20\" style=\"text-align: justify;\"><strong>Su pr\u00f3ximo objetivo:<\/strong><\/h4>\n<p class=\"story-content__font--secondary mb-25 title-xs line-h-md mt-20 secondary-font pr-20\" style=\"text-align: justify;\">Estrenar el 4 de marzo pr\u00f3ximo su nueva canci\u00f3n, \u201cTraici\u00f3n\u201d, y prepararse para mayo, cuando su presentaci\u00f3n durante dos noches seguidas en el Luna Park de Buenos Aires (los d\u00edas 8 y 9) ser\u00e1 el comienzo de una nueva gira que les llevar\u00e1 a recorrer diversas ciudades argentinas y de otros pa\u00edses. (EFE)<\/p>\n<p class=\"story-content__font--secondary mb-25 title-xs line-h-md mt-20 secondary-font pr-20\" style=\"text-align: justify;\">\n","protected":false},"excerpt":{"rendered":"<p>Las peleas quedaron en un segundo plano en el regreso de los Pimpinela al Festival de\u00a0Vi\u00f1a del Mar\u00a0tras 36 a\u00f1os de su primera y hasta hoy \u00fanica vez en el escenario de la ciudad chilena. La raz\u00f3n, los recuerdos que sobrevolaron el primer recital de los hermanos Gal\u00e1n tras la muerte de su madre. Poco [&hellip;]<\/p>\n","protected":false},"author":1,"featured_media":3727,"comment_status":"open","ping_status":"open","sticky":false,"template":"","format":"standard","meta":{"footnotes":""},"categories":[121],"tags":[804,807,808,1373,1385,1420,1619,1623,2431,2877,2914,3043,3232,3233,3234,3524,3744,4070,4331,5141,5161,5554,5783,5804,5927,5942,5991,6213,6309,6332,6853,6914,7204,7215,7712,16,7907],"class_list":["post-3726","post","type-post","status-publish","format-standard","has-post-thumbnail","category-noticias-musicales","tag-argentina","tag-argentino","tag-argentinos","tag-cancion","tag-canciones","tag-cantantes","tag-chile","tag-chileno","tag-duo","tag-evento","tag-exito","tag-festival","tag-gaviotas","tag-gaviotas-de-oro","tag-gaviotas-de-plata","tag-hit","tag-instagram","tag-karaoke","tag-latinos","tag-musica","tag-musical","tag-oro","tag-pimpinela","tag-plata","tag-premio","tag-premios","tag-presentacion","tag-quinta-vergara","tag-reconocimiento","tag-redes-sociales","tag-show","tag-single","tag-tema","tag-temas","tag-video","tag-viral","tag-youtube"],"_links":{"self":[{"href":"https:\/\/starsworldproduction.com\/web\/wp-json\/wp\/v2\/posts\/3726","targetHints":{"allow":["GET"]}}],"collection":[{"href":"https:\/\/starsworldproduction.com\/web\/wp-json\/wp\/v2\/posts"}],"about":[{"href":"https:\/\/starsworldproduction.com\/web\/wp-json\/wp\/v2\/types\/post"}],"author":[{"embeddable":true,"href":"https:\/\/starsworldproduction.com\/web\/wp-json\/wp\/v2\/users\/1"}],"replies":[{"embeddable":true,"href":"https:\/\/starsworldproduction.com\/web\/wp-json\/wp\/v2\/comments?post=3726"}],"version-history":[{"count":0,"href":"https:\/\/starsworldproduction.com\/web\/wp-json\/wp\/v2\/posts\/3726\/revisions"}],"wp:featuredmedia":[{"embeddable":true,"href":"https:\/\/starsworldproduction.com\/web\/wp-json\/wp\/v2\/media\/3727"}],"wp:attachment":[{"href":"https:\/\/starsworldproduction.com\/web\/wp-json\/wp\/v2\/media?parent=3726"}],"wp:term":[{"taxonomy":"category","embeddable":true,"href":"https:\/\/starsworldproduction.com\/web\/wp-json\/wp\/v2\/categories?post=3726"},{"taxonomy":"post_tag","embeddable":true,"href":"https:\/\/starsworldproduction.com\/web\/wp-json\/wp\/v2\/tags?post=3726"}],"curies":[{"name":"wp","href":"https:\/\/api.w.org\/{rel}","templated":true}]}}