{"id":3877,"date":"2020-05-27T18:45:09","date_gmt":"2020-05-27T18:45:09","guid":{"rendered":"https:\/\/www.starsworldproduction.com\/?p=3877"},"modified":"2020-05-27T18:45:09","modified_gmt":"2020-05-27T18:45:09","slug":"no-te-pierdas-se-agradece-evento-agradecimiento-union","status":"publish","type":"post","link":"https:\/\/starsworldproduction.com\/web\/2020\/05\/27\/no-te-pierdas-se-agradece-evento-agradecimiento-union\/","title":{"rendered":"No te pierdas \u201cSe Agradece\u201d, un evento de agradecimiento y uni\u00f3n"},"content":{"rendered":"<p style=\"text-align: justify;\">Se agradece es un canto de agradecimiento y unidad, para reconocer a todos aquellos que, desde diferentes frentes, entregan su esfuerzo y arriesgan sus vidas, para ayudarnos a superar la crisis que ha generado la emergencia sanitaria del Covid-19, en M\u00e9xico y el mundo.<\/p>\n<p style=\"text-align: justify;\">Se agradece es un magno evento en torno al cual se suman destacadas personalidades nacionales e internacionales: cantantes, actores, comediantes, deportistas y l\u00edderes de opini\u00f3n. Todos reunidos en un mensaje de agradecimiento para las miles de personas que se encuentran, hoy por hoy, en la primera l\u00ednea de combate contra la pandemia, todos juntos por una sola causa\u2026 levantar a M\u00e9xico en estos dif\u00edciles momentos para el pa\u00eds y el mundo.<\/p>\n<p style=\"text-align: justify;\">Se agradece contar\u00e1 con la participaci\u00f3n de m\u00e1s de 50 cantantes, que incluye la participaci\u00f3n de Alejandro Fern\u00e1ndez, Alejandro Sanz y Carlos Vives, Aitana y Reik, Alex Fern\u00e1ndez Jr, Ana Torroja, Banda El Recodo, Bronco y Cristian Castro, Caifanes, Cali y el Dandee y Sebasti\u00e1n Yatra, Calibre 50, Camila, Camilo, Carlos Rivera, Christian Nodal, CNCO, David Bisbal, Diego Torres, El TRI, Emmanuel, Gloria Trevi, Jesse &amp; Joy, Juan Luis Guerra, Juanes, Lila Downs y Los Tigres del Norte.<\/p>\n<p style=\"text-align: justify;\">A este coro de emociones solidarias tambi\u00e9n se sumar\u00e1n Los \u00c1ngeles Azules y Jay de la Cueva y Ximena Sari\u00f1ana, Lucero, Luis Fonsi, Maluma, Man\u00e1, Margarita La Diosa de la Cumbia, Mar\u00eda Jos\u00e9 y Edith M\u00e1rquez, Mar\u00eda Le\u00f3n, Mau y Ricky, Mijares, Mon Laferte, Morat, OV7, Pablo Albor\u00e1n, Pandora, Paty Cant\u00fa, Piso 21 y Mario Bautista, Remmy Valenzuela, Ricky Martin, R\u00edo Roma, Fonseca, Rosal\u00eda, Timbiriche, Yahir y Yuri.<\/p>\n<figure id=\"attachment_3878\" aria-describedby=\"caption-attachment-3878\" style=\"width: 471px\" class=\"wp-caption alignnone\"><img loading=\"lazy\" loading=\"lazy\" decoding=\"async\" class=\"wp-image-3878 size-full\" src=\"https:\/\/www.starsworldproduction.com\/wp-content\/uploads\/2020\/05\/se-agradece-ayuda-artistas-stars-world-production.png\" alt=\"se-agradece-ayuda-artistas-stars-world-production\" width=\"471\" height=\"591\" \/><figcaption id=\"caption-attachment-3878\" class=\"wp-caption-text\">\u201cSe Agradece\u201d (Foto: Instagram)<\/figcaption><\/figure>\n<h4 style=\"text-align: justify;\">Por otro lado, reconocidas y populares figuras, de diversos \u00e1mbitos, abrir\u00e1n las puertas de sus casas para unirse a Se agradece:<\/h4>\n<ul style=\"text-align: justify;\">\n<li>Alejandro Gonz\u00e1lez I\u00f1\u00e1rritu.<\/li>\n<li>Chayanne.<\/li>\n<li>Checo P\u00e9rez.<\/li>\n<li>J Balvin.<\/li>\n<li>Laura Pausini.<\/li>\n<li>Vicente Fern\u00e1ndez.<\/li>\n<li>Thal\u00eda.<\/li>\n<li>Wisin.<\/li>\n<li>Carlos Rodr\u00edguez.<\/li>\n<li>Edson \u00c1lvarez.<\/li>\n<li>Guillermo Ochoa.<\/li>\n<li>Hirving Lozano.<\/li>\n<li>Sebasti\u00e1n C\u00f3rdova.<\/li>\n<li>Adri\u00e1n Uribe.<\/li>\n<li>Ariel Miramontes \u201cAlbertano\u201d.<\/li>\n<li>Consuelo Duval.<\/li>\n<li>Omar Chaparro.<\/li>\n<li>Alma Fuentes \u201cCositas\u201d.<\/li>\n<li>Arath de la Torre.<\/li>\n<li>Axel Ricco.<\/li>\n<li>Aylin Mujica.<\/li>\n<li>Cecilia Gabriela.<\/li>\n<li>Daniela Mag\u00fan.<\/li>\n<li>Faysi.<\/li>\n<li>Lupita Sandoval.<\/li>\n<li>Manu NNa.<\/li>\n<li>Michelle Rodr\u00edguez.<\/li>\n<li>Natalia T\u00e9llez.<\/li>\n<li>Omar Fierro.<\/li>\n<li>Raquel Pankowsky.<\/li>\n<li>Susy Lu.<\/li>\n<li>Juanpa Zurita.<\/li>\n<li>Los Polinesios.<\/li>\n<li>Iker Walker.<\/li>\n<li>Estefi Merelles.<\/li>\n<li>Mau Otero.<\/li>\n<\/ul>\n<p style=\"text-align: justify;\">As\u00ed emitir\u00e1n emotivos y solidarios mensajes de reconocimiento y respeto para todos los h\u00e9roes an\u00f3nimos que encabezan el combate a la pandemia, poniendo en riesgo sus propias vidas.<\/p>\n<p style=\"text-align: justify;\">Se agradece ser\u00e1 una emisi\u00f3n ininterrumpida de cuatro horas y ser\u00e1 Javier Poza quien lleve el hilo conductor de todas las historias, voces y expresiones art\u00edsticas que se unir\u00e1n en este solidario y emotivo coro de agradecimiento e inspiraci\u00f3n, para que todos sigamos unidos, firmes y hermanados en esta lucha.<\/p>\n<p style=\"text-align: justify;\">Se agradece ser\u00e1 transmitido el 30 de mayo, por las estrellas, de 7 a 11 de la noche; mientras que en Estados Unidos ser\u00e1 transmitido por Univision de 8 a 11 de la noche (tiempo del Este).<\/p>\n<p style=\"text-align: justify;\">Adem\u00e1s, en las cuentas oficiales de las estrellas de YouTube, Facebook y Trebel.<\/p>\n","protected":false},"excerpt":{"rendered":"<p>Se agradece es un canto de agradecimiento y unidad, para reconocer a todos aquellos que, desde diferentes frentes, entregan su esfuerzo y arriesgan sus vidas, para ayudarnos a superar la crisis que ha generado la emergencia sanitaria del Covid-19, en M\u00e9xico y el mundo. Se agradece es un magno evento en torno al cual se [&hellip;]<\/p>\n","protected":false},"author":1,"featured_media":3879,"comment_status":"open","ping_status":"open","sticky":false,"template":"","format":"standard","meta":{"footnotes":""},"categories":[119],"tags":[501,519,559,564,577,688,1023,1246,1303,1311,1314,1345,1349,1479,1647,1717,1974,2110,2250,2569,2623,2877,3293,3744,3892,3996,4004,4418,4929,4930,5126,5129,5141,5161,5635,6332,6723,7566],"class_list":["post-3877","post","type-post","status-publish","format-standard","has-post-thumbnail","category-notas-de-prensa","tag-agradecimiento","tag-aitana-y-reik","tag-alejandro-fernandez","tag-alejandro-sanz-y-carlos-vives","tag-alex-fernandez-jr","tag-ana-torroja","tag-banda-el-recodo","tag-bronco-y-cristian-castro","tag-caifanes","tag-cali-y-el-dandee-y-sebastian-yatra","tag-calibre-50","tag-camila","tag-camilo","tag-carlos-rivera","tag-christian-nodal","tag-cnco","tag-covid-19","tag-david-bisbal","tag-diego-torres","tag-el-tri","tag-emmanuel","tag-evento","tag-gloria-trevi","tag-instagram","tag-jesse-joy","tag-juan-luis-guerra","tag-juanes","tag-lila-downs","tag-mexicanos","tag-mexico","tag-mundial","tag-mundo","tag-musica","tag-musical","tag-pandemia","tag-redes-sociales","tag-se-agradece","tag-union"],"_links":{"self":[{"href":"https:\/\/starsworldproduction.com\/web\/wp-json\/wp\/v2\/posts\/3877","targetHints":{"allow":["GET"]}}],"collection":[{"href":"https:\/\/starsworldproduction.com\/web\/wp-json\/wp\/v2\/posts"}],"about":[{"href":"https:\/\/starsworldproduction.com\/web\/wp-json\/wp\/v2\/types\/post"}],"author":[{"embeddable":true,"href":"https:\/\/starsworldproduction.com\/web\/wp-json\/wp\/v2\/users\/1"}],"replies":[{"embeddable":true,"href":"https:\/\/starsworldproduction.com\/web\/wp-json\/wp\/v2\/comments?post=3877"}],"version-history":[{"count":0,"href":"https:\/\/starsworldproduction.com\/web\/wp-json\/wp\/v2\/posts\/3877\/revisions"}],"wp:featuredmedia":[{"embeddable":true,"href":"https:\/\/starsworldproduction.com\/web\/wp-json\/wp\/v2\/media\/3879"}],"wp:attachment":[{"href":"https:\/\/starsworldproduction.com\/web\/wp-json\/wp\/v2\/media?parent=3877"}],"wp:term":[{"taxonomy":"category","embeddable":true,"href":"https:\/\/starsworldproduction.com\/web\/wp-json\/wp\/v2\/categories?post=3877"},{"taxonomy":"post_tag","embeddable":true,"href":"https:\/\/starsworldproduction.com\/web\/wp-json\/wp\/v2\/tags?post=3877"}],"curies":[{"name":"wp","href":"https:\/\/api.w.org\/{rel}","templated":true}]}}