{"id":3907,"date":"2020-06-08T13:06:05","date_gmt":"2020-06-08T13:06:05","guid":{"rendered":"https:\/\/www.starsworldproduction.com\/?p=3907"},"modified":"2020-06-08T13:06:05","modified_gmt":"2020-06-08T13:06:05","slug":"david-bisbal-celebro-cumpleanos-nuevo-tema","status":"publish","type":"post","link":"https:\/\/starsworldproduction.com\/web\/2020\/06\/08\/david-bisbal-celebro-cumpleanos-nuevo-tema\/","title":{"rendered":"David Bisbal celebr\u00f3 su cumplea\u00f1os con nuevo tema"},"content":{"rendered":"<p class=\"story-contents__font-paragraph \" style=\"text-align: justify;\">El cantante\u00a0David Bisbal\u00a0cumpli\u00f3 41 a\u00f1os el pasado 5 de junio y lo celebr\u00f3 a lo grande con el lanzamiento de una nueva canci\u00f3n titulada \u201cSi t\u00fa la quieres\u201d, tema que busca reconfortar al m\u00fasico en medio de la pandemia del coronavirus.<\/p>\n<p class=\"story-contents__font-paragraph \" style=\"text-align: justify;\">El ganador del Grammy Latino sum\u00f3 un nuevo festejo a su vida y lo hizo descubriendo su faceta m\u00e1s tropical con una versi\u00f3n que combina la salsa y los sonidos caribe\u00f1os.<\/p>\n<p class=\"story-contents__font-paragraph \" style=\"text-align: justify;\">El tema es una nueva forma de interpretar una canci\u00f3n original del \u00e1lbum \u201cEn tus planes\u201d, con sonidos tropicales que buscan revitalizar aquel trabajo que consigui\u00f3 ser<\/p>\n<p class=\"story-contents__font-paragraph \" style=\"text-align: justify;\">Disco de Platino en:<\/p>\n<ul style=\"text-align: justify;\">\n<li class=\"story-contents__font-paragraph \" style=\"text-align: justify;\">Espa\u00f1a.<\/li>\n<li class=\"story-contents__font-paragraph \" style=\"text-align: justify;\">Am\u00e9rica Central.<\/li>\n<\/ul>\n<p class=\"story-contents__font-paragraph \" style=\"text-align: justify;\">Disco de Oro en:<\/p>\n<ul style=\"text-align: justify;\">\n<li class=\"story-contents__font-paragraph \" style=\"text-align: justify;\">M\u00e9xico, entre otros premios.<\/li>\n<\/ul>\n<h4 style=\"text-align: justify;\"><strong>As\u00ed que mira el video completo aqu\u00ed:<\/strong><\/h4>\n<p><iframe loading=\"lazy\" src=\"https:\/\/www.youtube.com\/embed\/qjWmbq9AcK4\" width=\"560\" height=\"315\" frameborder=\"0\" allowfullscreen=\"allowfullscreen\"><\/iframe><\/p>\n<p class=\"story-contents__font-paragraph \" style=\"text-align: justify;\">Por si fuera poco, este tema llega con la colaboraci\u00f3n de Aitana, otra de las artistas espa\u00f1olas m\u00e1s sonadas en la actualidad. Y es una canci\u00f3n que, hasta el momento, ha obtenido el Disco de Oro en Espa\u00f1a y el videoclip supera los 37 millones de views.<\/p>\n<p class=\"story-contents__font-paragraph \" style=\"text-align: justify;\">Adem\u00e1s la popularidad se debe a que es una canci\u00f3n sobre el:<\/p>\n<ul>\n<li class=\"story-contents__font-paragraph \" style=\"text-align: justify;\">Amor.<\/li>\n<li class=\"story-contents__font-paragraph \" style=\"text-align: justify;\">Sentimientos.<\/li>\n<\/ul>\n<p class=\"story-contents__font-paragraph \" style=\"text-align: justify;\">Y como tal, es vers\u00e1til, permite una transformaci\u00f3n y que se vista de diferentes matices que la enriquecen.<\/p>\n<p class=\"story-contents__font-paragraph \" style=\"text-align: justify;\">Finalmente por lo pronto,\u00a0<b>David Bisbal alista su nueva gira para el pr\u00f3ximo a\u00f1o.<\/b>\u00a0Un tour que llevar\u00e1 la m\u00fasica de su disco \u201cEn tus planes\u201d a lo largo de toda Espa\u00f1a.<\/p>\n<p class=\"story-contents__font-paragraph \" style=\"text-align: justify;\">\n<p class=\"story-contents__font-paragraph \" style=\"text-align: justify;\">\n","protected":false},"excerpt":{"rendered":"<p>El cantante\u00a0David Bisbal\u00a0cumpli\u00f3 41 a\u00f1os el pasado 5 de junio y lo celebr\u00f3 a lo grande con el lanzamiento de una nueva canci\u00f3n titulada \u201cSi t\u00fa la quieres\u201d, tema que busca reconfortar al m\u00fasico en medio de la pandemia del coronavirus. El ganador del Grammy Latino sum\u00f3 un nuevo festejo a su vida y lo [&hellip;]<\/p>\n","protected":false},"author":1,"featured_media":3908,"comment_status":"open","ping_status":"open","sticky":false,"template":"","format":"standard","meta":{"footnotes":""},"categories":[121],"tags":[767,1373,1403,1556,2053,2110,2767,2768,2846,2850,2914,3524,3744,4256,4263,5141,5246,5252,5396,5399,5421,5444,6332,6869,6914,7204,7712,7720,16,7907],"class_list":["post-3907","post","type-post","status-publish","format-standard","has-post-thumbnail","category-noticias-musicales","tag-anzan","tag-cancion","tag-cantante","tag-celebro","tag-cumpleanos","tag-david-bisbal","tag-espana","tag-espanol","tag-estrenar","tag-estreno","tag-exito","tag-hit","tag-instagram","tag-lanza","tag-lanzar","tag-musica","tag-new","tag-new-single","tag-nueva","tag-nueva-cancion","tag-nuevo","tag-nuevo-tema","tag-redes-sociales","tag-si-tu-la-quieres","tag-single","tag-tema","tag-video","tag-videoclip","tag-viral","tag-youtube"],"_links":{"self":[{"href":"https:\/\/starsworldproduction.com\/web\/wp-json\/wp\/v2\/posts\/3907","targetHints":{"allow":["GET"]}}],"collection":[{"href":"https:\/\/starsworldproduction.com\/web\/wp-json\/wp\/v2\/posts"}],"about":[{"href":"https:\/\/starsworldproduction.com\/web\/wp-json\/wp\/v2\/types\/post"}],"author":[{"embeddable":true,"href":"https:\/\/starsworldproduction.com\/web\/wp-json\/wp\/v2\/users\/1"}],"replies":[{"embeddable":true,"href":"https:\/\/starsworldproduction.com\/web\/wp-json\/wp\/v2\/comments?post=3907"}],"version-history":[{"count":0,"href":"https:\/\/starsworldproduction.com\/web\/wp-json\/wp\/v2\/posts\/3907\/revisions"}],"wp:featuredmedia":[{"embeddable":true,"href":"https:\/\/starsworldproduction.com\/web\/wp-json\/wp\/v2\/media\/3908"}],"wp:attachment":[{"href":"https:\/\/starsworldproduction.com\/web\/wp-json\/wp\/v2\/media?parent=3907"}],"wp:term":[{"taxonomy":"category","embeddable":true,"href":"https:\/\/starsworldproduction.com\/web\/wp-json\/wp\/v2\/categories?post=3907"},{"taxonomy":"post_tag","embeddable":true,"href":"https:\/\/starsworldproduction.com\/web\/wp-json\/wp\/v2\/tags?post=3907"}],"curies":[{"name":"wp","href":"https:\/\/api.w.org\/{rel}","templated":true}]}}