{"id":4093,"date":"2020-08-03T12:47:40","date_gmt":"2020-08-03T12:47:40","guid":{"rendered":"https:\/\/www.starsworldproduction.com\/?p=4093"},"modified":"2020-08-03T12:47:40","modified_gmt":"2020-08-03T12:47:40","slug":"luis-fonsi-sebastian-yatra-greeicy-se-unen-cantar-los-ninos","status":"publish","type":"post","link":"https:\/\/starsworldproduction.com\/web\/2020\/08\/03\/luis-fonsi-sebastian-yatra-greeicy-se-unen-cantar-los-ninos\/","title":{"rendered":"Luis Fonsi, Sebasti\u00e1n Yatra y Greeicy se unen para cantar a los ni\u00f1os"},"content":{"rendered":"<p class=\"story-contents__font-paragraph \" style=\"text-align: justify;\">Los artistas latinos\u00a0Luis Fonsi, Sebasti\u00e1n Yatra, Nacho, Greeicy, Guayna y Joey Montana han unido sus voces en el disco \u201cMiniStars Vol. 1\u201d, que sali\u00f3\u00a0este fin de semana con una mezcla de canciones para ni\u00f1os que incluyen nuevas versiones de \u00e9xitos anteriores y cl\u00e1sicos del cancionero infantil en espa\u00f1ol.<\/p>\n<p class=\"story-contents__font-paragraph \" style=\"text-align: justify;\">El primer sencillo de \u201cMiniStars\u201d fue la nueva versi\u00f3n de:<\/p>\n<p class=\"story-contents__font-paragraph \" style=\"text-align: justify;\">\u201cBaby Shark\u201d.<\/p>\n<p class=\"story-contents__font-paragraph \" style=\"text-align: justify;\">Que represent\u00f3 la primera experiencia de Luis Fonsi en el mundo de la m\u00fasica infantil y el debut en la industria de los dos hijos del artista puertorrique\u00f1o:<\/p>\n<p class=\"story-contents__font-paragraph \" style=\"text-align: justify;\">Mikaela y Rocco.<\/p>\n<p class=\"story-contents__font-paragraph \" style=\"text-align: justify;\">El segundo, que ser\u00e1 promocionado a partir de ma\u00f1ana, es:<\/p>\n<p class=\"story-contents__font-paragraph \" style=\"text-align: justify;\">-\u201cLa vaca loca\u201d.<\/p>\n<p class=\"story-contents__font-paragraph \" style=\"text-align: justify;\">Una versi\u00f3n reinventada por el artista venezolano Nacho, de la canci\u00f3n de los videos infantiles \u201cLa granja de Zen\u00f3n\u201d<\/p>\n<p class=\"story-contents__font-paragraph \" style=\"text-align: justify;\">El tema entr\u00f3 en el cancionero del p\u00fablico internacional el verano pasado cuando el actor y empresario:<\/p>\n<p class=\"story-contents__font-paragraph \" style=\"text-align: justify;\">-Ashton Kutcher y su esposa, la tambi\u00e9n actriz Mila Kunis, aparecieron cant\u00e1ndola en sus redes sociales.<\/p>\n<p class=\"story-contents__font-paragraph \" style=\"text-align: justify;\">El divertido disco tambi\u00e9n tiene al reguetonero puertorrique\u00f1o Guaynaa cantando la \u201cGallina turuleca\u201d, la canci\u00f3n popularizada en Espa\u00f1a en 1971 por Los payasos de la tele, y que este a\u00f1o ha renacido con tanta fuerza, que hasta tiene una pel\u00edcula en su honor.<\/p>\n<p class=\"story-contents__font-paragraph \" style=\"text-align: justify;\">La cantautora colombiana Greeicy interpreta la versi\u00f3n en espa\u00f1ol de la canci\u00f3n de cuna brit\u00e1nica del siglo XIX :<\/p>\n<p class=\"story-contents__font-paragraph \" style=\"text-align: justify;\">\u201cTwinkle, Twinkle, Little Star\u201d, con el nombre de \u201cEstrellita\u201d.<\/p>\n<p class=\"story-contents__font-paragraph \" style=\"text-align: justify;\">Su compatriota Yatra fue el encargado de cantar la dulce tonada:<\/p>\n<p class=\"story-contents__font-paragraph \" style=\"text-align: justify;\">-\u201cMariposita\u201d.<\/p>\n<p class=\"story-contents__font-paragraph \" style=\"text-align: justify;\">Mientras que el artista paname\u00f1o Joey Montana hizo una nueva versi\u00f3n para ni\u00f1os de:<\/p>\n<p class=\"story-contents__font-paragraph \" style=\"text-align: justify;\">-\u201cPicky\u201d.<\/p>\n<p class=\"story-contents__font-paragraph \" style=\"text-align: justify;\">Su \u00e9xito de 2015, con el nombre de \u201cPerrito Picky\u201d, que cuenta la historia de un cachorrito que no se quiere ba\u00f1ar.<\/p>\n<p class=\"story-contents__font-paragraph \" style=\"text-align: justify;\">Adem\u00e1s las canciones salen acompa\u00f1adas de tiernos videos animados, ilustrados con im\u00e1genes en escenarios color pastel. Yatra y Nacho son los \u00fanicos artistas del grupo que se hab\u00edan acercado antes al p\u00fablico infantil.<\/p>\n<p class=\"story-contents__font-paragraph \" style=\"text-align: justify;\">Durante las primeras semanas de la pandemia del coronavirus, el colombiano dedic\u00f3 una hora todas las noches a leer cuentos infantiles y cantar canciones para ni\u00f1os en transmisiones de Instagram Live.<\/p>\n<p class=\"story-contents__font-paragraph \" style=\"text-align: justify;\">Por su parte, el artista venezolano ya tiene un disco de m\u00fasica infantil, que contiene sus \u00e9xitos como parte del dueto:<\/p>\n<p class=\"story-contents__font-paragraph \" style=\"text-align: justify;\">-Chyno y Nacho, con arreglos m\u00e1s amigables para ni\u00f1os.<\/p>\n<h4 class=\"story-contents__font-paragraph \" style=\"text-align: justify;\"><\/h4>\n<h4 class=\"story-contents__font-paragraph \" style=\"text-align: justify;\"><strong>As\u00ed que escucha uno de los temas completo aqu\u00ed:<\/strong><\/h4>\n<p><iframe loading=\"lazy\" src=\"https:\/\/www.youtube.com\/embed\/ST3EMQkDPW0\" width=\"560\" height=\"315\" frameborder=\"0\" allowfullscreen=\"allowfullscreen\"><\/iframe><\/p>\n","protected":false},"excerpt":{"rendered":"<p>Los artistas latinos\u00a0Luis Fonsi, Sebasti\u00e1n Yatra, Nacho, Greeicy, Guayna y Joey Montana han unido sus voces en el disco \u201cMiniStars Vol. 1\u201d, que sali\u00f3\u00a0este fin de semana con una mezcla de canciones para ni\u00f1os que incluyen nuevas versiones de \u00e9xitos anteriores y cl\u00e1sicos del cancionero infantil en espa\u00f1ol. El primer sencillo de \u201cMiniStars\u201d fue la [&hellip;]<\/p>\n","protected":false},"author":1,"featured_media":4094,"comment_status":"open","ping_status":"open","sticky":false,"template":"","format":"standard","meta":{"footnotes":""},"categories":[121],"tags":[856,1420,1426,2914,3368,3524,3744,4042,4331,4579,5014,5141,5292,6332,6738,7565,7712,7720,16,7780,7907],"class_list":["post-4093","post","type-post","status-publish","format-standard","has-post-thumbnail","category-noticias-musicales","tag-artistas","tag-cantantes","tag-cantar","tag-exito","tag-greeicy","tag-hit","tag-instagram","tag-juntos","tag-latinos","tag-luis-fonsi","tag-ministars","tag-musica","tag-ninos","tag-redes-sociales","tag-sebastian-yatra","tag-unieron","tag-video","tag-videoclip","tag-viral","tag-voces","tag-youtube"],"_links":{"self":[{"href":"https:\/\/starsworldproduction.com\/web\/wp-json\/wp\/v2\/posts\/4093","targetHints":{"allow":["GET"]}}],"collection":[{"href":"https:\/\/starsworldproduction.com\/web\/wp-json\/wp\/v2\/posts"}],"about":[{"href":"https:\/\/starsworldproduction.com\/web\/wp-json\/wp\/v2\/types\/post"}],"author":[{"embeddable":true,"href":"https:\/\/starsworldproduction.com\/web\/wp-json\/wp\/v2\/users\/1"}],"replies":[{"embeddable":true,"href":"https:\/\/starsworldproduction.com\/web\/wp-json\/wp\/v2\/comments?post=4093"}],"version-history":[{"count":0,"href":"https:\/\/starsworldproduction.com\/web\/wp-json\/wp\/v2\/posts\/4093\/revisions"}],"wp:featuredmedia":[{"embeddable":true,"href":"https:\/\/starsworldproduction.com\/web\/wp-json\/wp\/v2\/media\/4094"}],"wp:attachment":[{"href":"https:\/\/starsworldproduction.com\/web\/wp-json\/wp\/v2\/media?parent=4093"}],"wp:term":[{"taxonomy":"category","embeddable":true,"href":"https:\/\/starsworldproduction.com\/web\/wp-json\/wp\/v2\/categories?post=4093"},{"taxonomy":"post_tag","embeddable":true,"href":"https:\/\/starsworldproduction.com\/web\/wp-json\/wp\/v2\/tags?post=4093"}],"curies":[{"name":"wp","href":"https:\/\/api.w.org\/{rel}","templated":true}]}}