{"id":4126,"date":"2020-08-13T13:55:02","date_gmt":"2020-08-13T13:55:02","guid":{"rendered":"https:\/\/www.starsworldproduction.com\/?p=4126"},"modified":"2020-08-13T13:55:02","modified_gmt":"2020-08-13T13:55:02","slug":"ivy-queen-celia-cruz-duo-virtual-festival-miami","status":"publish","type":"post","link":"https:\/\/starsworldproduction.com\/web\/2020\/08\/13\/ivy-queen-celia-cruz-duo-virtual-festival-miami\/","title":{"rendered":"Ivy Queen y Celia Cruz en un duo virtual para festival de Miami"},"content":{"rendered":"<p class=\"story-contents__font-paragraph \" style=\"text-align: justify;\">La tecnolog\u00eda va a hacer posible que dos reinas de la m\u00fasica latina, la salsera cubana ya fallecida Celia Cruz y la reguetonera puertorrique\u00f1a\u00a0Ivy Queen, unan sus voces en un dueto virtual que ser\u00e1 la pieza central del festival interactivo Calle Ocho Live.<\/p>\n<h5 class=\"story-contents__font-paragraph \" style=\"text-align: justify;\">Afirm\u00f3 Ivy Queen en el comunicado para anunciar el dueto:<\/h5>\n<p class=\"story-contents__font-paragraph \" style=\"text-align: justify;\">\u201cMe honra cantar una de sus canciones con Celia porque me cautiv\u00f3 desde el momento en que escuch\u00e9 por primera vez su incre\u00edble voz y adem\u00e1s que ella es sin\u00f3nimo de los m\u00e1s altos valores, sacrificios y el empoderamiento que la m\u00fasica nos da a todos. \u00a1Viva Celia Cruz, la Reina!\u201d.<\/p>\n<p class=\"story-contents__font-paragraph \" style=\"text-align: justify;\">Omer Pardillo Cid, presidente de la Fundaci\u00f3n Celia Cruz, dijo que el mayor deseo de la\u00a0\u201creina de a salsa\u201d\u00a0era que\u00a0\u201csu nombre se mantuviese vivo para las generaciones futuras y esta actuaci\u00f3n especial con una artista de la estatura de Ivy Queen es algo que mantendr\u00e1 su glorioso legado en las pr\u00f3ximas d\u00e9cadas\u201d.<\/p>\n<p class=\"story-contents__font-paragraph \" style=\"text-align: justify;\">El tema de Celia Cruz e Ivy Queen ser\u00e1 dado a conocer el 4 de octubre durante el evento que reemplaza al:<\/p>\n<p class=\"story-contents__font-paragraph \" style=\"text-align: justify;\">-\u201cCalle Ocho Music Festival\u201d.<\/p>\n<p class=\"story-contents__font-paragraph \" style=\"text-align: justify;\">Se celebra en el barrio de la Peque\u00f1a Habana de Miami y este a\u00f1o debi\u00f3 cancelarse debido al COVID-19.<\/p>\n<figure style=\"width: 453px\" class=\"wp-caption alignnone\"><img loading=\"lazy\" loading=\"lazy\" decoding=\"async\" class=\"wp-image-4127\" src=\"https:\/\/www.starsworldproduction.com\/wp-content\/uploads\/2020\/08\/calle-ocho-evento-stars-world-production-300x300.png\" alt=\"calle-ocho-evento-stars-world-production\" width=\"453\" height=\"471\" \/><figcaption class=\"wp-caption-text\">\u201cCalle Ocho Live\u201d &#8211; (Foto: Instagram)<\/figcaption><\/figure>\n<h5 class=\"story-contents__font-paragraph \" style=\"text-align: justify;\"><strong>En su lugar, se realizar\u00e1 Calle Ocho Live, un espect\u00e1culo televisivo que podr\u00e1 verse en plataformas digitales asociadas a:<\/strong><\/h5>\n<ul style=\"text-align: justify;\">\n<li class=\"story-contents__font-paragraph \">YouTube.<\/li>\n<li class=\"story-contents__font-paragraph \">Twitter.<\/li>\n<li class=\"story-contents__font-paragraph \">Periscope.<\/li>\n<li class=\"story-contents__font-paragraph \">TikTok.<\/li>\n<li class=\"story-contents__font-paragraph \">Twitch.<\/li>\n<li class=\"story-contents__font-paragraph \">Entre otros<strong>.<\/strong><\/li>\n<\/ul>\n<h5 class=\"story-contents__font-paragraph \" style=\"text-align: justify;\"><strong>Tambi\u00e9n se transmitir\u00e1 simult\u00e1neamente en:<\/strong><\/h5>\n<ul style=\"text-align: justify;\">\n<li class=\"story-contents__font-paragraph \">VIVALIVE TV.<\/li>\n<li class=\"story-contents__font-paragraph \">ORA TV.<\/li>\n<li class=\"story-contents__font-paragraph \">BronxNet.<\/li>\n<li class=\"story-contents__font-paragraph \">Tarima.<\/li>\n<\/ul>\n<p class=\"story-contents__font-paragraph \" style=\"text-align: justify;\">-Adem\u00e1s de canales nacionales socios.<\/p>\n<p class=\"story-contents__font-paragraph \" style=\"text-align: justify;\">La canci\u00f3n que est\u00e1 grabando Ivy Queen se mantendr\u00e1 en secreto hasta el d\u00eda del evento, que es coproducido por la organizaci\u00f3n ben\u00e9fica los:<\/p>\n<ul style=\"text-align: justify;\">\n<li class=\"story-contents__font-paragraph \">Kiwanis de la Peque\u00f1a Habana.<\/li>\n<li class=\"story-contents__font-paragraph \">RetroPop Media.<\/li>\n<li class=\"story-contents__font-paragraph \">Atlantino.<\/li>\n<\/ul>\n<p class=\"story-contents__font-paragraph \" style=\"text-align: justify;\">Seg\u00fan se anunci\u00f3 este martes en un comunicado.<\/p>\n<p class=\"story-contents__font-paragraph \" style=\"text-align: justify;\">Adem\u00e1s de ofrecer presentaciones en vivo y pregrabadas de los mejores artistas de la:<\/p>\n<p class=\"story-contents__font-paragraph \" style=\"text-align: justify;\">M\u00fasica latina, celebridades y personalidades de las redes sociales.<\/p>\n<p class=\"story-contents__font-paragraph \" style=\"text-align: justify;\">Calle Ocho Live tambi\u00e9n destacar\u00e1 las historias de las familias atendidas por los Kiwanis y dar\u00e1 la oportunidad a los espectadores de hacer donaciones.<\/p>\n<p class=\"story-contents__font-paragraph \" style=\"text-align: justify;\">As\u00ed que Calle Ocho Live ser\u00e1 una experiencia de transmisi\u00f3n interactiva en vivo de tres horas que incluir\u00e1 artistas musicales, animadores, comediantes, chefs, personas influyentes en las redes sociales y otras personalidades sorpresa, se\u00f1ala el comunicado. El p\u00fablico en casa tendr\u00e1 varias opciones para participar en vivo en el programa, que tiene como patrocinador oficial a Heineken.<\/p>\n<p class=\"story-contents__font-paragraph \" style=\"text-align: justify;\">Finalmente La Fundaci\u00f3n Kiwanis de la Peque\u00f1a Habana usar\u00e1 el dinero recaudado a trav\u00e9s de Calle Ocho Live para ayudar a familias en el Sur de la Florida con:<\/p>\n<ul style=\"text-align: justify;\">\n<li class=\"story-contents__font-paragraph \">Becas universitarias.<\/li>\n<li class=\"story-contents__font-paragraph \">Asistencia financiera de emergencia<\/li>\n<li class=\"story-contents__font-paragraph \">Otro tipo de apoyo necesario durante la crisis del COVID-19.<\/li>\n<\/ul>\n<p style=\"text-align: justify;\">\n<p>&nbsp;<\/p>\n","protected":false},"excerpt":{"rendered":"<p>La tecnolog\u00eda va a hacer posible que dos reinas de la m\u00fasica latina, la salsera cubana ya fallecida Celia Cruz y la reguetonera puertorrique\u00f1a\u00a0Ivy Queen, unan sus voces en un dueto virtual que ser\u00e1 la pieza central del festival interactivo Calle Ocho Live. Afirm\u00f3 Ivy Queen en el comunicado para anunciar el dueto: \u201cMe honra [&hellip;]<\/p>\n","protected":false},"author":1,"featured_media":4128,"comment_status":"open","ping_status":"open","sticky":false,"template":"","format":"standard","meta":{"footnotes":""},"categories":[121],"tags":[1420,1559,2019,2020,2431,2877,2914,3043,3524,3744,3824,4320,5141,5161,6159,6161,6332,7712,7720,16,7759,7907],"class_list":{"0":"post-4126","1":"post","2":"type-post","3":"status-publish","4":"format-standard","5":"has-post-thumbnail","7":"category-noticias-musicales","8":"tag-cantantes","9":"tag-celia-cruz","10":"tag-cuba","11":"tag-cubana","12":"tag-duo","13":"tag-evento","14":"tag-exito","15":"tag-festival","16":"tag-hit","17":"tag-instagram","18":"tag-ivy-queen","19":"tag-latinas","20":"tag-musica","21":"tag-musical","22":"tag-puerto-rico","23":"tag-puertorriquena","24":"tag-redes-sociales","25":"tag-video","26":"tag-videoclip","27":"tag-viral","28":"tag-virtual","29":"tag-youtube"},"_links":{"self":[{"href":"https:\/\/starsworldproduction.com\/web\/wp-json\/wp\/v2\/posts\/4126","targetHints":{"allow":["GET"]}}],"collection":[{"href":"https:\/\/starsworldproduction.com\/web\/wp-json\/wp\/v2\/posts"}],"about":[{"href":"https:\/\/starsworldproduction.com\/web\/wp-json\/wp\/v2\/types\/post"}],"author":[{"embeddable":true,"href":"https:\/\/starsworldproduction.com\/web\/wp-json\/wp\/v2\/users\/1"}],"replies":[{"embeddable":true,"href":"https:\/\/starsworldproduction.com\/web\/wp-json\/wp\/v2\/comments?post=4126"}],"version-history":[{"count":0,"href":"https:\/\/starsworldproduction.com\/web\/wp-json\/wp\/v2\/posts\/4126\/revisions"}],"wp:featuredmedia":[{"embeddable":true,"href":"https:\/\/starsworldproduction.com\/web\/wp-json\/wp\/v2\/media\/4128"}],"wp:attachment":[{"href":"https:\/\/starsworldproduction.com\/web\/wp-json\/wp\/v2\/media?parent=4126"}],"wp:term":[{"taxonomy":"category","embeddable":true,"href":"https:\/\/starsworldproduction.com\/web\/wp-json\/wp\/v2\/categories?post=4126"},{"taxonomy":"post_tag","embeddable":true,"href":"https:\/\/starsworldproduction.com\/web\/wp-json\/wp\/v2\/tags?post=4126"}],"curies":[{"name":"wp","href":"https:\/\/api.w.org\/{rel}","templated":true}]}}