{"id":4226,"date":"2020-10-02T14:00:44","date_gmt":"2020-10-02T14:00:44","guid":{"rendered":"https:\/\/www.starsworldproduction.com\/?p=4226"},"modified":"2020-10-02T14:00:44","modified_gmt":"2020-10-02T14:00:44","slug":"camilo-arraso-concierto-virtual-ofrecido-desde-casa","status":"publish","type":"post","link":"https:\/\/starsworldproduction.com\/web\/2020\/10\/02\/camilo-arraso-concierto-virtual-ofrecido-desde-casa\/","title":{"rendered":"Camilo arras\u00f3 con concierto virtual ofrecido desde su casa"},"content":{"rendered":"<p style=\"text-align: justify;\">Camilo es uno de los artistas que m\u00e1s est\u00e1 triunfando en estos momentos gracias a temas como \u2018Tutu\u2019 o \u2018Tattoo Remix\u2019. El martes hab\u00eda anunciado que\u00a0el mi\u00e9rcoles ofrecer\u00eda un concierto virtual desde su casa,\u00a0con el fin de celebrar el reciente lanzamiento de su nuevo tema \u2018Vida de rico\u2019 y las\u00a0nominaciones que ha recibido de los Grammys Latinos. Y as\u00ed ha hecho, pues gracias a su canal de YouTube y a sus redes sociales hemos podido ver c\u00f3mo Camilo nos ha interpretado desde su casa varias de sus canciones como:<\/p>\n<ul style=\"text-align: justify;\">\n<li>\u2018Tutu\u2019.<\/li>\n<li>\u2018Por Primera Vez\u2019.<\/li>\n<li>\u2018Favorito\u2019.<\/li>\n<li>\u2018Vida de rico\u2019.<\/li>\n<li>\u2018El mismo aire\u2019.<\/li>\n<li>\u2018La Mitad\u2019.<\/li>\n<\/ul>\n<p style=\"text-align: justify;\">Esas han sido las canciones escogidas\u00a0por el artista para interpretar de forma casera. Las ha cantado en formato ac\u00fastico, acompa\u00f1\u00e1ndose de su guitarra y ukelele, adem\u00e1s de contar con algunos miembros de su banda para interpretar su \u00faltimo single.<\/p>\n<p style=\"text-align: justify;\">Adem\u00e1s, el cantante de \u2018Favorito\u2019\u00a0ha querido aprovechar esta oportunidad para mostrar el interior de su nueva casa situada en Miami, tal y como le pidieron sus fans. Camilo cont\u00f3 que pint\u00f3 y decor\u00f3 la casa en compa\u00f1\u00eda de sus amigos y de su esposa, Evaluna. Con ella ha querido interpretar en este concierto virtual su tema\u00a0\u2018Por Primera Vez\u2019, colaboraci\u00f3n que lanzaron hace seis meses.<\/p>\n<h4 style=\"text-align: justify;\"><strong><strong>M<\/strong>ira el tema completo aqu\u00ed:<\/strong><\/h4>\n<p><iframe loading=\"lazy\" src=\"https:\/\/www.youtube.com\/embed\/eMcxNcQcAgI\" width=\"560\" height=\"315\" frameborder=\"0\" allowfullscreen=\"allowfullscreen\"><\/iframe><\/p>\n<p style=\"text-align: justify;\">El artista ha querido agradecer a todos sus fans que estuvieran presente en el concierto y formaran parte de una de las cosas m\u00e1s bonitas que han hecho<strong>: <\/strong><\/p>\n<p style=\"text-align: justify;\"><strong>\u201cGracias por dejarme ser parte de sus vidas!! El concierto en casa fue una de las piezas de contenido m\u00e1s bonitas que hemos hecho!!! Los amo!\u201d<\/strong><\/p>\n<aside class=\"envoltorio-intext2\">\n<div id=\"intext2\" data-google-query-id=\"CK3XwuyRlOwCFYwSwwodEfQMTw\"><\/div>\n<\/aside>\n<p style=\"text-align: justify;\">Otra de las razones por las que Camilo tuvo esta idea\u00a0fue celebrar todas las nominaciones ha recibido a los Grammys Latinos:<\/p>\n<ul style=\"text-align: justify;\">\n<li>\u201cGrabaci\u00f3n del A\u00f1o\u201d.<\/li>\n<li>\u201c\u00c1lbum del a\u00f1o\u201d.<\/li>\n<li>\u201cCanci\u00f3n del a\u00f1o\u201d.<\/li>\n<li>\u201cMejor \u00c1lbum Vocal Pop\u201d.<\/li>\n<li>\u201cMejor Canci\u00f3n Pop\u201d.<\/li>\n<\/ul>\n<p style=\"text-align: justify;\">Estas son las categor\u00edas en las que compite, a las que est\u00e1n nominados otros artistas como:<\/p>\n<p style=\"text-align: justify;\">-Bad Bunny, J Balvin y Karol G.<\/p>\n<p style=\"text-align: justify;\">Camilo lleva m\u00e1s de diez a\u00f1os trabajando en la m\u00fasica, pero\u00a0no ha sido hasta hace dos a\u00f1os cuando se ha dado a conocer internacionalmente.\u00a0Su canci\u00f3n \u2018Tutu\u2019 ha sido la que le ha lanzado directamente a la fama, tema en el que colabora con el int\u00e9rprete de \u2018Calma\u2019, Pedro Cap\u00f3.<\/p>\n<h4 style=\"text-align: justify;\"><strong>As\u00ed que mira uno de sus temas completo aqu\u00ed:<\/strong><\/h4>\n<p><iframe loading=\"lazy\" src=\"https:\/\/www.youtube.com\/embed\/Pc_PKchEy_k\" width=\"560\" height=\"315\" frameborder=\"0\" allowfullscreen=\"allowfullscreen\"><\/iframe><\/p>\n<p>&nbsp;<\/p>\n<p>&nbsp;<\/p>\n<p>&nbsp;<\/p>\n","protected":false},"excerpt":{"rendered":"<p>Camilo es uno de los artistas que m\u00e1s est\u00e1 triunfando en estos momentos gracias a temas como \u2018Tutu\u2019 o \u2018Tattoo Remix\u2019. El martes hab\u00eda anunciado que\u00a0el mi\u00e9rcoles ofrecer\u00eda un concierto virtual desde su casa,\u00a0con el fin de celebrar el reciente lanzamiento de su nuevo tema \u2018Vida de rico\u2019 y las\u00a0nominaciones que ha recibido de los [&hellip;]<\/p>\n","protected":false},"author":1,"featured_media":4227,"comment_status":"open","ping_status":"open","sticky":false,"template":"","format":"standard","meta":{"footnotes":""},"categories":[121],"tags":[831,856,1349,1373,1403,1512,1767,1771,1855,1857,2771,2790,2846,2874,2876,2914,2969,2992,3339,3524,3542,3744,4218,4256,4261,5141,5246,5252,5355,5396,5399,5421,5444,5496,5886,5924,5942,6293,6332,6914,7204,7452,7705,7712,7720,16,7759,7907],"class_list":["post-4226","post","type-post","status-publish","format-standard","has-post-thumbnail","category-noticias-musicales","tag-artista","tag-artistas","tag-camilo","tag-cancion","tag-cantante","tag-casa","tag-colombia","tag-colombiano","tag-concierto","tag-concierto-virtual","tag-especial","tag-esposa","tag-estrenar","tag-evaluna","tag-evaluna-montaner","tag-exito","tag-familia","tag-fans","tag-grammys-latinos","tag-hit","tag-home","tag-instagram","tag-la-tribu","tag-lanza","tag-lanzan","tag-musica","tag-new","tag-new-single","tag-nominaciones","tag-nueva","tag-nueva-cancion","tag-nuevo","tag-nuevo-tema","tag-ofrecio","tag-por-primera-vez","tag-premiacion","tag-premios","tag-reciente","tag-redes-sociales","tag-single","tag-tema","tag-tribu","tag-vida-de-rico","tag-video","tag-videoclip","tag-viral","tag-virtual","tag-youtube"],"_links":{"self":[{"href":"https:\/\/starsworldproduction.com\/web\/wp-json\/wp\/v2\/posts\/4226","targetHints":{"allow":["GET"]}}],"collection":[{"href":"https:\/\/starsworldproduction.com\/web\/wp-json\/wp\/v2\/posts"}],"about":[{"href":"https:\/\/starsworldproduction.com\/web\/wp-json\/wp\/v2\/types\/post"}],"author":[{"embeddable":true,"href":"https:\/\/starsworldproduction.com\/web\/wp-json\/wp\/v2\/users\/1"}],"replies":[{"embeddable":true,"href":"https:\/\/starsworldproduction.com\/web\/wp-json\/wp\/v2\/comments?post=4226"}],"version-history":[{"count":0,"href":"https:\/\/starsworldproduction.com\/web\/wp-json\/wp\/v2\/posts\/4226\/revisions"}],"wp:featuredmedia":[{"embeddable":true,"href":"https:\/\/starsworldproduction.com\/web\/wp-json\/wp\/v2\/media\/4227"}],"wp:attachment":[{"href":"https:\/\/starsworldproduction.com\/web\/wp-json\/wp\/v2\/media?parent=4226"}],"wp:term":[{"taxonomy":"category","embeddable":true,"href":"https:\/\/starsworldproduction.com\/web\/wp-json\/wp\/v2\/categories?post=4226"},{"taxonomy":"post_tag","embeddable":true,"href":"https:\/\/starsworldproduction.com\/web\/wp-json\/wp\/v2\/tags?post=4226"}],"curies":[{"name":"wp","href":"https:\/\/api.w.org\/{rel}","templated":true}]}}