{"id":4241,"date":"2020-10-08T13:55:44","date_gmt":"2020-10-08T13:55:44","guid":{"rendered":"https:\/\/www.starsworldproduction.com\/?p=4241"},"modified":"2020-10-08T13:55:44","modified_gmt":"2020-10-08T13:55:44","slug":"llane-nos-presenta-sera-nuevo-lanzamiento-musical","status":"publish","type":"post","link":"https:\/\/starsworldproduction.com\/web\/2020\/10\/08\/llane-nos-presenta-sera-nuevo-lanzamiento-musical\/","title":{"rendered":"Llane nos presenta \u201cSer\u00e1\u201d su nuevo lanzamiento musical"},"content":{"rendered":"<p style=\"text-align: justify;\">En medio de un movido 2020 en donde no solo ha lanzado m\u00fasica propia si no tambi\u00e9n ha participado como invitado en diferentes \u00e9xitos internacionales, el cantante y compositor colombiano\u00a0Llane, nos presenta \u201cSer\u00e1\u201d, su nuevo single que cuenta con la colaboraci\u00f3n de su compatriota\u00a0Manuel Turizo.<\/p>\n<p class=\"story-contents__font-paragraph \" style=\"text-align: justify;\">Este tema, seg\u00fan Llane, nace desde el arrepentimiento, de abrir el coraz\u00f3n de verdad, aceptar la culpa y pedirle perd\u00f3n a esa persona que lastimamos en un momento de ira. Surge de preguntarnos si algo ser\u00eda diferente si hubi\u00e9ramos actuado de manera distinta; de preguntarnos<\/p>\n<p class=\"story-contents__font-paragraph \" style=\"text-align: justify;\">\u00bfQu\u00e9 pasar\u00eda si nos alejamos de esa persona que amamos y todo se acabara para siempre por un error?<\/p>\n<p class=\"story-contents__font-paragraph \" style=\"text-align: justify;\">Coment\u00f3 Llane sobre este gran lanzamiento:<\/p>\n<p class=\"story-contents__font-paragraph \" style=\"text-align: justify;\">\u201cEsta es definitivamente una de mis canciones favoritas, tanto su letra y su flow tienen una vibra diferente\u00a0que te hace moverte y sentirla desde el primer momento en que la escuchas\u00bb,<\/p>\n<p class=\"story-contents__font-paragraph \" style=\"text-align: justify;\">\u201cDesde que hice la primera maqueta ya sent\u00eda la necesidad de lanzarla y cuando se la mostr\u00e9 a Manuel le encant\u00f3 la idea de participar,\u00a0as\u00ed que sin pensarlo dos veces la grabamos y siento que la estamos presentando al p\u00fablico en el momento perfecto\u201d,\u00a0agreg\u00f3.<\/p>\n<div id=\"gpt_caja4\" style=\"text-align: justify;\" data-ads-name=\"\/28253241\/elcomercio\/web\/post\/luces\/caja4\" data-ads-dimensions-m=\"[[300, 100], [320, 50], [300, 50], [320, 100], [300, 250]]\" data-prebid-enabled=\"true\">\u00a0Esta canci\u00f3n fue compuesta por los mismos Llane y Manuel Turizo, en colaboraci\u00f3n con:<\/div>\n<div style=\"text-align: justify;\" data-ads-name=\"\/28253241\/elcomercio\/web\/post\/luces\/caja4\" data-ads-dimensions-m=\"[[300, 100], [320, 50], [300, 50], [320, 100], [300, 250]]\" data-prebid-enabled=\"true\">Alex AC.<\/div>\n<div style=\"text-align: justify;\" data-ads-name=\"\/28253241\/elcomercio\/web\/post\/luces\/caja4\" data-ads-dimensions-m=\"[[300, 100], [320, 50], [300, 50], [320, 100], [300, 250]]\" data-prebid-enabled=\"true\">Caleb Calloway.<\/div>\n<div style=\"text-align: justify;\" data-ads-name=\"\/28253241\/elcomercio\/web\/post\/luces\/caja4\" data-ads-dimensions-m=\"[[300, 100], [320, 50], [300, 50], [320, 100], [300, 250]]\" data-prebid-enabled=\"true\">Luis Figueroa.<\/div>\n<div style=\"text-align: justify;\" data-ads-name=\"\/28253241\/elcomercio\/web\/post\/luces\/caja4\" data-ads-dimensions-m=\"[[300, 100], [320, 50], [300, 50], [320, 100], [300, 250]]\" data-prebid-enabled=\"true\">F\u00e9lix Lara.<\/div>\n<div style=\"text-align: justify;\" data-ads-name=\"\/28253241\/elcomercio\/web\/post\/luces\/caja4\" data-ads-dimensions-m=\"[[300, 100], [320, 50], [300, 50], [320, 100], [300, 250]]\" data-prebid-enabled=\"true\"><\/div>\n<div style=\"text-align: justify;\" data-ads-name=\"\/28253241\/elcomercio\/web\/post\/luces\/caja4\" data-ads-dimensions-m=\"[[300, 100], [320, 50], [300, 50], [320, 100], [300, 250]]\" data-prebid-enabled=\"true\">Cuenta con la impecable producci\u00f3n de:<\/div>\n<div style=\"text-align: justify;\" data-ads-name=\"\/28253241\/elcomercio\/web\/post\/luces\/caja4\" data-ads-dimensions-m=\"[[300, 100], [320, 50], [300, 50], [320, 100], [300, 250]]\" data-prebid-enabled=\"true\">Albert Hype.<\/div>\n<div style=\"text-align: justify;\" data-ads-name=\"\/28253241\/elcomercio\/web\/post\/luces\/caja4\" data-ads-dimensions-m=\"[[300, 100], [320, 50], [300, 50], [320, 100], [300, 250]]\" data-prebid-enabled=\"true\">Jota Rosa (Bad Bunny)<\/div>\n<div style=\"text-align: justify;\" data-ads-name=\"\/28253241\/elcomercio\/web\/post\/luces\/caja4\" data-ads-dimensions-m=\"[[300, 100], [320, 50], [300, 50], [320, 100], [300, 250]]\" data-prebid-enabled=\"true\">Quienes le dieron fuerza al single con un beat que lo convertir\u00e1 en todo un hit global.<\/div>\n<p class=\"story-contents__font-paragraph \" style=\"text-align: justify;\">El lanzamiento de \u201cSer\u00e1\u201d llega acompa\u00f1ado del estreno de su videoclip que ya est\u00e1 disponible en YouTube\u00a0y que fue filmado en la ciudad de Miami bajo la direcci\u00f3n de Fernando Lugo, quien ha trabajado con artistas de la talla de:<\/p>\n<ul style=\"text-align: justify;\">\n<li class=\"story-contents__font-paragraph \">Daddy Yankee.<\/li>\n<li class=\"story-contents__font-paragraph \">Enrique Iglesias.<\/li>\n<li class=\"story-contents__font-paragraph \">Bad Bunny.<\/li>\n<\/ul>\n<h4 class=\"story-contents__font-paragraph \" style=\"text-align: justify;\"><strong>As\u00ed que mira el video completo aqu\u00ed:<\/strong><\/h4>\n<p><iframe loading=\"lazy\" src=\"https:\/\/www.youtube.com\/embed\/7YGFOzvJNQM\" width=\"560\" height=\"315\" frameborder=\"0\" allowfullscreen=\"allowfullscreen\"><\/iframe><\/p>\n<p class=\"story-contents__font-paragraph \" style=\"text-align: justify;\">En las im\u00e1genes, los artistas aparecen arrepentidos hasta las l\u00e1grimas y cant\u00e1ndole desde el coraz\u00f3n a sus respectivas parejas,\u00a0pero tambi\u00e9n muestra tomas de m\u00e1gicos amaneceres en Miami y algunas escenas especiales grabadas bajo el agua que se roban por momentos el protagonismo del clip.<\/p>\n<p class=\"story-contents__font-paragraph \" style=\"text-align: justify;\">Paralelo al lanzamiento de \u201cSer\u00e1\u201d, Llane -qui\u00e9n se present\u00f3 en vivo y con gran con \u00e9xito en la pasada edici\u00f3n de los premios Juventud 2020- es actualmente uno de los artistas invitados a participar en la nueva edici\u00f3n del programa:<\/p>\n<p class=\"story-contents__font-paragraph \" style=\"text-align: justify;\">-\u201cTu cara me suena\u201d de Univisi\u00f3n en USA.<\/p>\n<p class=\"story-contents__font-paragraph \" style=\"text-align: justify;\">Adem\u00e1s de ser un artista en constante y continuo crecimiento,\u00a0Llane prepara el lanzamiento de lo que ser\u00e1 su primer \u00e1lbum como solista, programado para ver la luz en 2021\u00a0y sigue activo en todas sus canales al punto que su canal de YouTube supera:<\/p>\n<p class=\"story-contents__font-paragraph \" style=\"text-align: justify;\">-31 millones de visitas y suma m\u00e1s de 50 millones de streams en Spotify.<\/p>\n<p class=\"story-contents__font-paragraph \" style=\"text-align: justify;\">\n<p class=\"story-contents__font-paragraph \" style=\"text-align: justify;\">\n<p class=\"story-contents__font-paragraph \" style=\"text-align: justify;\">\n","protected":false},"excerpt":{"rendered":"<p>En medio de un movido 2020 en donde no solo ha lanzado m\u00fasica propia si no tambi\u00e9n ha participado como invitado en diferentes \u00e9xitos internacionales, el cantante y compositor colombiano\u00a0Llane, nos presenta \u201cSer\u00e1\u201d, su nuevo single que cuenta con la colaboraci\u00f3n de su compatriota\u00a0Manuel Turizo. Este tema, seg\u00fan Llane, nace desde el arrepentimiento, de abrir [&hellip;]<\/p>\n","protected":false},"author":1,"featured_media":4242,"comment_status":"open","ping_status":"open","sticky":false,"template":"","format":"standard","meta":{"footnotes":""},"categories":[121],"tags":[1373,1420,1733,1767,1771,1772,2846,2914,3524,3744,4040,4256,4261,4331,4468,4684,5141,5246,5252,5396,5399,5421,5444,6332,6811,6914,7204,7566,7712,7720,16,7907],"class_list":["post-4241","post","type-post","status-publish","format-standard","has-post-thumbnail","category-noticias-musicales","tag-cancion","tag-cantantes","tag-colaboracion","tag-colombia","tag-colombiano","tag-colombianos","tag-estrenar","tag-exito","tag-hit","tag-instagram","tag-junto","tag-lanza","tag-lanzan","tag-latinos","tag-llane","tag-manuel-turizo","tag-musica","tag-new","tag-new-single","tag-nueva","tag-nueva-cancion","tag-nuevo","tag-nuevo-tema","tag-redes-sociales","tag-sera","tag-single","tag-tema","tag-union","tag-video","tag-videoclip","tag-viral","tag-youtube"],"_links":{"self":[{"href":"https:\/\/starsworldproduction.com\/web\/wp-json\/wp\/v2\/posts\/4241","targetHints":{"allow":["GET"]}}],"collection":[{"href":"https:\/\/starsworldproduction.com\/web\/wp-json\/wp\/v2\/posts"}],"about":[{"href":"https:\/\/starsworldproduction.com\/web\/wp-json\/wp\/v2\/types\/post"}],"author":[{"embeddable":true,"href":"https:\/\/starsworldproduction.com\/web\/wp-json\/wp\/v2\/users\/1"}],"replies":[{"embeddable":true,"href":"https:\/\/starsworldproduction.com\/web\/wp-json\/wp\/v2\/comments?post=4241"}],"version-history":[{"count":0,"href":"https:\/\/starsworldproduction.com\/web\/wp-json\/wp\/v2\/posts\/4241\/revisions"}],"wp:featuredmedia":[{"embeddable":true,"href":"https:\/\/starsworldproduction.com\/web\/wp-json\/wp\/v2\/media\/4242"}],"wp:attachment":[{"href":"https:\/\/starsworldproduction.com\/web\/wp-json\/wp\/v2\/media?parent=4241"}],"wp:term":[{"taxonomy":"category","embeddable":true,"href":"https:\/\/starsworldproduction.com\/web\/wp-json\/wp\/v2\/categories?post=4241"},{"taxonomy":"post_tag","embeddable":true,"href":"https:\/\/starsworldproduction.com\/web\/wp-json\/wp\/v2\/tags?post=4241"}],"curies":[{"name":"wp","href":"https:\/\/api.w.org\/{rel}","templated":true}]}}