{"id":4316,"date":"2020-10-26T14:00:24","date_gmt":"2020-10-26T14:00:24","guid":{"rendered":"https:\/\/www.starsworldproduction.com\/?p=4316"},"modified":"2020-10-26T14:00:24","modified_gmt":"2020-10-26T14:00:24","slug":"raphael-prepara-nuevo-disco-concierto-especial-60-anos-carrera-artistica","status":"publish","type":"post","link":"https:\/\/starsworldproduction.com\/web\/2020\/10\/26\/raphael-prepara-nuevo-disco-concierto-especial-60-anos-carrera-artistica\/","title":{"rendered":"Raphael prepara nuevo disco y concierto especial por sus 60 a\u00f1os de carrera art\u00edstica"},"content":{"rendered":"<p style=\"text-align: justify;\">El cantante espa\u00f1ol\u00a0Raphael\u00a0publicar\u00e1 un nuevo disco de duetos con todas las canciones que siempre ha querido grabar en noviembre y realizar\u00e1 un gran concierto en diciembre, a modo de celebraci\u00f3n por sus 60 a\u00f1os de carrera art\u00edstica.<\/p>\n<p style=\"text-align: justify;\">El \u2018Divo de Linares\u2019 dio a conocer la noticia a trav\u00e9s de un video que comparti\u00f3 en su cuenta oficial de Instagram. En el clip, el artista detalla que su regreso a los escenarios se llevar\u00e1 a cabo el pr\u00f3ximo:<\/p>\n<p style=\"text-align: justify;\">-19 de diciembre en un show en el WiZink Center de Madrid (Espa\u00f1a).<\/p>\n<p style=\"text-align: justify;\">Raphael escribi\u00f3 en sus redes sociales que:<\/p>\n<p style=\"text-align: justify;\">\u201c(&#8230;) Les dec\u00eda que tras muchos a\u00f1os de intensa y grandiosa carrera he decidido celebrar por todo lo alto mi 60 aniversario sobre los escenarios. \u00bfC\u00f3mo? Con una nueva versi\u00f3n de mi mismo: \u2018Raphael 6.0\u2019. A este cumplea\u00f1os vais a poder asistir todos\u201d.<\/p>\n<p class=\"story-contents__font-paragraph \" style=\"text-align: justify;\">Asimismo, el nuevo \u00e1lbum del cantante, quien es considerado uno de los precursores de la balada rom\u00e1ntica en Espa\u00f1a y habla hispana, estar\u00e1 disponible desde el 27 de noviembre y tendr\u00e1 como invitados a:<\/p>\n<ul style=\"text-align: justify;\">\n<li class=\"story-contents__font-paragraph \">Luis Fonsi.<\/li>\n<li class=\"story-contents__font-paragraph \">Manuel Carrasco.<\/li>\n<li class=\"story-contents__font-paragraph \">Vanesa Mart\u00edn.<\/li>\n<li class=\"story-contents__font-paragraph \">Gloria Trevi.<\/li>\n<li class=\"story-contents__font-paragraph \">Pablo Albor\u00e1n.<\/li>\n<li class=\"story-contents__font-paragraph \">Alejandro Fern\u00e1ndez.<\/li>\n<\/ul>\n<div id=\"gpt_caja4\" style=\"text-align: justify;\" data-ads-name=\"\/28253241\/elcomercio\/web\/post\/luces\/caja4\" data-ads-dimensions-m=\"[[300, 100], [320, 50], [300, 50], [320, 100], [300, 250]]\" data-bloque=\"3\" data-prebid-enabled=\"true\"><\/div>\n<p class=\"story-contents__font-paragraph \" style=\"text-align: justify;\">En ese sentido, los seguidores de Raphael ya pueden disfrutar la primera de estas colaboraciones, la cual la realiz\u00f3 junto a su compatriota:<\/p>\n<p class=\"story-contents__font-paragraph \" style=\"text-align: justify;\">Manuel Carrasco,<\/p>\n<p class=\"story-contents__font-paragraph \" style=\"text-align: justify;\">Quien salt\u00f3 a la fama tras su participaci\u00f3n en el segunda edici\u00f3n del \u2018reality\u2019 espa\u00f1ol \u201cOperaci\u00f3n Triunfo\u201d.<\/p>\n<p class=\"story-contents__font-paragraph \" style=\"text-align: justify;\">Adem\u00e1s que se trata de una nueva versi\u00f3n de:<\/p>\n<p class=\"story-contents__font-paragraph \" style=\"text-align: justify;\">-\u201cMe olvid\u00e9 de vivir\u201d.<\/p>\n<p class=\"story-contents__font-paragraph \" style=\"text-align: justify;\">Una adaptaci\u00f3n hecha por Julio Iglesias de un tema franc\u00e9s grabado por primera vez por Johnny Hallyday y que alcanz\u00f3 la fama en 1978.<\/p>\n<p class=\"story-contents__font-paragraph \" style=\"text-align: justify;\">Finalmente\u00a0el videoclip est\u00e1 disponible en YouTube donde podemos ver c\u00f3mo fue el proceso de grabaci\u00f3n.<\/p>\n<h4 class=\"story-contents__font-paragraph \" style=\"text-align: justify;\"><strong>As\u00ed que mira el video completo aqu\u00ed:<\/strong><\/h4>\n<p><iframe loading=\"lazy\" src=\"https:\/\/www.youtube.com\/embed\/RRTylPXWjk8\" width=\"560\" height=\"315\" frameborder=\"0\" allowfullscreen=\"allowfullscreen\"><\/iframe><\/p>\n<p>&nbsp;<\/p>\n<p>&nbsp;<\/p>\n<p>&nbsp;<\/p>\n<p>&nbsp;<\/p>\n","protected":false},"excerpt":{"rendered":"<p>El cantante espa\u00f1ol\u00a0Raphael\u00a0publicar\u00e1 un nuevo disco de duetos con todas las canciones que siempre ha querido grabar en noviembre y realizar\u00e1 un gran concierto en diciembre, a modo de celebraci\u00f3n por sus 60 a\u00f1os de carrera art\u00edstica. El \u2018Divo de Linares\u2019 dio a conocer la noticia a trav\u00e9s de un video que comparti\u00f3 en su [&hellip;]<\/p>\n","protected":false},"author":1,"featured_media":4318,"comment_status":"open","ping_status":"open","sticky":false,"template":"","format":"standard","meta":{"footnotes":""},"categories":[121],"tags":[362,533,741,1003,1403,1497,1855,2289,2771,2877,2906,2914,3524,3744,5161,5426,5463,6255,6309,6332,6914,7438,16],"class_list":["post-4316","post","type-post","status-publish","format-standard","has-post-thumbnail","category-noticias-musicales","tag-60-anos","tag-album","tag-anos","tag-baladas","tag-cantante","tag-carrera","tag-concierto","tag-disco","tag-especial","tag-evento","tag-excelencia","tag-exito","tag-hit","tag-instagram","tag-musical","tag-nuevo-disco","tag-nwe-single","tag-raphael","tag-reconocimiento","tag-redes-sociales","tag-single","tag-trayectoria","tag-viral"],"_links":{"self":[{"href":"https:\/\/starsworldproduction.com\/web\/wp-json\/wp\/v2\/posts\/4316","targetHints":{"allow":["GET"]}}],"collection":[{"href":"https:\/\/starsworldproduction.com\/web\/wp-json\/wp\/v2\/posts"}],"about":[{"href":"https:\/\/starsworldproduction.com\/web\/wp-json\/wp\/v2\/types\/post"}],"author":[{"embeddable":true,"href":"https:\/\/starsworldproduction.com\/web\/wp-json\/wp\/v2\/users\/1"}],"replies":[{"embeddable":true,"href":"https:\/\/starsworldproduction.com\/web\/wp-json\/wp\/v2\/comments?post=4316"}],"version-history":[{"count":0,"href":"https:\/\/starsworldproduction.com\/web\/wp-json\/wp\/v2\/posts\/4316\/revisions"}],"wp:featuredmedia":[{"embeddable":true,"href":"https:\/\/starsworldproduction.com\/web\/wp-json\/wp\/v2\/media\/4318"}],"wp:attachment":[{"href":"https:\/\/starsworldproduction.com\/web\/wp-json\/wp\/v2\/media?parent=4316"}],"wp:term":[{"taxonomy":"category","embeddable":true,"href":"https:\/\/starsworldproduction.com\/web\/wp-json\/wp\/v2\/categories?post=4316"},{"taxonomy":"post_tag","embeddable":true,"href":"https:\/\/starsworldproduction.com\/web\/wp-json\/wp\/v2\/tags?post=4316"}],"curies":[{"name":"wp","href":"https:\/\/api.w.org\/{rel}","templated":true}]}}